{"id":15571,"date":"2020-11-30T09:55:44","date_gmt":"2020-11-30T07:55:44","guid":{"rendered":"http:\/\/bisbalpenedes.com\/web\/?p=15571"},"modified":"2020-11-30T09:55:44","modified_gmt":"2020-11-30T07:55:44","slug":"el-dimarts-1-de-desembre-a-les-19h-tertulia-en-el-marc-de-biblioteques-amb-d-o","status":"publish","type":"post","link":"https:\/\/bisbalpenedes.com\/web\/2020\/11\/30\/el-dimarts-1-de-desembre-a-les-19h-tertulia-en-el-marc-de-biblioteques-amb-d-o\/","title":{"rendered":"El dimarts 1 de desembre a les 19h: tert\u00falia en el marc de Biblioteques amb D.O."},"content":{"rendered":"<p style=\"text-align: justify;\"><span style=\"color: #000000;\">La Biblioteca p\u00fablica de la Bisbal del Pened\u00e8s s\u2019adhereix, un any m\u00e9s, al cicle d\u2019activitats Biblioteques amb DO. Dem\u00e0 dimarts 1 de desembre, a les 19h, tindr\u00e0 lloc una tert\u00falia: \u201cVi entre amigues: tert\u00falia sobre literatura, erotisme i sexualitat\u201d. L\u2019activitat es far\u00e0 en l\u00ednia, via l\u2019aplicaci\u00f3 Zoom, i cal inscriure-s\u2019hi pr\u00e8viament a la Biblioteca, tant presencialment com per correu electr\u00f2nic: <a style=\"color: #000000;\" href=\"mailto:biblioteca@bisbalpenedes.com\">biblioteca@bisbalpenedes.com<\/a><\/span><\/p>\n<hr \/>\n<p style=\"text-align: justify;\"><span style=\"color: #000000;\"><strong>CASTELLANO |<\/strong> La Biblioteca p\u00fablica de la Bisbal del Pened\u00e8s se adhiere, un a\u00f1o m\u00e1s, al ciclo de actividades Biblioteques amb DO. Ma\u00f1ana martes 1 de diciembre, a las 19h, tendr\u00e1 lugar una tertulia: \u201cVino entre amigas: tertulia sobre literatura, erotismo y sexualidad\u201d. La actividad se har\u00e1 en l\u00ednea, v\u00eda la aplicaci\u00f3n Zoom, y hay que inscribirse previamente en la Biblioteca, tanto presencialmente como por correo electr\u00f3nico: <a style=\"color: #000000;\" href=\"mailto:biblioteca@bisbalpenedes.com\">biblioteca@bisbalpenedes.com<\/a><\/span><\/p>\n<p style=\"text-align: justify;\"><a href=\"http:\/\/bisbalpenedes.com\/web\/wp-content\/uploads\/2020\/11\/Biblioteques-amb-DO-2020_page-0001.jpg\"><img loading=\"lazy\" class=\"aligncenter size-large wp-image-15573\" src=\"http:\/\/bisbalpenedes.com\/web\/wp-content\/uploads\/2020\/11\/Biblioteques-amb-DO-2020_page-0001-724x1024.jpg\" alt=\"Biblioteques amb DO 2020_page-0001\" width=\"630\" height=\"891\" srcset=\"https:\/\/bisbalpenedes.com\/web\/wp-content\/uploads\/2020\/11\/Biblioteques-amb-DO-2020_page-0001-724x1024.jpg 724w, https:\/\/bisbalpenedes.com\/web\/wp-content\/uploads\/2020\/11\/Biblioteques-amb-DO-2020_page-0001-600x849.jpg 600w, https:\/\/bisbalpenedes.com\/web\/wp-content\/uploads\/2020\/11\/Biblioteques-amb-DO-2020_page-0001-212x300.jpg 212w, https:\/\/bisbalpenedes.com\/web\/wp-content\/uploads\/2020\/11\/Biblioteques-amb-DO-2020_page-0001-768x1086.jpg 768w, https:\/\/bisbalpenedes.com\/web\/wp-content\/uploads\/2020\/11\/Biblioteques-amb-DO-2020_page-0001-scaled.jpg 1810w\" sizes=\"(max-width: 630px) 100vw, 630px\" \/><\/a><\/p>\n","protected":false},"excerpt":{"rendered":"<p>La Biblioteca p\u00fablica de la Bisbal del Pened\u00e8s s\u2019adhereix, un any m\u00e9s, al cicle d\u2019activitats Biblioteques amb DO. Dem\u00e0 dimarts 1 de desembre, a les 19h, tindr\u00e0 lloc una tert\u00falia: &hellip; <a href=\"https:\/\/bisbalpenedes.com\/web\/2020\/11\/30\/el-dimarts-1-de-desembre-a-les-19h-tertulia-en-el-marc-de-biblioteques-amb-d-o\/\" class=\"more-link\">Read More<\/a><\/p>\n","protected":false},"author":4,"featured_media":15573,"comment_status":"closed","ping_status":"closed","sticky":false,"template":"","format":"standard","meta":[],"categories":[2942,13,8],"tags":[3207,3334],"_links":{"self":[{"href":"https:\/\/bisbalpenedes.com\/web\/wp-json\/wp\/v2\/posts\/15571"}],"collection":[{"href":"https:\/\/bisbalpenedes.com\/web\/wp-json\/wp\/v2\/posts"}],"about":[{"href":"https:\/\/bisbalpenedes.com\/web\/wp-json\/wp\/v2\/types\/post"}],"author":[{"embeddable":true,"href":"https:\/\/bisbalpenedes.com\/web\/wp-json\/wp\/v2\/users\/4"}],"replies":[{"embeddable":true,"href":"https:\/\/bisbalpenedes.com\/web\/wp-json\/wp\/v2\/comments?post=15571"}],"version-history":[{"count":1,"href":"https:\/\/bisbalpenedes.com\/web\/wp-json\/wp\/v2\/posts\/15571\/revisions"}],"predecessor-version":[{"id":15574,"href":"https:\/\/bisbalpenedes.com\/web\/wp-json\/wp\/v2\/posts\/15571\/revisions\/15574"}],"wp:featuredmedia":[{"embeddable":true,"href":"https:\/\/bisbalpenedes.com\/web\/wp-json\/wp\/v2\/media\/15573"}],"wp:attachment":[{"href":"https:\/\/bisbalpenedes.com\/web\/wp-json\/wp\/v2\/media?parent=15571"}],"wp:term":[{"taxonomy":"category","embeddable":true,"href":"https:\/\/bisbalpenedes.com\/web\/wp-json\/wp\/v2\/categories?post=15571"},{"taxonomy":"post_tag","embeddable":true,"href":"https:\/\/bisbalpenedes.com\/web\/wp-json\/wp\/v2\/tags?post=15571"}],"curies":[{"name":"wp","href":"https:\/\/api.w.org\/{rel}","templated":true}]}}