{"id":15566,"date":"2020-11-30T09:35:40","date_gmt":"2020-11-30T07:35:40","guid":{"rendered":"http:\/\/bisbalpenedes.com\/web\/?p=15566"},"modified":"2020-11-30T09:37:24","modified_gmt":"2020-11-30T07:37:24","slug":"la-biblioteca-publica-ha-organitzat-diverses-activitats-en-el-marc-de-lany-joan-perucho","status":"publish","type":"post","link":"https:\/\/bisbalpenedes.com\/web\/2020\/11\/30\/la-biblioteca-publica-ha-organitzat-diverses-activitats-en-el-marc-de-lany-joan-perucho\/","title":{"rendered":"La Biblioteca p\u00fablica ha organitzat diverses activitats en el marc de l&#8217;Any Joan Perucho"},"content":{"rendered":"<p style=\"text-align: justify;\"><span style=\"color: #000000;\">La Biblioteca p\u00fablica de la Bisbal del Pened\u00e8s tira endavant diverses activitats en el marc de l\u2019<a style=\"color: #000000;\" href=\"https:\/\/cultura.gencat.cat\/ca\/temes\/commemoracions\/2020\/anyjoanperucho\/inici\/\">Any Joan Perucho<\/a>.<\/span><\/p>\n<p style=\"text-align: justify;\"><span style=\"color: #000000;\">Del 2 al 18 de desembre podreu visitar, a la Biblioteca p\u00fablica, l\u2019exposici\u00f3 itinerant \u201cJoan Perucho, creaci\u00f3, imaginaci\u00f3 i bon gust\u201d; una mostra itinerant que repassa totes les facetes de Perucho: poeta, autor de novel\u00b7les d\u2019aventures, cr\u00edtic d\u2019art, gastr\u00f2nom, <em>bon vivant<\/em> i escriptor de diari. L\u2019exposici\u00f3 es podr\u00e0 visitar en horari de tardes.<\/span><\/p>\n<p style=\"text-align: justify;\"><span style=\"color: #000000;\">Aquest dimecres 2 de desembre, a partir de les 18h, es far\u00e0 un escape room virtual adre\u00e7at a joves d\u201911 a 16 anys. Aquesta activitat estar\u00e0 basada en el llibre \u201cLlibre de cavalleries\u201d de Joan Perucho i consistir\u00e0 en resoldre puzles, laberints, enigmes i altres enginys. Per participar-hi no \u00e9s necessari haver-se llegit pr\u00e8viament la novel\u00b7la. Cal inscriure-s\u2019hi pr\u00e8viament, per rebre l\u2019acc\u00e9s a l\u2019activitat, enviant un correu electr\u00f2nic a <a style=\"color: #000000;\" href=\"mailto:biblioteca@bisbalpenedes.com\">biblioteca@bisbalpenedes.com<\/a><\/span><\/p>\n<p style=\"text-align: justify;\"><span style=\"color: #000000;\">Paral\u00b7lelament a les activitats, a la Biblioteca trobareu un expositor amb llibres d\u2019aquest autor, estretament lligat amb el municipi d\u2019Albinyana.<\/span><\/p>\n<hr \/>\n<p style=\"text-align: justify;\"><span style=\"color: #000000;\"><strong>CASTELLANO |<\/strong> La Biblioteca p\u00fablica de la Bisbal del Pened\u00e8s lleva a cabo varias actividades en el marco del A<a style=\"color: #000000;\" href=\"https:\/\/cultura.gencat.cat\/ca\/temes\/commemoracions\/2020\/anyjoanperucho\/inici\/\">\u00f1o Joan Perucho.<\/a><\/span><\/p>\n<p style=\"text-align: justify;\"><span style=\"color: #000000;\">Del 2 al 18 de diciembre podr\u00e9is visitar, en la Biblioteca p\u00fablica, la exposici\u00f3n itinerante \u201cJoan Perucho, creaci\u00f3n, imaginaci\u00f3n y buen gusto\u201d; una muestra itinerante que repasa todas las facetas de Perucho: poeta, autor de novelas de aventuras, cr\u00edtico de arte, gastr\u00f3nomo, bon vivant y escritor de diario. La exposici\u00f3n se podr\u00e1 visitar en horario de tardes.<\/span><\/p>\n<p style=\"text-align: justify;\"><span style=\"color: #000000;\">Este mi\u00e9rcoles 2 de diciembre, a partir de las 18h, se har\u00e1 un escape room virtual dirigido a j\u00f3venes de 11 a 16 a\u00f1os. Esta actividad estar\u00e1 basada en el libro \u201cLlibre de cavalleries\u201d de Joan Perucho y consistir\u00e1 en resolver puzzles, laberintos, enigmas y otros ingenios. Para participar en la actividad no es necesario haber le\u00eddo previamente la novela. Hay que apuntarse previamente, para recibir el acceso a la actividad, mandando un correo electr\u00f3nico a <a style=\"color: #000000;\" href=\"mailto:biblioteca@bisbalpenedes.com\">biblioteca@bisbalpenedes.com<\/a><\/span><\/p>\n<p style=\"text-align: justify;\"><span style=\"color: #000000;\">Paralelamente a las actividades, en la Biblioteca encontrar\u00e9is un expositor con libros de este autor, estrechamente ligado con el municipio de Albinyana.<\/span><\/p>\n<p style=\"text-align: justify;\"><a href=\"http:\/\/bisbalpenedes.com\/web\/wp-content\/uploads\/2020\/11\/cartell-mes-joan-perucho-bisbal.png\"><img loading=\"lazy\" class=\"aligncenter size-large wp-image-15567\" src=\"http:\/\/bisbalpenedes.com\/web\/wp-content\/uploads\/2020\/11\/cartell-mes-joan-perucho-bisbal-642x1024.png\" alt=\"cartell mes joan perucho bisbal\" width=\"630\" height=\"1005\" srcset=\"https:\/\/bisbalpenedes.com\/web\/wp-content\/uploads\/2020\/11\/cartell-mes-joan-perucho-bisbal-642x1024.png 642w, https:\/\/bisbalpenedes.com\/web\/wp-content\/uploads\/2020\/11\/cartell-mes-joan-perucho-bisbal-600x957.png 600w, https:\/\/bisbalpenedes.com\/web\/wp-content\/uploads\/2020\/11\/cartell-mes-joan-perucho-bisbal-188x300.png 188w, https:\/\/bisbalpenedes.com\/web\/wp-content\/uploads\/2020\/11\/cartell-mes-joan-perucho-bisbal-768x1226.png 768w, https:\/\/bisbalpenedes.com\/web\/wp-content\/uploads\/2020\/11\/cartell-mes-joan-perucho-bisbal.png 1410w\" sizes=\"(max-width: 630px) 100vw, 630px\" \/><\/a><\/p>\n<p style=\"text-align: justify;\">\n","protected":false},"excerpt":{"rendered":"<p>La Biblioteca p\u00fablica de la Bisbal del Pened\u00e8s tira endavant diverses activitats en el marc de l\u2019Any Joan Perucho. Del 2 al 18 de desembre podreu visitar, a la Biblioteca &hellip; <a href=\"https:\/\/bisbalpenedes.com\/web\/2020\/11\/30\/la-biblioteca-publica-ha-organitzat-diverses-activitats-en-el-marc-de-lany-joan-perucho\/\" class=\"more-link\">Read More<\/a><\/p>\n","protected":false},"author":4,"featured_media":15567,"comment_status":"closed","ping_status":"closed","sticky":false,"template":"","format":"standard","meta":[],"categories":[13,8],"tags":[1840,3207,4240,86,4239,393],"_links":{"self":[{"href":"https:\/\/bisbalpenedes.com\/web\/wp-json\/wp\/v2\/posts\/15566"}],"collection":[{"href":"https:\/\/bisbalpenedes.com\/web\/wp-json\/wp\/v2\/posts"}],"about":[{"href":"https:\/\/bisbalpenedes.com\/web\/wp-json\/wp\/v2\/types\/post"}],"author":[{"embeddable":true,"href":"https:\/\/bisbalpenedes.com\/web\/wp-json\/wp\/v2\/users\/4"}],"replies":[{"embeddable":true,"href":"https:\/\/bisbalpenedes.com\/web\/wp-json\/wp\/v2\/comments?post=15566"}],"version-history":[{"count":3,"href":"https:\/\/bisbalpenedes.com\/web\/wp-json\/wp\/v2\/posts\/15566\/revisions"}],"predecessor-version":[{"id":15570,"href":"https:\/\/bisbalpenedes.com\/web\/wp-json\/wp\/v2\/posts\/15566\/revisions\/15570"}],"wp:featuredmedia":[{"embeddable":true,"href":"https:\/\/bisbalpenedes.com\/web\/wp-json\/wp\/v2\/media\/15567"}],"wp:attachment":[{"href":"https:\/\/bisbalpenedes.com\/web\/wp-json\/wp\/v2\/media?parent=15566"}],"wp:term":[{"taxonomy":"category","embeddable":true,"href":"https:\/\/bisbalpenedes.com\/web\/wp-json\/wp\/v2\/categories?post=15566"},{"taxonomy":"post_tag","embeddable":true,"href":"https:\/\/bisbalpenedes.com\/web\/wp-json\/wp\/v2\/tags?post=15566"}],"curies":[{"name":"wp","href":"https:\/\/api.w.org\/{rel}","templated":true}]}}