{"id":15559,"date":"2020-11-30T09:03:58","date_gmt":"2020-11-30T07:03:58","guid":{"rendered":"http:\/\/bisbalpenedes.com\/web\/?p=15559"},"modified":"2020-11-30T09:07:52","modified_gmt":"2020-11-30T07:07:52","slug":"la-junta-de-govern-aprova-ladhesio-de-lajuntament-de-la-bisbal-al-pla-agrupat-de-formacio-promogut-per-lacm","status":"publish","type":"post","link":"https:\/\/bisbalpenedes.com\/web\/2020\/11\/30\/la-junta-de-govern-aprova-ladhesio-de-lajuntament-de-la-bisbal-al-pla-agrupat-de-formacio-promogut-per-lacm\/","title":{"rendered":"La Junta de Govern aprova l&#8217;adhesi\u00f3 de l&#8217;Ajuntament de la Bisbal al Pla agrupat de formaci\u00f3 promogut per l\u2019ACM"},"content":{"rendered":"<p style=\"text-align: justify;\"><span style=\"color: #000000;\">La Junta de Govern del 23 de novembre de 2020 va aprovar, a petici\u00f3 d\u2019alcaldia, l\u2019adhesi\u00f3 de l\u2019Ajuntament de la Bisbal del Pened\u00e8s al Pla Agrupat, integrat per l\u2019Associaci\u00f3 Catalana de Municipis (ACM) i les Diputacions de Girona, Lleida i Tarragona en el marc de l\u2019Acord de Formaci\u00f3 pel treball de les Administracions P\u00fabliques (AFEDAP) i amb la col\u00b7laboraci\u00f3 dels consells comarcals de la demarcaci\u00f3 de Barcelona i les organitzacions sindicals Comissions Obreres (CCOO) i Uni\u00f3 General de Treballadors (UGT).<\/span><\/p>\n<p style=\"text-align: justify;\"><span style=\"color: #000000;\">L\u2019alcaldessa de la Bisbal del Pened\u00e8s, Agn\u00e8s Ferr\u00e9, ha explicat que \u201cen diverses taules de negociaci\u00f3 amb els representants dels treballadors s\u2019ha informat als membres d\u2019aquestes que la formaci\u00f3 del personal de l\u2019Ajuntament \u00e9s molt important i \u00e9s una prioritat. Alhora, \u00e9s important que ens anem actualitzant i podent millorar la productivitat i l\u2019efic\u00e0cia de la instituci\u00f3 i els seus treballadors. Per tot plegat, creiem que \u00e9s priorit\u00e0ria aquesta adhesi\u00f3, ja que permetr\u00e0 que els treballadors i les treballadores municipals puguin realitzar formaci\u00f3 adequada per a cadascun dels seus llocs de treball, en visi\u00f3 de la seva carrera professional dins de l\u2019Ajuntament\u201d.<\/span><\/p>\n<hr \/>\n<p style=\"text-align: justify;\"><span style=\"color: #000000;\"><strong>CASTELLANO |<\/strong> La Junta de Gobierno del 23 de noviembre de 2020 aprob\u00f3, a petici\u00f3n de alcald\u00eda, la adhesi\u00f3n del Ayuntamiento de la Bisbal del Pened\u00e8s al Pla Agrupat, integrado por la Associaci\u00f3 Catalana de Municipis (ACM) y las Diputaciones de Girona, Lleida y Tarragona, en el marco del Acuerdo de Formaci\u00f3n por el Trabajo de las Administraciones P\u00fablicas (AFEDAP) y con la colaboraci\u00f3n de los consejos comarcales de la demarcaci\u00f3n de Barcelona y las organizaciones sindicales Comisiones Obreras (CCOO) y Uni\u00f3n General de Trabajadores (UGT).<\/span><\/p>\n<p style=\"text-align: justify;\"><span style=\"color: #000000;\">La alcaldesa de la Bisbal del Pened\u00e8s, Agn\u00e8s Ferr\u00e9, ha explicado que \u201cen varias mesas de negociaci\u00f3n con los representantes de los trabajadores, se ha informado a los miembros de las mismas de que la formaci\u00f3n del personal del Ayuntamiento es muy importante y es una prioridad. Al mismo tiempo, es importante que nos vayamos actualizando y pudiendo mejorar la productividad y eficacia de la instituci\u00f3n y sus trabajadores. Por todo ello, creemos que es prioritaria esta adhesi\u00f3n, ya que permitir\u00e1 que los trabajadores y las trabajadoras municipales puedan realizar formaci\u00f3n adecuada para cada uno de sus puestos de trabajo, en visi\u00f3n de su carrera profesional dentro del Ayuntamiento\u201d.<\/span><\/p>\n","protected":false},"excerpt":{"rendered":"<p>La Junta de Govern del 23 de novembre de 2020 va aprovar, a petici\u00f3 d\u2019alcaldia, l\u2019adhesi\u00f3 de l\u2019Ajuntament de la Bisbal del Pened\u00e8s al Pla Agrupat, integrat per l\u2019Associaci\u00f3 Catalana &hellip; <a href=\"https:\/\/bisbalpenedes.com\/web\/2020\/11\/30\/la-junta-de-govern-aprova-ladhesio-de-lajuntament-de-la-bisbal-al-pla-agrupat-de-formacio-promogut-per-lacm\/\" class=\"more-link\">Read More<\/a><\/p>\n","protected":false},"author":4,"featured_media":10830,"comment_status":"closed","ping_status":"closed","sticky":false,"template":"","format":"standard","meta":[],"categories":[2057,8],"tags":[4237,4238,12],"_links":{"self":[{"href":"https:\/\/bisbalpenedes.com\/web\/wp-json\/wp\/v2\/posts\/15559"}],"collection":[{"href":"https:\/\/bisbalpenedes.com\/web\/wp-json\/wp\/v2\/posts"}],"about":[{"href":"https:\/\/bisbalpenedes.com\/web\/wp-json\/wp\/v2\/types\/post"}],"author":[{"embeddable":true,"href":"https:\/\/bisbalpenedes.com\/web\/wp-json\/wp\/v2\/users\/4"}],"replies":[{"embeddable":true,"href":"https:\/\/bisbalpenedes.com\/web\/wp-json\/wp\/v2\/comments?post=15559"}],"version-history":[{"count":5,"href":"https:\/\/bisbalpenedes.com\/web\/wp-json\/wp\/v2\/posts\/15559\/revisions"}],"predecessor-version":[{"id":15565,"href":"https:\/\/bisbalpenedes.com\/web\/wp-json\/wp\/v2\/posts\/15559\/revisions\/15565"}],"wp:featuredmedia":[{"embeddable":true,"href":"https:\/\/bisbalpenedes.com\/web\/wp-json\/wp\/v2\/media\/10830"}],"wp:attachment":[{"href":"https:\/\/bisbalpenedes.com\/web\/wp-json\/wp\/v2\/media?parent=15559"}],"wp:term":[{"taxonomy":"category","embeddable":true,"href":"https:\/\/bisbalpenedes.com\/web\/wp-json\/wp\/v2\/categories?post=15559"},{"taxonomy":"post_tag","embeddable":true,"href":"https:\/\/bisbalpenedes.com\/web\/wp-json\/wp\/v2\/tags?post=15559"}],"curies":[{"name":"wp","href":"https:\/\/api.w.org\/{rel}","templated":true}]}}