{"id":15557,"date":"2020-11-28T20:11:29","date_gmt":"2020-11-28T18:11:29","guid":{"rendered":"http:\/\/bisbalpenedes.com\/web\/?p=15557"},"modified":"2020-11-28T20:11:29","modified_gmt":"2020-11-28T18:11:29","slug":"lajuntament-retorna-els-rebuts-de-la-llar-dinfants-municipal-que-es-van-pagar-al-marc","status":"publish","type":"post","link":"https:\/\/bisbalpenedes.com\/web\/2020\/11\/28\/lajuntament-retorna-els-rebuts-de-la-llar-dinfants-municipal-que-es-van-pagar-al-marc\/","title":{"rendered":"L\u2019Ajuntament retorna els rebuts de la Llar d\u2019infants municipal que es van pagar al mar\u00e7"},"content":{"rendered":"<p style=\"text-align: justify;\"><span style=\"color: #000000;\">La Junta de Govern del 23 de novembre va aprovar, a petici\u00f3 de la Regidoria d\u2019Ensenyament, retornar l\u2019import del mes de mar\u00e7 a les fam\u00edlies amb infants a la llar d\u2019infants municipal, ja que el 12 de mar\u00e7 de 2020 l\u2019Ajuntament \u2013seguint les mesures establertes des de la Generalitat de Catalunya- va anunciar el tancament de la Llar d\u2019infants municipal per tal d\u2019evitar la propagaci\u00f3 de la COVID-19 al municipi, amb una vig\u00e8ncia inicial de 15 dies.<\/span><\/p>\n<p style=\"text-align: justify;\"><span style=\"color: #000000;\">Els rebuts del mes de mar\u00e7 ja s\u2019havien girat quan es va fer aquest anunci i, per tant, ara la Junta de Govern ha aprovat retornar-los a les 21 fam\u00edlies inscrites en curs 2019\/20. En total s\u2019han retornat 1.701\u20ac. Durant el curs 2019\/20 ja no es va girar cap altre rebut perqu\u00e8 la llar d\u2019infants municipal es va mantenir tancada i ha tornat a obrir amb l\u2019inici del curs 2020\/21.<\/span><\/p>\n<hr \/>\n<p style=\"text-align: justify;\"><span style=\"color: #000000;\"><strong>CASTELLANO |<\/strong> La Junta de Gobierno del 23 de noviembre aprob\u00f3, a petici\u00f3n de la Concejal\u00eda de Educaci\u00f3n, retornar el importe del mes de marzo a las familias con ni\u00f1os\/as en la guarder\u00eda municipal, ya que el 12 de marzo de 2020 el Ayuntamiento \u2013siguiendo las medidas establecidas desde la Generalitat de Catalunya- anunci\u00f3 el cierre de la guarder\u00eda municipal para evitar la propagaci\u00f3n de la COVID-19 en el municipio, con una vigencia inicial de 15 d\u00edas.<\/span><\/p>\n<p style=\"text-align: justify;\"><span style=\"color: #000000;\">Los recibos del mes de marzo ya se hab\u00edan girado cuando se hizo este anuncio y, por lo tanto, ahora la Junta de Gobierno ha aprobado devolverlos a las 21 familias inscritas en el curso 2019\/20. En total se han devuelto 1.701\u20ac. Durante el curso 2019\/20 no se gir\u00f3 ning\u00fan otro recibo porque la guarder\u00eda municipal se mantuvo cerrada ya ha vuelto a abrir con motivo del inicio del curso 2020\/21.<\/span><\/p>\n","protected":false},"excerpt":{"rendered":"<p>La Junta de Govern del 23 de novembre va aprovar, a petici\u00f3 de la Regidoria d\u2019Ensenyament, retornar l\u2019import del mes de mar\u00e7 a les fam\u00edlies amb infants a la llar &hellip; <a href=\"https:\/\/bisbalpenedes.com\/web\/2020\/11\/28\/lajuntament-retorna-els-rebuts-de-la-llar-dinfants-municipal-que-es-van-pagar-al-marc\/\" class=\"more-link\">Read More<\/a><\/p>\n","protected":false},"author":4,"featured_media":14570,"comment_status":"closed","ping_status":"closed","sticky":false,"template":"","format":"standard","meta":[],"categories":[3456,8],"tags":[227,272,1232],"_links":{"self":[{"href":"https:\/\/bisbalpenedes.com\/web\/wp-json\/wp\/v2\/posts\/15557"}],"collection":[{"href":"https:\/\/bisbalpenedes.com\/web\/wp-json\/wp\/v2\/posts"}],"about":[{"href":"https:\/\/bisbalpenedes.com\/web\/wp-json\/wp\/v2\/types\/post"}],"author":[{"embeddable":true,"href":"https:\/\/bisbalpenedes.com\/web\/wp-json\/wp\/v2\/users\/4"}],"replies":[{"embeddable":true,"href":"https:\/\/bisbalpenedes.com\/web\/wp-json\/wp\/v2\/comments?post=15557"}],"version-history":[{"count":1,"href":"https:\/\/bisbalpenedes.com\/web\/wp-json\/wp\/v2\/posts\/15557\/revisions"}],"predecessor-version":[{"id":15558,"href":"https:\/\/bisbalpenedes.com\/web\/wp-json\/wp\/v2\/posts\/15557\/revisions\/15558"}],"wp:featuredmedia":[{"embeddable":true,"href":"https:\/\/bisbalpenedes.com\/web\/wp-json\/wp\/v2\/media\/14570"}],"wp:attachment":[{"href":"https:\/\/bisbalpenedes.com\/web\/wp-json\/wp\/v2\/media?parent=15557"}],"wp:term":[{"taxonomy":"category","embeddable":true,"href":"https:\/\/bisbalpenedes.com\/web\/wp-json\/wp\/v2\/categories?post=15557"},{"taxonomy":"post_tag","embeddable":true,"href":"https:\/\/bisbalpenedes.com\/web\/wp-json\/wp\/v2\/tags?post=15557"}],"curies":[{"name":"wp","href":"https:\/\/api.w.org\/{rel}","templated":true}]}}