{"id":15555,"date":"2020-11-27T21:08:33","date_gmt":"2020-11-27T19:08:33","guid":{"rendered":"http:\/\/bisbalpenedes.com\/web\/?p=15555"},"modified":"2020-11-27T21:08:33","modified_gmt":"2020-11-27T19:08:33","slug":"sadjudiquen-provisionalment-les-obres-denderroc-de-la-fassina","status":"publish","type":"post","link":"https:\/\/bisbalpenedes.com\/web\/2020\/11\/27\/sadjudiquen-provisionalment-les-obres-denderroc-de-la-fassina\/","title":{"rendered":"S\u2019adjudiquen provisionalment les obres d\u2019enderroc de la fassina"},"content":{"rendered":"<p style=\"text-align: justify;\"><a href=\"http:\/\/bisbalpenedes.com\/web\/wp-content\/uploads\/2018\/09\/LA-FASSINA.jpg\"><img loading=\"lazy\" class=\"aligncenter size-large wp-image-7002\" src=\"http:\/\/bisbalpenedes.com\/web\/wp-content\/uploads\/2018\/09\/LA-FASSINA-1024x683.jpg\" alt=\"LA FASSINA\" width=\"630\" height=\"420\" srcset=\"https:\/\/bisbalpenedes.com\/web\/wp-content\/uploads\/2018\/09\/LA-FASSINA-1024x683.jpg 1024w, https:\/\/bisbalpenedes.com\/web\/wp-content\/uploads\/2018\/09\/LA-FASSINA-600x400.jpg 600w, https:\/\/bisbalpenedes.com\/web\/wp-content\/uploads\/2018\/09\/LA-FASSINA-300x200.jpg 300w, https:\/\/bisbalpenedes.com\/web\/wp-content\/uploads\/2018\/09\/LA-FASSINA-768x512.jpg 768w\" sizes=\"(max-width: 630px) 100vw, 630px\" \/><\/a><\/p>\n<p style=\"text-align: justify;\"><span style=\"color: #000000;\">La Junta de Govern del 23 de novembre de 2020 va aprovar, a petici\u00f3 de la Regidoria d\u2019Urbanisme, la classificaci\u00f3 de les empreses segons la puntuaci\u00f3 obtinguda als plecs de cl\u00e0usules establerts a la licitaci\u00f3 de l\u2019enderroc de les edificacions de la fassina entre mitgeres i en cantonada, a excepci\u00f3 de la torre de la fassina. Tamb\u00e9 va aprovar requerir a l\u2019empresa que ha obtingut m\u00e9s puntuaci\u00f3, que \u00e9s Obres i Serveis Roig S.A., perqu\u00e8 presenti la documentaci\u00f3 i constitueixi la garantia definitiva que sigui procedent. Una vegada presentada la documentaci\u00f3 i quan s\u2019hagi comprovat que \u00e9s correcta, s\u2019adjudicar\u00e0 l\u2019obra d\u2019enderroc a aquesta empresa per 56.745,72\u20ac (IVA incl\u00f2s).<\/span><\/p>\n<p style=\"text-align: justify;\"><span style=\"color: #000000;\">L\u2019Ajuntament de la Bisbal del Pened\u00e8s va adquirir l\u2019any 2019 la finca ubicada al carrer Barcelona n\u00fameros 7, 11 i 13 amb l\u2019objectiu d\u2019utilitzar-la com a magatzem municipal i destinar la torre de la fassina a la Colla Castellera de la Bisbal del Pened\u00e8s \u2013 Bous, perqu\u00e8 sigui emprada com a local d\u2019assaig. Tot i que estava previst que el projecte d\u2019enderroc s\u2019aprov\u00e9s definitivament al mar\u00e7, la situaci\u00f3 generada per la pand\u00e8mia de COVID-19 va fer que se suspenguessin els terminis administratius i, per tant, el termini d\u2019exposici\u00f3 p\u00fablica s\u2019ha vist afectat. Finalment, el projecte va quedar aprovat definitivament el passat 19 de juny, ja que no s\u2019havien presentat al\u00b7legacions.<\/span><\/p>\n<p style=\"text-align: justify;\"><span style=\"color: #000000;\">La Junta de Govern del 17 d\u2019agost va aprovar la licitaci\u00f3 de les obres d\u2019enderroc de les edificacions de la fassina per un import de 77.690,37\u20ac (IVA incl\u00f2s) i un termini d\u2019execuci\u00f3 de dos mesos. El termini per presentar proposicions va ser del 19 d\u2019agost al 14 de setembre i s\u2019hi van presentar un total de 17 empreses. La mesa de contractaci\u00f3 ha valorat cadascuna de les propostes segons el plec de cl\u00e0usules i ha requerit a l\u2019empresa que ha obtingut m\u00e9s puntuaci\u00f3 perqu\u00e8 presenti la documentaci\u00f3 i constitueixi la garantia definitiva procedent.<\/span><\/p>\n<hr \/>\n<p style=\"text-align: justify;\"><span style=\"color: #000000;\"><strong>CASTELLANO |\u00a0<\/strong>La Junta de Gobierno del 23 de noviembre de 2020 aprob\u00f3, a petici\u00f3n de la Concejal\u00eda de Urbanismo, la clasificaci\u00f3n de las empresas seg\u00fan la puntuaci\u00f3n obtenida en los pliegos de cl\u00e1usulas establecidos en la licitaci\u00f3n del derribo de las edificaciones de la <em>fassina<\/em> entre medianeras y en esquina, a excepci\u00f3n de la torre de la fassina. Tambi\u00e9n aprob\u00f3 requerir a la empresa que ha obtenido m\u00e1s puntuaci\u00f3n, que es Obres i Serveis Roig S.A., para que presente la documentaci\u00f3n y constituya la garant\u00eda definitiva que sea procedente. Una vez presentada la documentaci\u00f3n y cuando se haya comprobado que es correcta, se adjudicar\u00e1 la obra de derribo a esta empresa por 56.745,72\u20ac (IVA incluido).<\/span><\/p>\n<p style=\"text-align: justify;\"><span style=\"color: #000000;\">El Ayuntamiento de la Bisbal del Pened\u00e8s adquiri\u00f3 el a\u00f1o 2019 la finca ubicada en la calle Barcelona n\u00fameros 7, 11 y 13 con el objetivo de emplearla como almac\u00e9n municipal y destinar la torre de la <em>fassina<\/em> a la Colla Castellera de la Bisbal del Pened\u00e8s \u2013 Bous, para que sea utilizada como local de ensayo. Aunque estaba previsto que el proyecto de derribo se aprobase definitivamente en marzo, la situaci\u00f3n generada por la pandemia de COVID-19 hizo que se suspendiesen los plazos administrativos y, por tanto, el plazo de exposici\u00f3n p\u00fablica se ha visto afectado. Finalmente, el proyecto qued\u00f3 aprobado definitivamente el pasado 19 de junio, ya que no se hab\u00edan presentado alegaciones.<\/span><\/p>\n<p style=\"text-align: justify;\"><span style=\"color: #000000;\">La Junta de Gobierno del 17 de agosto aprob\u00f3 la licitaci\u00f3n de las obras de derribo de las edificaciones de la <em>fassina<\/em> por un importe de 77.690,37\u20ac (IVA incluido) y un plazo de ejecuci\u00f3n de dos meses. El plazo para presentar proposiciones fue del 19 de agosto al 14 de septiembre y se presentaron un total de 17 empresas. La mesa de contrataci\u00f3n ha valorado cada una de las propuestas seg\u00fan el pliego de cl\u00e1usulas y ha requerido a la empresa que ha obtenido m\u00e1s puntuaci\u00f3n para que presente la documentaci\u00f3n y constituya la garant\u00eda definitiva procedente.<\/span><\/p>\n<p>&nbsp;<\/p>\n","protected":false},"excerpt":{"rendered":"<p>La Junta de Govern del 23 de novembre de 2020 va aprovar, a petici\u00f3 de la Regidoria d\u2019Urbanisme, la classificaci\u00f3 de les empreses segons la puntuaci\u00f3 obtinguda als plecs de &hellip; <a href=\"https:\/\/bisbalpenedes.com\/web\/2020\/11\/27\/sadjudiquen-provisionalment-les-obres-denderroc-de-la-fassina\/\" class=\"more-link\">Read More<\/a><\/p>\n","protected":false},"author":4,"featured_media":7002,"comment_status":"closed","ping_status":"closed","sticky":false,"template":"","format":"standard","meta":[],"categories":[8,15],"tags":[1358,4236,3504,267],"_links":{"self":[{"href":"https:\/\/bisbalpenedes.com\/web\/wp-json\/wp\/v2\/posts\/15555"}],"collection":[{"href":"https:\/\/bisbalpenedes.com\/web\/wp-json\/wp\/v2\/posts"}],"about":[{"href":"https:\/\/bisbalpenedes.com\/web\/wp-json\/wp\/v2\/types\/post"}],"author":[{"embeddable":true,"href":"https:\/\/bisbalpenedes.com\/web\/wp-json\/wp\/v2\/users\/4"}],"replies":[{"embeddable":true,"href":"https:\/\/bisbalpenedes.com\/web\/wp-json\/wp\/v2\/comments?post=15555"}],"version-history":[{"count":1,"href":"https:\/\/bisbalpenedes.com\/web\/wp-json\/wp\/v2\/posts\/15555\/revisions"}],"predecessor-version":[{"id":15556,"href":"https:\/\/bisbalpenedes.com\/web\/wp-json\/wp\/v2\/posts\/15555\/revisions\/15556"}],"wp:featuredmedia":[{"embeddable":true,"href":"https:\/\/bisbalpenedes.com\/web\/wp-json\/wp\/v2\/media\/7002"}],"wp:attachment":[{"href":"https:\/\/bisbalpenedes.com\/web\/wp-json\/wp\/v2\/media?parent=15555"}],"wp:term":[{"taxonomy":"category","embeddable":true,"href":"https:\/\/bisbalpenedes.com\/web\/wp-json\/wp\/v2\/categories?post=15555"},{"taxonomy":"post_tag","embeddable":true,"href":"https:\/\/bisbalpenedes.com\/web\/wp-json\/wp\/v2\/tags?post=15555"}],"curies":[{"name":"wp","href":"https:\/\/api.w.org\/{rel}","templated":true}]}}