{"id":15531,"date":"2020-11-26T09:24:55","date_gmt":"2020-11-26T07:24:55","guid":{"rendered":"http:\/\/bisbalpenedes.com\/web\/?p=15531"},"modified":"2020-11-26T18:16:32","modified_gmt":"2020-11-26T16:16:32","slug":"ja-podeu-recollir-el-calendari-2021-per-lajuntament-enguany-les-fotografies-son-del-municipi-i-les-ha-fet-el-bisbalenc-raul-gallego","status":"publish","type":"post","link":"https:\/\/bisbalpenedes.com\/web\/2020\/11\/26\/ja-podeu-recollir-el-calendari-2021-per-lajuntament-enguany-les-fotografies-son-del-municipi-i-les-ha-fet-el-bisbalenc-raul-gallego\/","title":{"rendered":"Ja podeu recollir el calendari 2021 per l&#8217;Ajuntament. Enguany les fotografies s\u00f3n del municipi i les ha fet el bisbalenc Ra\u00fal Gallego."},"content":{"rendered":"<div class=\"kvgmc6g5 cxmmr5t8 oygrvhab hcukyx3x c1et5uql ii04i59q\">\n<div dir=\"auto\" style=\"text-align: justify;\"><span style=\"color: #000000;\">Un any m\u00e9s, l\u2019Ajuntament de la Bisbal del Pened\u00e8s ha editat el calendari de l\u2019any nou i el podeu passar a recollir per l\u2019Ajuntament (se n\u2019entregar\u00e0 un per habitatge). Enguany les fotografies s\u00f3n del municipi i les ha fet el fot\u00f2graf bisbalenc Ra\u00fal Gallego.<\/span><\/div>\n<\/div>\n<div class=\"o9v6fnle cxmmr5t8 oygrvhab hcukyx3x c1et5uql ii04i59q\" style=\"text-align: justify;\">\n<div dir=\"auto\">\n<hr \/>\n<\/div>\n<\/div>\n<div class=\"o9v6fnle cxmmr5t8 oygrvhab hcukyx3x c1et5uql ii04i59q\">\n<div dir=\"auto\" style=\"text-align: justify;\"><span style=\"color: #000000;\">Un a\u00f1o m\u00e1s, el Ayuntamiento de la Bisbal del Pened\u00e8s ha editado el calendario del a\u00f1o nuevo y lo pod\u00e9is pasar a recoger por el Ayuntamiento (se entregar\u00e1 uno por vivienda). Este a\u00f1o las fotograf\u00edas son del municipio y las ha hecho el fot\u00f3grafo bisbalense Ra\u00fal Gallego.<\/span><\/div>\n<div dir=\"auto\" style=\"text-align: justify;\"><\/div>\n<div dir=\"auto\" style=\"text-align: justify;\"><a href=\"http:\/\/bisbalpenedes.com\/web\/wp-content\/uploads\/2020\/11\/A6AE50B9-3293-496A-B952-E1F925D08668.jpeg\"><img loading=\"lazy\" class=\"aligncenter size-large wp-image-15545\" src=\"http:\/\/bisbalpenedes.com\/web\/wp-content\/uploads\/2020\/11\/A6AE50B9-3293-496A-B952-E1F925D08668-768x1024.jpeg\" alt=\"A6AE50B9-3293-496A-B952-E1F925D08668\" width=\"630\" height=\"840\" srcset=\"https:\/\/bisbalpenedes.com\/web\/wp-content\/uploads\/2020\/11\/A6AE50B9-3293-496A-B952-E1F925D08668-768x1024.jpeg 768w, https:\/\/bisbalpenedes.com\/web\/wp-content\/uploads\/2020\/11\/A6AE50B9-3293-496A-B952-E1F925D08668-600x800.jpeg 600w, https:\/\/bisbalpenedes.com\/web\/wp-content\/uploads\/2020\/11\/A6AE50B9-3293-496A-B952-E1F925D08668-225x300.jpeg 225w, https:\/\/bisbalpenedes.com\/web\/wp-content\/uploads\/2020\/11\/A6AE50B9-3293-496A-B952-E1F925D08668-scaled.jpeg 1920w\" sizes=\"(max-width: 630px) 100vw, 630px\" \/><\/a><\/div>\n<\/div>\n","protected":false},"excerpt":{"rendered":"<p>Un any m\u00e9s, l\u2019Ajuntament de la Bisbal del Pened\u00e8s ha editat el calendari de l\u2019any nou i el podeu passar a recollir per l\u2019Ajuntament (se n\u2019entregar\u00e0 un per habitatge). Enguany &hellip; <a href=\"https:\/\/bisbalpenedes.com\/web\/2020\/11\/26\/ja-podeu-recollir-el-calendari-2021-per-lajuntament-enguany-les-fotografies-son-del-municipi-i-les-ha-fet-el-bisbalenc-raul-gallego\/\" class=\"more-link\">Read More<\/a><\/p>\n","protected":false},"author":4,"featured_media":15545,"comment_status":"closed","ping_status":"closed","sticky":false,"template":"","format":"standard","meta":[],"categories":[1628,8],"tags":[1023,4231,3246],"_links":{"self":[{"href":"https:\/\/bisbalpenedes.com\/web\/wp-json\/wp\/v2\/posts\/15531"}],"collection":[{"href":"https:\/\/bisbalpenedes.com\/web\/wp-json\/wp\/v2\/posts"}],"about":[{"href":"https:\/\/bisbalpenedes.com\/web\/wp-json\/wp\/v2\/types\/post"}],"author":[{"embeddable":true,"href":"https:\/\/bisbalpenedes.com\/web\/wp-json\/wp\/v2\/users\/4"}],"replies":[{"embeddable":true,"href":"https:\/\/bisbalpenedes.com\/web\/wp-json\/wp\/v2\/comments?post=15531"}],"version-history":[{"count":2,"href":"https:\/\/bisbalpenedes.com\/web\/wp-json\/wp\/v2\/posts\/15531\/revisions"}],"predecessor-version":[{"id":15546,"href":"https:\/\/bisbalpenedes.com\/web\/wp-json\/wp\/v2\/posts\/15531\/revisions\/15546"}],"wp:featuredmedia":[{"embeddable":true,"href":"https:\/\/bisbalpenedes.com\/web\/wp-json\/wp\/v2\/media\/15545"}],"wp:attachment":[{"href":"https:\/\/bisbalpenedes.com\/web\/wp-json\/wp\/v2\/media?parent=15531"}],"wp:term":[{"taxonomy":"category","embeddable":true,"href":"https:\/\/bisbalpenedes.com\/web\/wp-json\/wp\/v2\/categories?post=15531"},{"taxonomy":"post_tag","embeddable":true,"href":"https:\/\/bisbalpenedes.com\/web\/wp-json\/wp\/v2\/tags?post=15531"}],"curies":[{"name":"wp","href":"https:\/\/api.w.org\/{rel}","templated":true}]}}