{"id":15527,"date":"2020-11-26T09:08:43","date_gmt":"2020-11-26T07:08:43","guid":{"rendered":"http:\/\/bisbalpenedes.com\/web\/?p=15527"},"modified":"2020-11-26T09:09:38","modified_gmt":"2020-11-26T07:09:38","slug":"aquest-dimecres-25-de-novembre-de-2020-sha-celebrat-un-ple-extraordinari-a-lajuntament-de-la-bisbal-del-penedes","status":"publish","type":"post","link":"https:\/\/bisbalpenedes.com\/web\/2020\/11\/26\/aquest-dimecres-25-de-novembre-de-2020-sha-celebrat-un-ple-extraordinari-a-lajuntament-de-la-bisbal-del-penedes\/","title":{"rendered":"Aquest dimecres 25 de novembre de 2020 s\u2019ha celebrat un Ple extraordinari a l\u2019Ajuntament de la Bisbal del Pened\u00e8s"},"content":{"rendered":"<p style=\"text-align: center;\"><iframe loading=\"lazy\" src=\"https:\/\/www.youtube.com\/embed\/VavRyse8yBo\" width=\"560\" height=\"315\" frameborder=\"0\" allowfullscreen=\"allowfullscreen\"><\/iframe><\/p>\n<p style=\"text-align: justify;\"><span style=\"color: #000000;\">Aquest dimecres 25 de novembre de 2020, a les 8:00h, ha tingut lloc un Ple Extraordinari a l\u2019Ajuntament de la Bisbal del Pened\u00e8s a petici\u00f3 dels regidors Daniel Caballero (PSC), Xavier Faura (Units-FIC) i S\u00edlvia Monfort (ERC-AM). El Ple s\u2019ha celebrat a porta tancada per poder garantir totes les mesures de prevenci\u00f3 de contagis amb motiu de la pand\u00e8mia de COVID-19 i posteriorment s\u2019ha publicat a <a style=\"color: #000000;\" href=\"https:\/\/www.youtube.com\/watch?v=VavRyse8yBo\">Youtube.<\/a><\/span><\/p>\n<p style=\"text-align: justify;\"><span style=\"color: #000000;\">S\u2019hi han tractat els seg\u00fcents punts:<\/span><\/p>\n<p style=\"text-align: justify;\"><span style=\"color: #000000;\"><strong>1.-Creaci\u00f3 d\u2019una taula de di\u00e0leg formada pels portaveus dels grups municipals i representants de l\u2019entitat Club Segle XX.<\/strong><\/span><\/p>\n<p style=\"text-align: justify;\"><span style=\"color: #000000;\">Els regidors Daniel Caballero (PSC), Xavier Faura (Units-FIC) i S\u00edlvia Monfort (ERC-AM), han sol\u00b7licitat la convocat\u00f2ria d\u2019un Ple extraordinari, que inclou el seg\u00fcent punt: \u00abConstituci\u00f3 d\u2019una taula de di\u00e0leg formada pels portaveus dels grups municipals del ple amb els representants del Club Segle XX a fi de trobar una soluci\u00f3 pol\u00edtica.\u00bb<\/span><\/p>\n<p style=\"text-align: justify;\"><span style=\"color: #000000;\">Com a la sol\u00b7licitud de convocat\u00f2ria de Ple nom\u00e9s hi constava l\u2019ordre del dia i no s\u2019hi inclo\u00efa un text amb la proposta concreta dels acords que es pretenen adoptar, en la proposta elevada al Ple s\u2019ha considerat equiparar la taula de di\u00e0leg amb una comissi\u00f3.<\/span><\/p>\n<p style=\"text-align: justify;\"><span style=\"color: #000000;\">Una comissi\u00f3 s\u2019estructura com un consell sectorial, amb l\u2019objectiu de donar entrada a l\u2019opini\u00f3 ve\u00efnal dins de l\u2019organitzaci\u00f3 municipal. El funcionament d\u2019un consell sectorial es regeix pel que es disposa en els acords plenaris que els estableixin i pel seu reglament intern. Els consells sectorials desenvoluparan exclusivament funcions d\u2019informe i propostes en relaci\u00f3 amb les iniciatives municipals relatives al sector d\u2019activitat al qual correspongui cada consell.<\/span><\/p>\n<p style=\"text-align: justify;\"><span style=\"color: #000000;\">El procediment per a la constituci\u00f3 d\u2019un \u00f2rgan de participaci\u00f3 \u00e9s el seg\u00fcent:<\/span><\/p>\n<ul style=\"text-align: justify;\">\n<li><span style=\"color: #000000;\">Es constitueix mitjan\u00e7ant acord de Ple, especificant la composici\u00f3, organitzaci\u00f3 i \u00e0mbit d\u2019actuaci\u00f3 de l\u2019\u00f2rgan.<\/span><\/li>\n<\/ul>\n<ul style=\"text-align: justify;\">\n<li><span style=\"color: #000000;\">L\u2019acord es comunicar\u00e0 als membres de les diferents organitzacions, associacions i entitats que formin part de la comissi\u00f3 perqu\u00e8 designin els seus representants.<\/span><\/li>\n<\/ul>\n<p style=\"text-align: justify;\"><span style=\"color: #000000;\">Com que no es va presentar una proposta detallada en el document que es va entrar per sol\u00b7licitar el Ple, es proposa, des d\u2019alcaldia, la seg\u00fcent redacci\u00f3:<\/span><\/p>\n<p style=\"text-align: justify; padding-left: 30px;\"><span style=\"color: #000000;\"><em>Iniciar la tramitaci\u00f3 de l\u2019expedient per a la constituci\u00f3 d\u2019una taula de di\u00e0leg formada pels portaveus dels grups municipals i representants de l\u2019entitat Club Siglo XX, que tindr\u00e0 car\u00e0cter consultiu i deliberant, en el qual s\u2019haur\u00e0 de determinar la seva composici\u00f3, organitzaci\u00f3 i \u00e0mbit d\u2019actuaci\u00f3.<\/em><\/span><\/p>\n<p style=\"text-align: justify;\"><span style=\"color: #000000;\"><u>No s\u2019ha aprovat<\/u><\/span><\/p>\n<p style=\"text-align: justify;\"><span style=\"color: #000000;\"><u>Vots a favor:<\/u> 5 (2 del PSC, 1 d\u2019Units-FIC, 1 d\u2019Ara la Bisbal i 1 d\u2019ERC-AM)<\/span><\/p>\n<p style=\"text-align: justify;\"><span style=\"color: #000000;\"><u>Vots en contra:<\/u> 6 (6 de Comprom\u00eds amb la Bisbal)<\/span><\/p>\n<p style=\"text-align: justify;\"><span style=\"color: #000000;\"><u>Abstencions:<\/u> 0<\/span><\/p>\n<p style=\"text-align: justify;\"><span style=\"color: #000000;\"><strong>2.-Revocaci\u00f3 del nomenament de la Secret\u00e0ria municipal<\/strong><\/span><\/p>\n<p style=\"text-align: justify;\"><span style=\"color: #000000;\">Els regidors Daniel Caballero (PSC), Xavier Faura (Units-FIC) i S\u00edlvia Monfort (ERC-AM), han sol\u00b7licitat la convocat\u00f2ria d\u2019un ple extraordinari, que inclou el seg\u00fcent punt: \u00abReprovaci\u00f3 de la secret\u00e0ria municipal, per adre\u00e7ar-se al jutjat en relaci\u00f3 contenciosos administratius interposats per Club segle XX, at\u00e8s que no est\u00e0 col\u00b7legiada ni \u00e9s advocada.\u00bb<\/span><\/p>\n<p style=\"text-align: justify;\"><span style=\"color: #000000;\">Segons l\u2019explicaci\u00f3 de l\u2019alcaldessa de la Bisbal del Pened\u00e8s, Agn\u00e8s Ferr\u00e9 \u201ca la sol\u00b7licitud de la convocat\u00f2ria del Ple nom\u00e9s hi consta l\u2019ordre del dia i no inclou el text de la proposta de la <em>reprovaci\u00f3<\/em> que, en tot cas, seria <em>revocaci\u00f3<\/em>\u201d i, per aquest motiu, s\u2019ha considerat fer servir aquesta darrera paraula (revocaci\u00f3\/revocar) a l\u2019hora de redactar la proposta. Els regidors que havien presentat la proposta no han estat d\u2019acord amb l\u2019\u00fas d\u2019aquesta altra paraula perqu\u00e8 consideren que canvia el sentit d\u2019all\u00f2 que volien plantejar en aquest punt.<\/span><\/p>\n<p style=\"text-align: justify;\"><span style=\"color: #000000;\">L\u2019informe jur\u00eddic d\u2019aquest punt detalla que, per revocar la pla\u00e7a de secret\u00e0ria interina, cal seguir el seg\u00fcent procediment:<\/span><\/p>\n<ul style=\"text-align: justify;\">\n<li><span style=\"color: #000000;\">Per part del servei de personal, manifestar la necessitat de procedir a la revocaci\u00f3.<\/span><\/li>\n<li><span style=\"color: #000000;\">Emissi\u00f3 d\u2019un informe de secretaria i obrir un per\u00edode d\u2019audi\u00e8ncia de 15 dies a la persona que es vol revocar.<\/span><\/li>\n<li><span style=\"color: #000000;\">Enviar tota la documentaci\u00f3 a la Comunitat aut\u00f2noma que \u00e9s qui t\u00e9 la compet\u00e8ncia d\u2019efectuar la revocaci\u00f3.<\/span><\/li>\n<li><span style=\"color: #000000;\">La Comunitat Aut\u00f2noma \u00e9s qui valorar\u00e0 si concorren totes les circumst\u00e0ncies necess\u00e0ries per revocar l\u2019autoritzaci\u00f3.<\/span><\/li>\n<\/ul>\n<p style=\"text-align: justify;\"><span style=\"color: #000000;\">Per tant, l\u2019alcaldessa ha exposat que no \u00e9s el Ple qui t\u00e9 compet\u00e8ncies per revocar el nomenament, sin\u00f3 que hauria de ser la Comunitat Aut\u00f2noma.<\/span><\/p>\n<p style=\"text-align: justify;\"><span style=\"color: #000000;\">Finalment, la proposta que ha signat l\u2019alcaldessa i que s\u2019ha elevat al Ple- per procedir a la seva votaci\u00f3- \u00e9s la seg\u00fcent:<\/span><\/p>\n<p style=\"text-align: justify; padding-left: 30px;\"><span style=\"color: #000000;\"><em>Declarar la improced\u00e8ncia de l\u2019assumpte \u00abreprovaci\u00f3 de la Secret\u00e0ria municipal, per adre\u00e7ar-se al jutjat en relaci\u00f3 amb contenciosos administratius interposats pel Club Segle XX, at\u00e8s que no est\u00e0 col\u00b7legiada ni \u00e9s advocada\u00bb, pels seg\u00fcents motius:<\/em><\/span><\/p>\n<p style=\"text-align: justify; padding-left: 30px;\"><span style=\"color: #000000;\"><em>&#8211; L\u2019escrit d\u2019al\u00b7legacions presentat per l\u2019Ajuntament al Jutjat, est\u00e0 signat per la Secret\u00e0ria de la Corporaci\u00f3 com a Secret\u00e0ria interina de la Corporaci\u00f3; en cap cas, com a advocada ni lletrada. <\/em><\/span><\/p>\n<p style=\"text-align: justify; padding-left: 30px;\"><span style=\"color: #000000;\"><em>&#8211; D\u2019acord amb el r\u00e8gim jur\u00eddic dels funcionaris d\u2019Administraci\u00f3 Local amb habilitaci\u00f3 de car\u00e0cter nacional, la funci\u00f3 p\u00fablica de Secretaria integra la fe p\u00fablica i l\u2019assessorament legal preceptiu. \u00c9s en aquest sentit que s\u2019ent\u00e9n la signatura de la Secret\u00e0ria en l\u2019escrit presentat al jutjat. <\/em><em>\u00a0<\/em><\/span><\/p>\n<p style=\"text-align: justify; padding-left: 30px;\"><span style=\"color: #000000;\"><em>&#8211; No s\u2019ha produ\u00eft cap sup\u00f2sit legalment establert ni existeix causa justificada per iniciar un expedient per a la tramitaci\u00f3 de la revocaci\u00f3 del nomenament de la Secret\u00e0ria interina d\u2019aquest Ajuntament. <\/em><em>\u00a0<\/em><\/span><\/p>\n<p style=\"text-align: justify; padding-left: 30px;\"><span style=\"color: #000000;\"><em>&#8211; De conformitat amb el r\u00e8gim jur\u00eddic dels funcionaris d\u2019Administraci\u00f3 Local amb habilitaci\u00f3 de car\u00e0cter nacional, el Ple no \u00e9s competent en aquest assumpte.<\/em><\/span><\/p>\n<p style=\"text-align: justify;\"><span style=\"color: #000000;\"><u>S\u2019aprova<\/u> declarar la improced\u00e8ncia de l\u2019assumpte \u00abreprovaci\u00f3 de la Secret\u00e0ria municipal, per adre\u00e7ar-se al jutjat en relaci\u00f3 amb contenciosos administratius interposats pel Club Segle XX, at\u00e8s que no est\u00e0 col\u00b7legiada ni \u00e9s advocada\u00bb<\/span><\/p>\n<p style=\"text-align: justify;\"><span style=\"color: #000000;\"><u>Vots a favor:<\/u> 6 (Comprom\u00eds amb la Bisbal)<\/span><\/p>\n<p style=\"text-align: justify;\"><span style=\"color: #000000;\"><u>Vots en contra:<\/u> 0<\/span><\/p>\n<p style=\"text-align: justify;\"><span style=\"color: #000000;\"><u>Abstencions:<\/u> 5 (2 del PSC, 1 d\u2019Units-FIC, 1 d\u2019Ara la Bisbal i 1 d\u2019ERC-AM)<\/span><\/p>\n<p style=\"text-align: justify;\"><span style=\"color: #000000;\"><strong>\u00a0<\/strong><\/span><\/p>\n<p style=\"text-align: justify;\"><span style=\"color: #000000;\"><strong>3.-Determinaci\u00f3 dels locals socials de la Miralba i del Priorat com a col\u00b7legis electorals <\/strong><\/span><\/p>\n<p style=\"text-align: justify;\"><span style=\"color: #000000;\">Els regidors Daniel Caballero (PSC), Xavier Faura (Units-FIC) i S\u00edlvia Monfort (ERC-AM), han sol\u00b7licitat la convocat\u00f2ria d\u2019un ple extraordinari, que inclou el seg\u00fcent punt: \u00abAprovar la proposta per a la constituci\u00f3 de col\u00b7legis electorals als locals socials de la Miralba i el Priorat del municipi de La Bisbal del Pened\u00e8s.\u00bb<\/span><\/p>\n<p style=\"text-align: justify;\"><span style=\"color: #000000;\">El procediment a seguir per a la determinaci\u00f3 del nombre i els l\u00edmits de les seccions electorals, els seus locals i les meses corresponents a cadascuna d\u2019elles ser\u00e0 el seg\u00fcent:<\/span><\/p>\n<p style=\"text-align: justify; padding-left: 30px;\"><span style=\"color: #000000;\"><strong>&#8211; <\/strong>Els serveis t\u00e8cnics municipals emetran informe.<\/span><\/p>\n<p style=\"text-align: justify; padding-left: 30px;\"><span style=\"color: #000000;\"><strong>&#8211; <\/strong>L\u2019Alcaldia proposar\u00e0 els locals per exercir el dret a vot, ja que \u00e9s qui en t\u00e9 la compet\u00e8ncia.<\/span><\/p>\n<p style=\"text-align: justify; padding-left: 30px;\"><span style=\"color: #000000;\"><strong>&#8211; <\/strong>La proposta de l\u2019Alcaldia s\u2019enviar\u00e0 a la Delegaci\u00f3 Provincial de l\u2019Oficina del Cens Electoral perqu\u00e8 determini els locals que estima adequats.<\/span><\/p>\n<p style=\"text-align: justify; padding-left: 30px;\"><span style=\"color: #000000;\"><strong>&#8211; <\/strong>Dins dels deu dies anteriors a les votacions s\u2019haur\u00e0 de difondre per Internet, per l\u2019Oficina de Cens Electoral, i s\u2019exposar\u00e0 al p\u00fablic a l\u2019Ajuntament, la relaci\u00f3 definitiva de seccions, meses i locals electorals.<\/span><\/p>\n<p style=\"text-align: justify;\"><span style=\"color: #000000;\">Per tot aix\u00f2, la proposta que ha signat alcaldia i que se sotmet a votaci\u00f3 al Ple, \u00e9s:<\/span><\/p>\n<p style=\"text-align: justify; padding-left: 30px;\"><span style=\"color: #000000;\"><em>Declarar la improced\u00e8ncia de l\u2019assumpte \u201c<\/em><em>aprovar la proposta per a la constituci\u00f3 de col\u00b7legis electorals als locals socials de la Miralba i el Priorat del municipi de La Bisbal del Pened\u00e8s\u201d, ja que \u00e9s l\u2019alcaldia qui proposa els locals per exercir el dret a vot a la Delegaci\u00f3 Provincial de l\u2019Oficina el Cens Electoral, perqu\u00e8 aquesta determini els locals que estima adequats per exercir el dret al vot el dia de les eleccions.<\/em><\/span><\/p>\n<p style=\"text-align: justify;\"><span style=\"color: #000000;\"><u>S\u2019aprova<\/u> declarar la improced\u00e8ncia de l\u2019assumpte \u201caprovar la proposta per a la constituci\u00f3 de col\u00b7legis electorals als locals socials de la Miralba i el Priorat del municipi de La Bisbal del Pened\u00e8s\u201d .<\/span><\/p>\n<p style=\"text-align: justify;\"><span style=\"color: #000000;\"><u>Vots a favor:<\/u> 6 (de Comprom\u00eds amb la Bisbal)<\/span><\/p>\n<p style=\"text-align: justify;\"><span style=\"color: #000000;\"><u>Vots en contra:<\/u> 5 (2 del PSC, 1 d\u2019Units-FIC, 1 d\u2019Ara la Bisbal i 1 d\u2019ERC-AM)<\/span><\/p>\n<p style=\"text-align: justify;\"><span style=\"color: #000000;\"><u>Abstencions:<\/u> 0<\/span><\/p>\n<p style=\"text-align: justify;\"><span style=\"color: #000000;\">Val a dir que, en refer\u00e8ncia a aquest punt del Ple, l\u2019alcaldessa ha explicat que \u201cel dilluns 23 de novembre es va entrar al registre d\u2019entrada de l\u2019Ajuntament de la Bisbal del Pened\u00e8s un document signat pels regidors Sr. Daniel Caballero (PSC) i el Sr. Xavier Faura (Units-FIC), on sol\u00b7liciten que \u2018<em>aquest punt es mantingui a l\u2019ordre del dia del plenari i es pugui debatre si existeix un criteri pol\u00edtic diferent a la dels grups proposants que impedeixi que finalment prosperi la proposta\u2019<\/em>. L\u2019alcaldessa ha concl\u00f2s que \u201caquest punt es mant\u00e9 a l\u2019ordre del dia perqu\u00e8 aix\u00ed consta a la convocat\u00f2ria del Ple extraordinari del divendres i es debatr\u00e0 tal com s\u2019indica a l\u2019article 107 del ROM\u201d.<\/span><\/p>\n<p style=\"text-align: justify;\"><span style=\"color: #000000;\"><strong>\u00a0<\/strong><\/span><\/p>\n<p style=\"text-align: justify;\"><span style=\"color: #000000;\"><strong>4.-Modificaci\u00f3 de cr\u00e8dit per finan\u00e7ar una l\u00ednia de subvencions a aut\u00f2noms, mutualistes i empreses afectades per la segona onada de la Covid-19 <\/strong><\/span><\/p>\n<p style=\"text-align: justify;\"><span style=\"color: #000000;\">Els regidors Daniel Caballero (PSC), Xavier Faura (Units-FIC) i S\u00edlvia Monfort (ERC-AM), han sol\u00b7licitat la convocat\u00f2ria d\u2019un ple extraordinari, que inclou el seg\u00fcent punt: \u201cModificaci\u00f3 de cr\u00e8dit de 40.000 euros del super\u00e0vit, per a la creaci\u00f3 d\u2019unes noves ajudes puntuals i directes destinades als aut\u00f2noms, mutualistes i empreses afectades per aquest segon confinament i les mesures restrictives aprovades\u201d.<\/span><\/p>\n<p style=\"text-align: justify;\"><span style=\"color: #000000;\">A la sol\u00b7licitud de convocat\u00f2ria de Ple nom\u00e9s hi consta aquest enunciat, per\u00f2 no s\u2019hi inclou un text amb la proposta dels acords a adoptar.<\/span><\/p>\n<p style=\"text-align: justify;\"><span style=\"color: #000000;\">Les circumst\u00e0ncies excepcionals esdevingudes a escala global a conseq\u00fc\u00e8ncia de l\u2019evoluci\u00f3 temporal i geogr\u00e0fica del brot de Covid-19 han fet que s\u2019hagin adoptat nombroses mesures urgents i extraordin\u00e0ries per fer front a l\u2019impacte econ\u00f2mic i social d\u2019aquesta pand\u00e8mia. Entre d\u2019altres, el <a style=\"color: #000000;\" href=\"https:\/\/www.boe.es\/buscar\/act.php?id=BOE-A-2020-3824\">Reial decret llei 8\/2020, del 17 de mar\u00e7,<\/a> de mesures urgents extraordin\u00e0ries per fer front a l\u2019impacte econ\u00f2mic i social de la Covid-19, autoritza la destinaci\u00f3 del 20% com a m\u00e0xim del super\u00e0vit de 2019 a despeses incloses a la pol\u00edtica de despeses socials, sempre que es compleixin els requisits establerts (estabilitat pressupost\u00e0ria, romanent de tresoreria positiu, endeutament inferior al 110% (\u00e9s del 28,83%) i PMP del 1r trimestre de 2020 inferior als 30 dies (\u00e9s de 29,35 dies)).<\/span><\/p>\n<p style=\"text-align: justify;\"><span style=\"color: #000000;\">Tamb\u00e9 s\u2019estableix el requisit que aquest m\u00e0xim del 20% del super\u00e0vit no sigui superior a l\u2019import de l\u2019objectiu d\u2019estabilitat pressupost\u00e0ria per a la previsi\u00f3 de la liquidaci\u00f3 de l\u2019exercici 2020.<\/span><\/p>\n<p style=\"text-align: justify;\"><span style=\"color: #000000;\">Per tot aix\u00f2, el 5 de maig es va signar un Decret d\u2019alcaldia per poder destinar l\u2019import m\u00e0xim del super\u00e0vit a ajudes per la Covid-19, que era de 28.201,46\u20ac <a style=\"color: #000000;\" href=\"https:\/\/bisbalpenedes.com\/web\/2020\/05\/11\/aquest-dilluns-11-de-maig-sha-celebrat-el-primer-ple-extraordinari-telematic-a-lajuntament-de-la-bisbal-del-penedes\/\">i es va ratificar al Ple extraordinari de l\u201911 de maig de 2020<\/a>. A aquest import se li van sumar altres quantitats d\u2019altres partides per poder convocar les subvencions.<\/span><\/p>\n<p style=\"text-align: justify;\"><span style=\"color: #000000;\">El <a style=\"color: #000000;\" href=\"https:\/\/www.boe.es\/buscar\/act.php?id=BOE-A-2020-6621\">Reial decret llei 23\/2020, de 23 de juny<\/a> va autoritzar l\u2019\u00fas <strong>del super\u00e0vit de l&#8217;exercici 2019 <\/strong>per realitzar inversions financerament sostenibles <strong>en determinades partides per\u00f2 no en les ajudes socials per Covid-19. <\/strong><\/span><\/p>\n<p style=\"text-align: justify;\"><span style=\"color: #000000;\">Actualment s\u00ed que hi ha aquest import disponible en altres partides del mateix cap\u00edtol que permet, si \u00e9s el cas, fer el trasp\u00e0s a les partides corresponents, per\u00f2 segons ha explicat l\u2019alcaldessa, \u201cla normativa indica que, en cas que es pugui fer per vinculaci\u00f3 de partides disponibles, no es permet fer modificaci\u00f3 de cr\u00e8dit com la que es proposa, del super\u00e0vit\u201d.<\/span><\/p>\n<p style=\"text-align: justify;\"><span style=\"color: #000000;\">Per aquests motius, la proposta que ha signat alcaldia i que s\u2019eleva a votaci\u00f3 al Ple, \u00e9s:<\/span><\/p>\n<p style=\"text-align: justify; padding-left: 30px;\"><span style=\"color: #000000;\"><em>Declarar la improced\u00e8ncia de la tramitaci\u00f3 de la \u201cmodificaci\u00f3 de cr\u00e8dit per import de 40.000 euros del super\u00e0vit, per a la creaci\u00f3 d\u2019unes noves ajudes puntuals i directes destinades als aut\u00f2noms, mutualistes i empreses afectades per aquest segon confinament i les mesures restrictives aprovades\u201d, inclosa com a assumpte en l\u2019ordre del dia de la petici\u00f3 de convocat\u00f2ria de Ple extraordinari presentada per tres membres d\u2019aquesta Corporaci\u00f3.<\/em><\/span><\/p>\n<p style=\"text-align: justify;\"><span style=\"color: #000000;\"><u>S\u2019aprova<\/u> declarar la improced\u00e8ncia de l\u2019assumpte \u201cModificaci\u00f3 de cr\u00e8dit per import de 40.000 euros del super\u00e0vit, per a la creaci\u00f3 d\u2019unes noves ajudes puntuals i directes destinades als aut\u00f2noms, mutualistes i empreses afectades per aquest segon confinament i les mesures restrictives aprovades\u201d<\/span><\/p>\n<p style=\"text-align: justify;\"><span style=\"color: #000000;\"><u>Vots a favor:<\/u> 6 (de Comprom\u00eds amb la Bisbal)<\/span><\/p>\n<p style=\"text-align: justify;\"><span style=\"color: #000000;\"><u>Vots en contra:<\/u> 5 (2 del PSC, 1 d\u2019Units-FIC, 1 d\u2019Ara la Bisbal i 1 d\u2019ERC-AM)<\/span><\/p>\n<p style=\"text-align: justify;\"><span style=\"color: #000000;\"><u>Abstencions:<\/u> 0<\/span><\/p>\n<p style=\"text-align: justify;\"><span style=\"color: #000000;\">Val a dir que, en refer\u00e8ncia a aquest punt del Ple, l\u2019alcaldessa ha explicat que \u201cel dimarts 24 de novembre els regidors Daniel Caballero (PSC), Xavier Faura (Units-FIC) i S\u00edlvia Monfort (ERC-AM) van entrar un document per registre sol\u00b7licitant <em>\u2018sotmetre a debat i votaci\u00f3 la reserva de 40.000\u20ac dels 63.818,84\u20ac de cr\u00e8dit amb vinculaci\u00f3 jur\u00eddica disponible per a dotar de fons econ\u00f2mics les bases reguladores que es sotmeten a votaci\u00f3 al punt 5\u00e8 d\u2019aquest Ple\u2019<\/em>\u201d. Per aquest motiu, ha exposat que \u201cl\u2019article 107.g del ROM indica que \u2018<em>durant el desenvolupament del debat, els membres podran plantejar esmenes que tinguin per finalitat reparar errors ling\u00fc\u00edstics i gramaticals\u2019<\/em> i ha considerat que les esmenes plantejades \u201cno s\u00f3n correccions ling\u00fc\u00edstiques ni gramaticals, sin\u00f3 que varien el contingut de la frase que v\u00e0reu proposar a l\u2019ordre del dia (&#8230;) i que tamb\u00e9 varia el contingut de la proposta que hem preparat. Per tant, no es pot acceptar la vostra esmena que modifica la proposta\u201d. Tamb\u00e9 ha explicat que si fos un punt a afegir com a punt d\u2019urg\u00e8ncia \u201cno el podem acceptar perqu\u00e8 l\u2019article 96 del ROM estableix que \u201cen les sessions extraordin\u00e0ries, no es podran adoptar acords sobre temes no inclosos en l\u2019ordre del dia. En cas que s\u2019adoptessin acords, resultarien nuls\u201d i, per \u00faltim, ha exposat que \u201cper aprovar unes bases de subvencions (sense aprovar la convocat\u00f2ria en un mateix acte), no fa falta tenir consignaci\u00f3 pressupost\u00e0ria en aquell moment, sin\u00f3 que cal tenir partida i amb consignaci\u00f3 pressupost\u00e0ria quan s\u2019aprova la convocat\u00f2ria d\u2019una subvenci\u00f3\u201d.<\/span><\/p>\n<p style=\"text-align: justify;\"><span style=\"color: #000000;\"><strong>5.- Elaboraci\u00f3 d\u2019unes bases reguladores per a la concessi\u00f3 de subvencions a aut\u00f2noms, mutualistes i empreses afectades per la segona onada de la Covid-19<\/strong><\/span><\/p>\n<p style=\"text-align: justify;\"><span style=\"color: #000000;\">Els regidors Daniel Caballero (PSC), Xavier Faura (Units-FIC) i S\u00edlvia Monfort (ERC-AM), han sol\u00b7licitat la convocat\u00f2ria d\u2019un ple extraordinari, que inclou el seg\u00fcent assumpte: \u201cBases reguladores, per la creaci\u00f3 d\u2019unes noves ajudes puntuals i directes destinades als aut\u00f2noms, mutualistes i empreses afectades per aquest segon confinament i les mesures restrictives aprovades\u201d.<\/span><\/p>\n<p style=\"text-align: justify;\"><span style=\"color: #000000;\">A la sol\u00b7licitud de convocat\u00f2ria de Ple nom\u00e9s hi consta aquest enunciat i no s\u2019hi inclou el text espec\u00edfic de les bases.<\/span><\/p>\n<p style=\"text-align: justify;\"><span style=\"color: #000000;\">L\u2019article 17.3 de la Llei 38\/2003, del 17 de novembre, general de subvencions, estableix que les bases reguladores de les subvencions hauran de concretar, com a m\u00ednim, el seg\u00fcent:<\/span><\/p>\n<p style=\"text-align: justify; padding-left: 30px;\"><span style=\"color: #000000;\">a)Definici\u00f3 de l\u2019objecte de la subvenci\u00f3.<\/span><\/p>\n<p style=\"text-align: justify; padding-left: 30px;\"><span style=\"color: #000000;\">b)Requisits que han de reunir els beneficiaris per a l\u2019obtenci\u00f3 de la subvenci\u00f3.<\/span><\/p>\n<p style=\"text-align: justify; padding-left: 30px;\"><span style=\"color: #000000;\">c)Condicions de solv\u00e8ncia i efic\u00e0cia que han de complir les persones jur\u00eddiques.<\/span><\/p>\n<p style=\"text-align: justify; padding-left: 30px;\"><span style=\"color: #000000;\">d)Procediment de concessi\u00f3 de la subvenci\u00f3.<\/span><\/p>\n<p style=\"text-align: justify; padding-left: 30px;\"><span style=\"color: #000000;\">e)Criteris objectius d\u2019atorgament de la subvenci\u00f3 i ponderaci\u00f3 d\u2019aquests criteris.<\/span><\/p>\n<p style=\"text-align: justify; padding-left: 30px;\"><span style=\"color: #000000;\">f)Quantia individualitzada de la subvenci\u00f3 o criteris per a la seva determinaci\u00f3.<\/span><\/p>\n<p style=\"text-align: justify; padding-left: 30px;\"><span style=\"color: #000000;\">g)\u00d2rgans competents per a l\u2019ordenaci\u00f3, la instrucci\u00f3 i la resoluci\u00f3 del procediment de concessi\u00f3 de la subvenci\u00f3 i el termini en qu\u00e8 ha de ser notificada la resoluci\u00f3.<\/span><\/p>\n<p style=\"text-align: justify; padding-left: 30px;\"><span style=\"color: #000000;\">h)Determinaci\u00f3 dels llibres i els registres comptables espec\u00edfics per garantir l\u2019adequada justificaci\u00f3 de la subvenci\u00f3.<\/span><\/p>\n<p style=\"text-align: justify; padding-left: 30px;\"><span style=\"color: #000000;\">i)Termini i forma de justificaci\u00f3 per part del beneficiari del compliment de la finalitat per a la qual es va concedir la subvenci\u00f3.<\/span><\/p>\n<p style=\"text-align: justify; padding-left: 30px;\"><span style=\"color: #000000;\">j)Mesures de garantia que es considerin necessaris constituir.<\/span><\/p>\n<p style=\"text-align: justify; padding-left: 30px;\"><span style=\"color: #000000;\">k)Possibilitat de fer pagaments anticipats i abonaments a compte.<\/span><\/p>\n<p style=\"text-align: justify; padding-left: 30px;\"><span style=\"color: #000000;\">l)Circumst\u00e0ncies que, a conseq\u00fc\u00e8ncia de l\u2019alteraci\u00f3 de les condicions tingudes en compte per a la concessi\u00f3 de la subvenci\u00f3, poden donar lloc a la modificaci\u00f3 de la resoluci\u00f3.<\/span><\/p>\n<p style=\"text-align: justify; padding-left: 30px;\"><span style=\"color: #000000;\">m)Compatibilitat o incompatibilitat amb altres subvencions, ajuts, ingressos o recursos per a la mateixa finalitat.<\/span><\/p>\n<p style=\"text-align: justify; padding-left: 30px;\"><span style=\"color: #000000;\">n)Criteris de graduaci\u00f3 dels possibles incompliments de condicions imposades amb motiu de la concessi\u00f3 de les subvencions.<\/span><\/p>\n<p style=\"text-align: justify;\"><span style=\"color: #000000;\">A la sol\u00b7licitud de convocat\u00f2ria de Ple nom\u00e9s hi consta l\u2019ordre del dia i no inclou el text de les bases reguladores de subvencions amb els criteris establerts a la llei de subvencions.<\/span><\/p>\n<p style=\"text-align: justify;\"><span style=\"color: #000000;\">Per aquest motiu es proposa al Ple:<\/span><\/p>\n<p style=\"text-align: justify; padding-left: 30px;\"><span style=\"color: #000000;\"><strong><em>Primer: <\/em><\/strong><em>Iniciar l\u2019expedient per a l\u2019elaboraci\u00f3 d\u2019unes bases reguladores per a la concessi\u00f3 de subvencions a aut\u00f2noms, mutualistes i empreses afectades per la segona onada de la Covid-19.<\/em><\/span><\/p>\n<p style=\"text-align: justify; padding-left: 30px;\"><span style=\"color: #000000;\"><strong><em>Segon: <\/em><\/strong><em>Ordenar la redacci\u00f3 de les bases reguladores per a la concessi\u00f3 de subvencions a aut\u00f2noms, mutualistes i empreses afectades per la segona onada de la Covid-19, i la preparaci\u00f3 de la resta de documentaci\u00f3 que ha de formar part de l\u2019expedient. <\/em><\/span><\/p>\n<p style=\"text-align: justify; padding-left: 30px;\"><span style=\"color: #000000;\"><strong><em>Tercer: <\/em><\/strong><em>Redactades les bases reguladores citades i preparada la restant documentaci\u00f3, remetre l\u2019expedient al Ple per la serva aprovaci\u00f3.<\/em><\/span><\/p>\n<p style=\"text-align: justify;\"><span style=\"color: #000000;\"><u>No s\u2019aprova<\/u> iniciar l\u2019expedient de les bases reguladores.<\/span><\/p>\n<p style=\"text-align: justify;\"><span style=\"color: #000000;\"><u>Vots a favor:<\/u> 5 (2 del PSC, 1 d\u2019Units-FIC, 1 d\u2019Ara la Bisbal i 1 d\u2019ERC-AM)<\/span><\/p>\n<p style=\"text-align: justify;\"><span style=\"color: #000000;\"><u>Vots en contra:<\/u> 6 (de Comprom\u00eds amb la Bisbal)<\/span><\/p>\n<p style=\"text-align: justify;\"><span style=\"color: #000000;\"><u>Abstencions:<\/u> 0<\/span><\/p>\n<hr \/>\n<p style=\"text-align: justify;\"><span style=\"color: #000000;\"><strong>CASTELLANO |\u00a0<\/strong><strong>Este mi\u00e9rcoles 25 de noviembre de 2020 se ha celebrado un Pleno extraordinario en el Ayuntamiento de la Bisbal del Pened\u00e8s<\/strong><\/span><\/p>\n<p style=\"text-align: justify;\"><span style=\"color: #000000;\">Este mi\u00e9rcoles 25 de noviembre de 2020, a las 08.00h, ha tenido lugar un Pleno Extraordinario en el Ayuntamiento de la Bisbal del Pened\u00e8s a petici\u00f3n de los concejales Daniel Caballero (PSC), Xavier Faura (Units-FIC) y S\u00edlvia Monfort (ERC-AM).<\/span><\/p>\n<p style=\"text-align: justify;\"><span style=\"color: #000000;\">El Pleno se ha celebrado a puerta cerrada para poder garantizar todas las medidas de prevenci\u00f3n de contagios con motivo de la pandemia de COVID-19 y posteriormente se ha publicado en <a style=\"color: #000000;\" href=\"https:\/\/www.youtube.com\/watch?v=VavRyse8yBo\">Youtube<\/a>.<\/span><\/p>\n<p style=\"text-align: justify;\"><span style=\"color: #000000;\">Se han tratado los puntos siguientes:<\/span><\/p>\n<p style=\"text-align: justify;\"><span style=\"color: #000000;\"><strong>1.-Creaci\u00f3n de una mesa de di\u00e1logo formada por los portavoces de los grupos municipales y representantes de la entidad Club Siglo XX.<\/strong><\/span><\/p>\n<p style=\"text-align: justify;\"><span style=\"color: #000000;\">Los concejales Daniel Caballero (PSC), Xavier Faura (Units-FIC) y S\u00edlvia Monfort (ERC-AM), han solicitado la convocatoria de un Pleno extraordinario, que incluye el siguiente punto: \u201cConstituci\u00f3n de una mesa de di\u00e1logo formada por los portavoces de los grupos municipales del pleno con los representantes del Club Segle XX a fin de encontrar una soluci\u00f3n pol\u00edtica\u201d.<\/span><\/p>\n<p style=\"text-align: justify;\"><span style=\"color: #000000;\">Como en la solicitud de la convocatoria del Pleno solamente constaba el orden del d\u00eda y no se inclu\u00eda un texto con la propuesta concreta de los acuerdos que se pretenden adoptar, en la propuesta elevada al Pleno se ha considerado equiparar la mesa de di\u00e1logo a una comisi\u00f3n.<\/span><\/p>\n<p style=\"text-align: justify;\"><span style=\"color: #000000;\">Una comisi\u00f3n se estructura como un consejo sectorial, con el objetivo de dar entrada a la opini\u00f3n vecinal dentro de la organizaci\u00f3n municipal. El funcionamiento de un consejo sectorial se rige por lo que se dispone en los acuerdos plenarios que se establecen y por su reglamento interno. Los consejos sectoriales desarrollar\u00e1n exclusivamente funciones de informe y propuestas en relaci\u00f3n con las iniciativas municipales relativas al sector de actividad al cual corresponda cada consejo.<\/span><\/p>\n<p style=\"text-align: justify;\"><span style=\"color: #000000;\">El procedimiento para la constituci\u00f3n de un \u00f3rgano de participaci\u00f3n es el siguiente:<\/span><\/p>\n<p style=\"text-align: justify; padding-left: 30px;\"><span style=\"color: #000000;\">-Se constituye mediante acuerdo del Pleno, especificando la composici\u00f3n, organizaci\u00f3n y \u00e1mbito de actuaci\u00f3n del \u00f3rgano.<\/span><\/p>\n<p style=\"text-align: justify; padding-left: 30px;\"><span style=\"color: #000000;\">-El acuerdo se comunicar\u00e1 a los miembros de las distintas organizaciones, asociaciones y entidades que formen parte de la comisi\u00f3n para que designen a sus representantes.<\/span><\/p>\n<p style=\"text-align: justify;\"><span style=\"color: #000000;\">Al no haber una propuesta detallada en el documento que se entr\u00f3 para solicitar el Pleno, se propone, desde alcald\u00eda, la siguiente redacci\u00f3n:<\/span><\/p>\n<p style=\"text-align: justify; padding-left: 30px;\"><span style=\"color: #000000;\"><em>Iniciar la tramitaci\u00f3n del expediente para la constituci\u00f3n de una mesa de di\u00e1logo formada por los portavoces de los grupos municipales y representantes de la entidad Club Siglo XX, que tendr\u00e1 car\u00e1cter consultivo y deliberante, en el que se tendr\u00e1 que determinar su composici\u00f3n, organizaci\u00f3n y \u00e1mbito de actuaci\u00f3n.<\/em><\/span><\/p>\n<p style=\"text-align: justify;\"><span style=\"color: #000000;\"><u>No se ha aprobado.<\/u><\/span><\/p>\n<p style=\"text-align: justify;\"><span style=\"color: #000000;\"><u>Votos a favor:<\/u> 5 (2 del PSC, 1 de Units-FIC, 1 de Ara la Bisbal y 1 de ERC-AM)<\/span><\/p>\n<p style=\"text-align: justify;\"><span style=\"color: #000000;\"><u>Votos en contra:<\/u> 6 (6 de Comprom\u00eds amb la Bisbal)<\/span><\/p>\n<p style=\"text-align: justify;\"><span style=\"color: #000000;\"><u>Abstenciones:<\/u> 0<\/span><\/p>\n<p style=\"text-align: justify;\"><span style=\"color: #000000;\"><strong>2.-Revocaci\u00f3n del nombramiento de la Secretaria municipal<\/strong><\/span><\/p>\n<p style=\"text-align: justify;\"><span style=\"color: #000000;\">Los concejales Daniel Caballero (PSC), Xavier Faura (Units-FIC) y S\u00edlvia Monfort (ERC-AM), han solicitado la convocatoria de un Pleno extraordinario, que incluye el siguiente punto: \u201cReprobaci\u00f3n de la secretaria municipal, por dirigirse al juzgado en relaci\u00f3n contenciosos administrativos interpuestos por el Club Siglo XX, ya que no est\u00e1 colegiada ni es abogada\u201d.<\/span><\/p>\n<p style=\"text-align: justify;\"><span style=\"color: #000000;\">Seg\u00fan la explicaci\u00f3n de la alcaldesa de la Bisbal del Pened\u00e8s, Agn\u00e8s Ferr\u00e9 \u201cen la solicitud de convocatoria del Pleno solamente consta el orden del d\u00eda y no incluye el texto de la propuesta de la <em>reprobaci\u00f3n<\/em> que, en todo caso, ser\u00eda <em>revocaci\u00f3n<\/em>\u201d y, por este motivo, se ha considerado emplear esta \u00faltima palabra (revocaci\u00f3n\/revocar) a la hora de redactar la propuesta. Los concejales que hav\u00edan presentado la propuesta no han estado de acuerdo con el uso de esta otra palabra porque consideran que cambia el sentido que aquello que quer\u00edan plantear en este punto.<\/span><\/p>\n<p style=\"text-align: justify;\"><span style=\"color: #000000;\">El informe jur\u00eddico de este punto detalla que, para revocar la plaza de secretaria interina, hay que seguir el siguiente procedimiento:<\/span><\/p>\n<p style=\"text-align: justify; padding-left: 30px;\"><span style=\"color: #000000;\">-Por parte del servicio de personal, manifestar la necesidad de proceder a la revocaci\u00f3n.<\/span><\/p>\n<p style=\"text-align: justify; padding-left: 30px;\"><span style=\"color: #000000;\">-Emisi\u00f3n de un informe de secretar\u00eda y abrir el per\u00edodo de audiencia de 15 d\u00edas de la persona que se quiere revocar.<\/span><\/p>\n<p style=\"text-align: justify; padding-left: 30px;\"><span style=\"color: #000000;\">-Enviar toda la documentaci\u00f3n a la Comunidad aut\u00f3noma que es quien tiene la competencia de efectuar la revocaci\u00f3n.<\/span><\/p>\n<p style=\"text-align: justify; padding-left: 30px;\"><span style=\"color: #000000;\">-La Comunidad Aut\u00f3noma es quien valorar\u00e1 si concurren todas las circunstancias necesarias para revocar la autorizaci\u00f3n.<\/span><\/p>\n<p style=\"text-align: justify;\"><span style=\"color: #000000;\">Por tanto, no es el Pleno quien tiene competencias para revocar el nombramiento, sino que tendr\u00eda que ser la Comunidad Aut\u00f3noma.<\/span><\/p>\n<p style=\"text-align: justify;\"><span style=\"color: #000000;\">Finalmente, la propuesta que ha firmado la alcaldesa y que se ha elevado al Pleno \u2013para proceder a su votaci\u00f3n- es la siguiente:<\/span><\/p>\n<p style=\"text-align: justify; padding-left: 30px;\"><span style=\"color: #000000;\"><em>Declarar la improcedencia del asunto \u201creprobaci\u00f3n de la Secretaria municipal, por dirigirse al juzgado en relaci\u00f3n con contenciosos administrativos interpuestos por el Club Siglo XX, ya que no est\u00e1 colegiada ni es abogada\u201d, por los motivos siguientes: <\/em><\/span><\/p>\n<p style=\"text-align: justify; padding-left: 30px;\"><span style=\"color: #000000;\"><em>-El escrito de alegaciones presentado por el Ayuntamiento en el Juzgado, est\u00e1 firmado por la Secretaria de la Corporaci\u00f3n como Secretaria interina de la Corporaci\u00f3n, en ning\u00fan caso, como abogada ni letrada.<\/em><\/span><\/p>\n<p style=\"text-align: justify; padding-left: 30px;\"><span style=\"color: #000000;\"><em>\u00a0<\/em><em>-De acuerdo con el r\u00e9gimen jur\u00eddico de los funcionarios de Administraci\u00f3n Local con habilitaci\u00f3n de car\u00e1cter nacional, la funci\u00f3n p\u00fablica de Secretar\u00eda integra la fe p\u00fablica y el asesoramiento legal perceptivo. Es en este sentido que se entiende la firma de la Secretaria en el escrito presentado en el juzgado. <\/em><em>\u00a0<\/em><\/span><\/p>\n<p style=\"text-align: justify; padding-left: 30px;\"><span style=\"color: #000000;\"><em>-No se ha producido ning\u00fan supuesto legalmente establecido ni existe ninguna causa justificada para iniciar un expediente para la tramitaci\u00f3n de la revocaci\u00f3n del nombramiento de la Secretaria interina de este Ayuntamiento. <\/em><\/span><\/p>\n<p style=\"text-align: justify; padding-left: 30px;\"><span style=\"color: #000000;\"><em>-De conformidad con el r\u00e9gimen jur\u00eddico de los funcionarios de Administraci\u00f3n Local con habilitaci\u00f3n de car\u00e1cter nacional, el Pleno no es competente en este asunto.<\/em><\/span><\/p>\n<p style=\"text-align: justify;\"><span style=\"color: #000000;\"><u>Se aprueba<\/u> declarar la improcedencia del asunto \u201creprobaci\u00f3n de la Secretaria municipal, por dirigirse al juzgado en relaci\u00f3n con contenciosos administrativos interpuestos por el Club Segle XX, ya que no est\u00e1 colegiada ni es abogada\u201d.<\/span><\/p>\n<p style=\"text-align: justify;\"><span style=\"color: #000000;\"><u>Votos a favor:<\/u> 6 (Comprom\u00eds amb la Bisbal)<\/span><\/p>\n<p style=\"text-align: justify;\"><span style=\"color: #000000;\"><u>Votos en contra:<\/u> 0<\/span><\/p>\n<p style=\"text-align: justify;\"><span style=\"color: #000000;\"><u>Abstenciones:<\/u> 5 (2 del PSC, 1 d\u2019Units-FIC, 1 d\u2019Ara la Bisbal y 1 de ERC-AM)<\/span><\/p>\n<p style=\"text-align: justify;\"><span style=\"color: #000000;\"><strong>\u00a0<\/strong><\/span><\/p>\n<p style=\"text-align: justify;\"><span style=\"color: #000000;\"><strong>3.-Determinaci\u00f3n de los locales sociales de la Miralba y del Priorat como colegios electorales <\/strong><\/span><\/p>\n<p style=\"text-align: justify;\"><span style=\"color: #000000;\">Los concejales Daniel Caballero (PSC), Xavier Faura (Units-FIC) y S\u00edlvia Monfort (ERC-AM), han solicitado la convocatoria de un pleno extraordinario, que incluye el siguiente punto: \u201cAprobar la propuesta para la constituci\u00f3n de colegios electorales en los locales sociales de la Miralba y el Priorato del municipio de la Bisbal del Pened\u00e8s\u201d.<\/span><\/p>\n<p style=\"text-align: justify;\"><span style=\"color: #000000;\">El procedimiento a seguir para la determinaci\u00f3n del n\u00famero y los l\u00edmites de las secciones electorales, sus locales y las mesas correspondientes en cada una de ellas ser\u00e1 el siguiente:<\/span><\/p>\n<p style=\"text-align: justify; padding-left: 30px;\"><span style=\"color: #000000;\">-Los servicios t\u00e9cnicos municipales emitir\u00e1n informe.<\/span><\/p>\n<p style=\"text-align: justify; padding-left: 30px;\"><span style=\"color: #000000;\">-Alcald\u00eda propondr\u00e1 los locales para ejercer el derecho a voto, ya que es quien tiene la competencia.<\/span><\/p>\n<p style=\"text-align: justify; padding-left: 30px;\"><span style=\"color: #000000;\">-La propuesta de Alcald\u00eda se enviar\u00e1 a la Delegaci\u00f3n Provincial de la Oficina del Censo Electoral para que determine los locales que estima adecuados.<\/span><\/p>\n<p style=\"text-align: justify; padding-left: 30px;\"><span style=\"color: #000000;\">-Dentro de los diez d\u00edas anteriores a las votaciones se tendr\u00e1 que difundir por Internet, a trav\u00e9s de la Oficina del Censo Electoral, y se expondr\u00e1 al p\u00fablico en el Ayuntamiento, la relaci\u00f3n definitiva de secciones, mesas y locales electorales.<\/span><\/p>\n<p style=\"text-align: justify;\"><span style=\"color: #000000;\">Por todo ello, la propuesta que ha firmado alcald\u00eda y que se somete a votaci\u00f3n en el Pleno, es:<\/span><\/p>\n<p style=\"text-align: justify; padding-left: 30px;\"><span style=\"color: #000000;\"><em>Declarar la improcedencia del asunto \u201caprobar la propuesta para la constituci\u00f3n de colegios electorales en los locales sociales de la Miralba y el Priorat del municipio de La Bisbal del Pened\u00e8s\u201d, ya que es la alcald\u00eda quien propone los locales para ejercer el derecho a voto en la Delegaci\u00f3n Provincial de la Oficina del Censo Electoral, para que esta determine los locales que estima adecuados para ejercer el derecho a voto el d\u00eda de las elecciones.<\/em><\/span><\/p>\n<p style=\"text-align: justify;\"><span style=\"color: #000000;\"><u>Se aprueba <\/u>declarar la improcedencia del asunto \u201caprobar la propuesta para la constituci\u00f3n de colegios electorales en los locales sociales de la Miralba y el Priorat del municipio de La Bisbal del Pened\u00e8s\u201d.<\/span><\/p>\n<p style=\"text-align: justify;\"><span style=\"color: #000000;\"><u>Votos a favor:<\/u> 6 (Comprom\u00eds amb la Bisbal)<\/span><\/p>\n<p style=\"text-align: justify;\"><span style=\"color: #000000;\"><u>Votos en contra: <\/u>5 (2 del PSC, 1 d\u2019Units-FIC, 1 d\u2019Ara la Bisbal i 1 d\u2019ERC-AM)<\/span><\/p>\n<p style=\"text-align: justify;\"><span style=\"color: #000000;\"><u>Abstenciones:<\/u> 0<\/span><\/p>\n<p style=\"text-align: justify;\"><span style=\"color: #000000;\">Cabe decir que, en referencia a este punto del Pleno, la alcaldesa ha explicado que \u201cel lunes 23 de noviembre se entr\u00f3 por registro de entrada del Ayuntamiento de la Bisbal del Pened\u00e8s un documento firmado por los concejales Sr. Daniel Caballero (PSC) y el Sr. Xavier Faura (Units-FIC), donde solicitan que <em>\u2018este punto se mantenga en el orden del d\u00eda del plenario y se pueda debatir si existe un criterio pol\u00edtico distinto al de los grupos proponentes que impida que finalmente prospere la propuesta\u2019<\/em>. La alcaldesa ha concluido que \u201ceste punto se mantiene en el orden del d\u00eda porque as\u00ed consta en la convocatoria del Pleno extraordinario del viernes y se debatir\u00e1 tal y como se indica en el art\u00edculo 107 del ROM\u201d.<\/span><\/p>\n<p style=\"text-align: justify;\">\n<p style=\"text-align: justify;\"><span style=\"color: #000000;\"><strong>4.-Modificaci\u00f3n de cr\u00e9dito para financiar una l\u00ednea de subvenciones a aut\u00f3nomos, mutualistas y empresas afectadas por la segunda oleada de la Covid-19.<\/strong><\/span><\/p>\n<p style=\"text-align: justify;\"><span style=\"color: #000000;\">Los concejales Daniel Caballero (PSC), Xavier Faura (Units-FIC) y S\u00edlvia Monfort (ERC-AM) han solicitado la convocatoria de un pleno extraordinario, que incluye el asunto siguiente: \u201cModificaci\u00f3n de cr\u00e9dito de 40.000 euros del super\u00e1vit, para la creaci\u00f3n de unas ayudas puntuales y directas destinadas a los aut\u00f3nomos, mutualistas y empresas afectadas por este segundo confinamiento y las medidas restrictivas aprobadas\u201d.<\/span><\/p>\n<p style=\"text-align: justify;\"><span style=\"color: #000000;\">En la solicitud de convocatoria del Pleno solamente consta este enunciado, pero no se incluye un texto con la propuesta de los acuerdos a adoptar.<\/span><\/p>\n<p style=\"text-align: justify;\"><span style=\"color: #000000;\">Las circunstancias excepcionales acontecidas a nivel global como consecuencia de la evoluci\u00f3n temporal y geogr\u00e1fica del brote de Covid-19 han hecho que se hayan adoptado numerosas medidas urgentes y extraordinarias para hacer frente al impacto econ\u00f3mico y social de esta pandemia. Entre otras, el <a style=\"color: #000000;\" href=\"https:\/\/www.boe.es\/buscar\/act.php?id=BOE-A-2020-3824\">Real decreto ley 8\/2020, del 17 de marzo,<\/a> de medidas urgentes extraordinarias para hacer frente al impacto econ\u00f3mico y social de la Covid-19, autoriza la destinaci\u00f3n del 20% como m\u00e1ximo del super\u00e1vit del 2019 a gastos incluidos en la pol\u00edtica de gastos sociales, siempre que se cumplan los requisitos establecidos (estabilidad presupuestaria, remanente de tesorer\u00eda positivo, endeudamiento inferior al 110% (es del 28,83%) y PMP del 1\u00ba trimestre del 2020 inferior a los 30 d\u00edas (es de 29,35 d\u00edas)). Tambi\u00e9n se establece el requisito de que este m\u00e1ximo del 20% del super\u00e1vit no sea superior al importe del objetivo de estabilidad presupuestaria para la previsi\u00f3n de la liquidaci\u00f3n del ejercicio 2020.<\/span><\/p>\n<p style=\"text-align: justify;\"><span style=\"color: #000000;\">Por todo ello, el 5 de mayo se firm\u00f3 un Decreto de alcald\u00eda para poder destinar el importe m\u00e1ximo del super\u00e1vit a ayudas para la Covid-19, que era de 28.201,46\u20ac <a style=\"color: #000000;\" href=\"https:\/\/bisbalpenedes.com\/web\/2020\/05\/11\/aquest-dilluns-11-de-maig-sha-celebrat-el-primer-ple-extraordinari-telematic-a-lajuntament-de-la-bisbal-del-penedes\/\">y se ratific\u00f3 en el Pleno extraordinario del 11 de mayo de 2020.<\/a> A este importe se le sumaron otras cantidades de otras partidas para poder convocar las subvenciones.<\/span><\/p>\n<p style=\"text-align: justify;\"><span style=\"color: #000000;\">El <a style=\"color: #000000;\" href=\"https:\/\/www.boe.es\/buscar\/act.php?id=BOE-A-2020-6621\">Real decreto ley 23\/2020, de 23 de junio<\/a> autoriz\u00f3 el uso del super\u00e1vit del ejercicio 2019 para realizar inversiones financieramente sostenibles en determinadas partidas pero no en las ayudas sociales por Covid-19.<\/span><\/p>\n<p style=\"text-align: justify;\"><span style=\"color: #000000;\">Actualmente s\u00ed que hay este importe disponible en otras partidas del mismo cap\u00edtulo que permite, si es el caso, hacer el traspaso a las partidas correspondientes, pero, seg\u00fan ha explicado la alcaldesa, \u201cla normativa indica que, en caso que se pueda hacer por vinculaci\u00f3n de partidas disponibles, no se permite hacer modificaci\u00f3n de cr\u00e9dito como la que se propone, del super\u00e1vit\u201d.<\/span><\/p>\n<p style=\"text-align: justify;\"><span style=\"color: #000000;\">Por estos motivos, la propuesta que ha firmado alcald\u00eda y que se eleva a votaci\u00f3n en el Pleno, es:<\/span><\/p>\n<p style=\"text-align: justify; padding-left: 30px;\"><span style=\"color: #000000;\"><em>Declarar la improcedencia de la tramitaci\u00f3n de la \u201cmodificaci\u00f3n de cr\u00e9dito por importe de 40.000 euros del super\u00e1vit, para la creaci\u00f3n de unas nuevas ayudas puntuales y directas destinadas a los aut\u00f3nomos, mutualistas y empresas afectadas por este segundo confinamiento y las medidas restrictivas aprobadas\u201d, incluida como asunto en el orden del d\u00eda de la petici\u00f3n de la convocatoria del Pleno extraordinario presentada por tres miembros de esta Corporaci\u00f3n.<\/em><\/span><\/p>\n<p style=\"text-align: justify;\"><span style=\"color: #000000;\"><u>Se aprueba<\/u> declarar la improcedencia del asunto \u201cModificaci\u00f3n de cr\u00e9dito por importe de 40.000 euros del super\u00e1vit, para la creaci\u00f3n de unas nuevas ayudas puntuales y directas destinadas a los aut\u00f3nomos, mutualistas y empresas afectadas por este segundo confinamiento y las medidas restrictivas aprobadas\u201d.<\/span><\/p>\n<p style=\"text-align: justify;\"><span style=\"color: #000000;\"><u>Votos a favor:<\/u> 6 (Comprom\u00eds amb la Bisbal)<\/span><\/p>\n<p style=\"text-align: justify;\"><span style=\"color: #000000;\"><u>Votos en contra:<\/u> 5 (2 del PSC, 1 de Units-FIC, 1 de Ara la Bisbal y 1 de ERC-AM)<\/span><\/p>\n<p style=\"text-align: justify;\"><span style=\"color: #000000;\"><u>Abstenciones:<\/u> 0<\/span><\/p>\n<p style=\"text-align: justify;\"><span style=\"color: #000000;\">Cabe decir que, en referencia a este punto del Pleno, la alcaldesa ha explicado que \u201cel martes 24 de noviembre los concejales Daniel Caballero (PSC), Xavier Faura (Units-FIC) y S\u00edlvia Monfort (ERC-AM) entraron un documento por registro solicitando <em>\u2018someter a debate y votaci\u00f3n la reserva de 40.000\u20ac de los 63.818,84\u20ac de cr\u00e9dito con vinculaci\u00f3n jur\u00eddica disponible para dotar de fondos econ\u00f3micos las bases reguladoras que se someten a votaci\u00f3n en el punto 5\u00ba de este Pleno\u2019<\/em>\u201d. Por este motivo, ha expuesto que \u201cel art\u00edculo 107.g del ROM indica que \u2018<em>durante el desarrollo del debate, los miembros podr\u00e1n plantear enmiendas que tengan por finalidad reparar errores ling\u00fc\u00edsticos y gramaticales\u2019<\/em> y ha considerado que las enmiendas planteadas \u201cno son correcciones ling\u00fc\u00edsticas ni gramaticales, sino que var\u00edan el contenido de la frase que propusisteis en el orden del d\u00eda (&#8230;) y que tambi\u00e9n var\u00eda el contenido de la propuesta que hemos preparado. Por tanto, no se puede aceptar vuestra enmienda que modifica la propuesta\u201d. Tambi\u00e9n ha explicado que si fuese un punto a a\u00f1adir como punto de urgencia \u201cno lo podemos aceptar porque el art\u00edculo 9 del ROM establece que \u201cen las sesiones extraordinarias, no se podr\u00e1n adoptar acuerdos sobre temas incluidos en el orden del d\u00eda. En el caso que se adoptasen acuerdos, resultar\u00edan nulos\u201d y, por \u00faltimo, ha expuesto que \u201cpara aprobar unas bases de subvenciones (sin aprobar la convocatoria en un mismo acto), no es necesario tener consignaci\u00f3n presupuestaria en aquel momento, sino que hay que tener partida y con consignaci\u00f3n presupuestaria cuando se aprueba la convocatoria de una subvenci\u00f3n\u201d.<\/span><\/p>\n<p style=\"text-align: justify;\"><span style=\"color: #000000;\"><strong>\u00a0<\/strong><\/span><\/p>\n<p style=\"text-align: justify;\"><span style=\"color: #000000;\"><strong>5.-Elaboraci\u00f3n de unas bases reguladoras para la concesi\u00f3n de subvenciones a aut\u00f3nomos, mutualistas y empresas afectadas por la segunda oleada de Covid-19. <\/strong><\/span><\/p>\n<p style=\"text-align: justify;\"><span style=\"color: #000000;\">Los concejales Daniel Caballero (PSC), Xavier Faura (Units-FIC) y S\u00edlvia Monfort (ERC-AM) han solicitado la convocatoria de un Pleno extraordinario, que incluye el siguiente punto: \u201cBases reguladoras, para la creaci\u00f3n de unas nuevas ayudas puntuales y directas destinadas a los aut\u00f3nomos, mutualistas y empresas afectadas por este segundo confinamiento y las medidas restrictivas aprobadas\u201d.<\/span><\/p>\n<p style=\"text-align: justify;\"><span style=\"color: #000000;\">En la solicitud de convocatoria del Pleno solamente consta este enunciado y no se incluye el texto espec\u00edfico de las bases.<\/span><\/p>\n<p style=\"text-align: justify;\"><span style=\"color: #000000;\">El art\u00edculo 17.3 de la Ley 38\/2003, del 17 de noviembre, general de subvenciones, establece que las bases reguladoras de las subvenciones deber\u00e1n concretar, como m\u00ednimo, lo siguiente:<\/span><\/p>\n<p style=\"text-align: justify; padding-left: 30px;\"><span style=\"color: #000000;\">a)Definici\u00f3n del objeto de la subvenci\u00f3n<\/span><\/p>\n<p style=\"text-align: justify; padding-left: 30px;\"><span style=\"color: #000000;\">b)Requisitos que deben reunir los beneficiarios para la obtenci\u00f3n de la subvenci\u00f3n.<\/span><\/p>\n<p style=\"text-align: justify; padding-left: 30px;\"><span style=\"color: #000000;\">c)Condiciones de solvencia y eficacia que deben cumplir las personas jur\u00eddicas.<\/span><\/p>\n<p style=\"text-align: justify; padding-left: 30px;\"><span style=\"color: #000000;\">d)Procedimiento de concesi\u00f3n de la subvenci\u00f3n.<\/span><\/p>\n<p style=\"text-align: justify; padding-left: 30px;\"><span style=\"color: #000000;\">e)Criterios objetivos de otorgamiento de la subvenci\u00f3n y ponderaci\u00f3n de estos criterios.<\/span><\/p>\n<p style=\"text-align: justify; padding-left: 30px;\"><span style=\"color: #000000;\">f)Cuant\u00eda individualizada de la subvenci\u00f3n o criterios para su determinaci\u00f3n.<\/span><\/p>\n<p style=\"text-align: justify; padding-left: 30px;\"><span style=\"color: #000000;\">g)\u00d3rganos competentes para la ordenaci\u00f3n, la instrucci\u00f3n y la resoluci\u00f3n del procedimiento de concesi\u00f3n de la subvenci\u00f3n y el plazo en que tiene que ser notificada la resoluci\u00f3n.<\/span><\/p>\n<p style=\"text-align: justify; padding-left: 30px;\"><span style=\"color: #000000;\">h)Determinaci\u00f3n de los libros y los registros contables espec\u00edficos para garantizar la adecuada justificaci\u00f3n de la subvenci\u00f3n.<\/span><\/p>\n<p style=\"text-align: justify; padding-left: 30px;\"><span style=\"color: #000000;\">i)Plazo y forma de justificaci\u00f3n por parte del beneficiario del cumplimiento de la finalidad para la cual se concedi\u00f3 la subvenci\u00f3n.<\/span><\/p>\n<p style=\"text-align: justify; padding-left: 30px;\"><span style=\"color: #000000;\">j)Medidas de garant\u00eda que se consideren necesarios constituir.<\/span><\/p>\n<p style=\"text-align: justify; padding-left: 30px;\"><span style=\"color: #000000;\">k)Posibilidad de hacer pagos anticipados y abonos a cuenta.<\/span><\/p>\n<p style=\"text-align: justify; padding-left: 30px;\"><span style=\"color: #000000;\">l)Circunstancias que, como consecuencia de la alteraci\u00f3n de las condiciones tenidas en cuenta para la concesi\u00f3n de la subvenci\u00f3n, pueden dar lugar a la modificaci\u00f3n de la resoluci\u00f3n.<\/span><\/p>\n<p style=\"text-align: justify; padding-left: 30px;\"><span style=\"color: #000000;\">m)Compatibilidad o incompatibilidad con otras subvenciones, ayudas, ingresos o recursos para la misma finalidad.<\/span><\/p>\n<p style=\"text-align: justify; padding-left: 30px;\"><span style=\"color: #000000;\">n)Criterios de graduaci\u00f3n de los posibles incumplimientos de condiciones impuestas con motivo de la concesi\u00f3n de las subvenciones.<\/span><\/p>\n<p style=\"text-align: justify;\"><span style=\"color: #000000;\">En la solicitud de convocatoria del Pleno solamente consta el orden del d\u00eda y no incluye el texto de las bases reguladoras de subvenciones con los criterios establecidos en la ley de subvenciones.<\/span><\/p>\n<p style=\"text-align: justify;\"><span style=\"color: #000000;\">Por este motivo se propone al Pleno:<\/span><\/p>\n<p style=\"text-align: justify; padding-left: 30px;\"><span style=\"color: #000000;\"><strong><em>Primero:<\/em><\/strong><em> Iniciar el expediente para la elaboraci\u00f3n de unas bases reguladoras para la concesi\u00f3n de subvenciones a aut\u00f3nomos, mutualistas y empresas afectadas por la segunda oleada de la Covid-19.<\/em><\/span><\/p>\n<p style=\"text-align: justify; padding-left: 30px;\"><span style=\"color: #000000;\"><strong><em>Segundo:<\/em><\/strong><em> Ordenar la redacci\u00f3n de las bases reguladoras para la concesi\u00f3n de subvenciones a aut\u00f3nomos, mutualistas y empresas afectadas por la segunda oleada de la Covid-19, y la preparaci\u00f3n del resto de documentaci\u00f3n que debe formar parte del expediente.<\/em><\/span><\/p>\n<p style=\"text-align: justify; padding-left: 30px;\"><span style=\"color: #000000;\"><strong><em>Tercero:<\/em><\/strong><em> Redactadas las bases reguladoras citadas y preparada la restante documentaci\u00f3n, remitir el expediente al Pleno para su aprobaci\u00f3n.<\/em><\/span><\/p>\n<p style=\"text-align: justify;\"><span style=\"color: #000000;\"><u>No se aprueba<\/u> iniciar el expediente de las bases reguladoras.<\/span><\/p>\n<p style=\"text-align: justify;\"><span style=\"color: #000000;\"><u>Votos a favor:<\/u> 5 (2 del PSC, 1 de Units-FIC, 1 de Ara la Bisbal y 1 de ERC-AM)<\/span><\/p>\n<p style=\"text-align: justify;\"><span style=\"color: #000000;\"><u>Votos en contra:<\/u> 6 (de Comprom\u00eds amb la Bisbal)<\/span><\/p>\n<p style=\"text-align: justify;\"><span style=\"color: #000000;\"><u>Abstenciones:<\/u> 0<\/span><\/p>\n","protected":false},"excerpt":{"rendered":"<p>Aquest dimecres 25 de novembre de 2020, a les 8:00h, ha tingut lloc un Ple Extraordinari a l\u2019Ajuntament de la Bisbal del Pened\u00e8s a petici\u00f3 dels regidors Daniel Caballero (PSC), &hellip; <a href=\"https:\/\/bisbalpenedes.com\/web\/2020\/11\/26\/aquest-dimecres-25-de-novembre-de-2020-sha-celebrat-un-ple-extraordinari-a-lajuntament-de-la-bisbal-del-penedes\/\" class=\"more-link\">Read More<\/a><\/p>\n","protected":false},"author":4,"featured_media":15528,"comment_status":"closed","ping_status":"closed","sticky":false,"template":"","format":"standard","meta":[],"categories":[8,2250],"tags":[1086,4192,3559,359,246,139,423,4230,102],"_links":{"self":[{"href":"https:\/\/bisbalpenedes.com\/web\/wp-json\/wp\/v2\/posts\/15527"}],"collection":[{"href":"https:\/\/bisbalpenedes.com\/web\/wp-json\/wp\/v2\/posts"}],"about":[{"href":"https:\/\/bisbalpenedes.com\/web\/wp-json\/wp\/v2\/types\/post"}],"author":[{"embeddable":true,"href":"https:\/\/bisbalpenedes.com\/web\/wp-json\/wp\/v2\/users\/4"}],"replies":[{"embeddable":true,"href":"https:\/\/bisbalpenedes.com\/web\/wp-json\/wp\/v2\/comments?post=15527"}],"version-history":[{"count":2,"href":"https:\/\/bisbalpenedes.com\/web\/wp-json\/wp\/v2\/posts\/15527\/revisions"}],"predecessor-version":[{"id":15530,"href":"https:\/\/bisbalpenedes.com\/web\/wp-json\/wp\/v2\/posts\/15527\/revisions\/15530"}],"wp:featuredmedia":[{"embeddable":true,"href":"https:\/\/bisbalpenedes.com\/web\/wp-json\/wp\/v2\/media\/15528"}],"wp:attachment":[{"href":"https:\/\/bisbalpenedes.com\/web\/wp-json\/wp\/v2\/media?parent=15527"}],"wp:term":[{"taxonomy":"category","embeddable":true,"href":"https:\/\/bisbalpenedes.com\/web\/wp-json\/wp\/v2\/categories?post=15527"},{"taxonomy":"post_tag","embeddable":true,"href":"https:\/\/bisbalpenedes.com\/web\/wp-json\/wp\/v2\/tags?post=15527"}],"curies":[{"name":"wp","href":"https:\/\/api.w.org\/{rel}","templated":true}]}}