{"id":15523,"date":"2020-11-25T21:52:40","date_gmt":"2020-11-25T19:52:40","guid":{"rendered":"http:\/\/bisbalpenedes.com\/web\/?p=15523"},"modified":"2020-11-25T21:52:40","modified_gmt":"2020-11-25T19:52:40","slug":"lajuntament-sillumina-de-color-morat-amb-motiu-del-dia-internacional-per-a-leliminacio-de-la-violencia-envers-les-dones","status":"publish","type":"post","link":"https:\/\/bisbalpenedes.com\/web\/2020\/11\/25\/lajuntament-sillumina-de-color-morat-amb-motiu-del-dia-internacional-per-a-leliminacio-de-la-violencia-envers-les-dones\/","title":{"rendered":"L&#8217;Ajuntament s&#8217;il\u00b7lumina de color morat amb motiu del Dia internacional per a l\u2019eliminaci\u00f3 de la viol\u00e8ncia envers les dones"},"content":{"rendered":"<p style=\"text-align: justify;\"><span style=\"color: #000000;\"><span data-offset-key=\"clm4r-0-0\"><span data-text=\"true\"> Avui l&#8217;Ajuntament de la Bisbal del Pened\u00e8s s&#8217;il\u00b7lumina de color morat amb motiu del Dia internacional per a l\u2019eliminaci\u00f3 de la viol\u00e8ncia envers les dones i s\u2019ha adherit al missatge del manifest institucional en el marc del 25N. Podeu llegir el manifest, aqu\u00ed: <\/span><\/span><a href=\"https:\/\/www.acm.cat\/sites\/default\/files\/manual_uploads\/acm\/manifest_25n_2020.pdf\" target=\"_blank\"><span class=\"py34i1dx\"><span data-offset-key=\"clm4r-1-0\"><span data-text=\"true\">https:\/\/www.acm.cat\/sites\/default\/files\/manual_uploads\/acm\/manifest_25n_2020.pdf<\/span><\/span><\/span><\/a><span data-offset-key=\"clm4r-2-0\"><span data-text=\"true\">\u00a0<\/span><\/span><\/span><\/p>\n<hr \/>\n<p style=\"text-align: justify;\"><span style=\"color: #000000;\"><span data-offset-key=\"clm4r-2-0\"><span data-text=\"true\"><strong>CASTELLANO |<\/strong> Hoy el Ayuntamiento de la Bisbal del Pened\u00e8s se ha iluminado de color morado con motivo del D\u00eda Internacional para la eliminaci\u00f3n de la violencia hacia las mujeres y se ha adherido al mensaje del manifiesto institucional en el marco del 25N. Pod\u00e9is leer el manifiesto aqu\u00ed: <\/span><\/span><a href=\"https:\/\/www.acm.cat\/sites\/default\/files\/manual_uploads\/acm\/manifest_25n_2020.pdf\" target=\"_blank\"><span class=\"py34i1dx\"><span data-offset-key=\"clm4r-3-0\"><span data-text=\"true\">https:\/\/www.acm.cat\/sites\/default\/files\/manual_uploads\/acm\/manifest_25n_2020.pdf<\/span><\/span><\/span><\/a><\/span><\/p>\n<p style=\"text-align: justify;\"><a href=\"http:\/\/bisbalpenedes.com\/web\/wp-content\/uploads\/2020\/11\/AJUNTAMENT-MORAT-25N.jpg\"><img loading=\"lazy\" class=\"aligncenter size-full wp-image-15524\" src=\"http:\/\/bisbalpenedes.com\/web\/wp-content\/uploads\/2020\/11\/AJUNTAMENT-MORAT-25N.jpg\" alt=\"AJUNTAMENT MORAT 25N\" width=\"585\" height=\"654\" srcset=\"https:\/\/bisbalpenedes.com\/web\/wp-content\/uploads\/2020\/11\/AJUNTAMENT-MORAT-25N.jpg 585w, https:\/\/bisbalpenedes.com\/web\/wp-content\/uploads\/2020\/11\/AJUNTAMENT-MORAT-25N-268x300.jpg 268w\" sizes=\"(max-width: 585px) 100vw, 585px\" \/><\/a><\/p>\n","protected":false},"excerpt":{"rendered":"<p>Avui l&#8217;Ajuntament de la Bisbal del Pened\u00e8s s&#8217;il\u00b7lumina de color morat amb motiu del Dia internacional per a l\u2019eliminaci\u00f3 de la viol\u00e8ncia envers les dones i s\u2019ha adherit al missatge &hellip; <a href=\"https:\/\/bisbalpenedes.com\/web\/2020\/11\/25\/lajuntament-sillumina-de-color-morat-amb-motiu-del-dia-internacional-per-a-leliminacio-de-la-violencia-envers-les-dones\/\" class=\"more-link\">Read More<\/a><\/p>\n","protected":false},"author":4,"featured_media":15524,"comment_status":"closed","ping_status":"closed","sticky":false,"template":"","format":"standard","meta":[],"categories":[2402,8],"tags":[4224],"_links":{"self":[{"href":"https:\/\/bisbalpenedes.com\/web\/wp-json\/wp\/v2\/posts\/15523"}],"collection":[{"href":"https:\/\/bisbalpenedes.com\/web\/wp-json\/wp\/v2\/posts"}],"about":[{"href":"https:\/\/bisbalpenedes.com\/web\/wp-json\/wp\/v2\/types\/post"}],"author":[{"embeddable":true,"href":"https:\/\/bisbalpenedes.com\/web\/wp-json\/wp\/v2\/users\/4"}],"replies":[{"embeddable":true,"href":"https:\/\/bisbalpenedes.com\/web\/wp-json\/wp\/v2\/comments?post=15523"}],"version-history":[{"count":1,"href":"https:\/\/bisbalpenedes.com\/web\/wp-json\/wp\/v2\/posts\/15523\/revisions"}],"predecessor-version":[{"id":15525,"href":"https:\/\/bisbalpenedes.com\/web\/wp-json\/wp\/v2\/posts\/15523\/revisions\/15525"}],"wp:featuredmedia":[{"embeddable":true,"href":"https:\/\/bisbalpenedes.com\/web\/wp-json\/wp\/v2\/media\/15524"}],"wp:attachment":[{"href":"https:\/\/bisbalpenedes.com\/web\/wp-json\/wp\/v2\/media?parent=15523"}],"wp:term":[{"taxonomy":"category","embeddable":true,"href":"https:\/\/bisbalpenedes.com\/web\/wp-json\/wp\/v2\/categories?post=15523"},{"taxonomy":"post_tag","embeddable":true,"href":"https:\/\/bisbalpenedes.com\/web\/wp-json\/wp\/v2\/tags?post=15523"}],"curies":[{"name":"wp","href":"https:\/\/api.w.org\/{rel}","templated":true}]}}