{"id":15515,"date":"2020-11-25T15:05:04","date_gmt":"2020-11-25T13:05:04","guid":{"rendered":"http:\/\/bisbalpenedes.com\/web\/?p=15515"},"modified":"2020-11-25T15:05:04","modified_gmt":"2020-11-25T13:05:04","slug":"lajuntament-commemora-el-dia-internacional-per-a-leliminacio-de-la-violencia-envers-les-dones-i-sadhereix-al-manifest-institucional-en-el-marc-del-25n","status":"publish","type":"post","link":"https:\/\/bisbalpenedes.com\/web\/2020\/11\/25\/lajuntament-commemora-el-dia-internacional-per-a-leliminacio-de-la-violencia-envers-les-dones-i-sadhereix-al-manifest-institucional-en-el-marc-del-25n\/","title":{"rendered":"L\u2019Ajuntament commemora el Dia internacional per a l\u2019eliminaci\u00f3 de la viol\u00e8ncia envers les dones i s\u2019adhereix al manifest institucional en el marc del 25N"},"content":{"rendered":"<p><a href=\"http:\/\/bisbalpenedes.com\/web\/wp-content\/uploads\/2020\/11\/498ba214-49b4-4e36-8497-2fb91df5147a.jpeg\"><img loading=\"lazy\" class=\"aligncenter wp-image-15516 size-large\" src=\"http:\/\/bisbalpenedes.com\/web\/wp-content\/uploads\/2020\/11\/498ba214-49b4-4e36-8497-2fb91df5147a-1024x768.jpeg\" alt=\"498ba214-49b4-4e36-8497-2fb91df5147a\" width=\"630\" height=\"473\" srcset=\"https:\/\/bisbalpenedes.com\/web\/wp-content\/uploads\/2020\/11\/498ba214-49b4-4e36-8497-2fb91df5147a-1024x768.jpeg 1024w, https:\/\/bisbalpenedes.com\/web\/wp-content\/uploads\/2020\/11\/498ba214-49b4-4e36-8497-2fb91df5147a-600x450.jpeg 600w, https:\/\/bisbalpenedes.com\/web\/wp-content\/uploads\/2020\/11\/498ba214-49b4-4e36-8497-2fb91df5147a-300x225.jpeg 300w, https:\/\/bisbalpenedes.com\/web\/wp-content\/uploads\/2020\/11\/498ba214-49b4-4e36-8497-2fb91df5147a-768x576.jpeg 768w, https:\/\/bisbalpenedes.com\/web\/wp-content\/uploads\/2020\/11\/498ba214-49b4-4e36-8497-2fb91df5147a.jpeg 1600w\" sizes=\"(max-width: 630px) 100vw, 630px\" \/><\/a><\/p>\n<p><span style=\"color: #000000;\">L\u2019Ajuntament de la Bisbal del Pened\u00e8s commemora el Dia internacional per a l\u2019eliminaci\u00f3 de la viol\u00e8ncia envers les dones i s\u2019adhereix al manifest institucional en el marc del 25N.<\/span><\/p>\n<p><span style=\"color: #000000;\">Aquest mat\u00ed la Regidoria de Benestar Social, el Grup de Dones La Roca Foradada i l\u2019Associaci\u00f3 de Jubilats de la Bisbal han muntat una parada al mercat amb informaci\u00f3 sobre la commemoraci\u00f3 de la jornada i els serveis p\u00fablics que presten ajuda a les dones en situaci\u00f3 d\u2019especial vulnerabilitat i s\u2019han entregat mascaretes confeccionades per la Lorena Faubel de Tris-Tras Creacions i lla\u00e7os commemoratius confeccionats des de l\u2019Associaci\u00f3 de Dones La Roca Foradada i l\u2019Associaci\u00f3 de Jubilats.<\/span><\/p>\n<p><span style=\"color: #000000;\">Podeu llegir en manifest en aquest enlla\u00e7:<\/span> <a href=\"https:\/\/www.acm.cat\/sites\/default\/files\/manual_uploads\/acm\/manifest_25n_2020.pdf\">https:\/\/www.acm.cat\/sites\/default\/files\/manual_uploads\/acm\/manifest_25n_2020.pdf<\/a><\/p>\n<hr \/>\n<p><span style=\"color: #000000;\"><strong>CASTELLANO | <\/strong>El Ayuntamiento de la Bisbal del Pened\u00e8s conmemora el D\u00eda internacional para la eliminaci\u00f3n de la violencia hacia las mujeres y se adhiere al manifiesto institucional en el marco del 25N.<\/span><br \/>\n<span style=\"color: #000000;\"> Esta ma\u00f1ana la Concejal\u00eda de Bienestar Social, el Grup de Dones La Roca Foradada y la Associaci\u00f3 de Jubilats de la Bisbal han montado una parada en el mercado con informaci\u00f3n sobre la conmemoraci\u00f3n de la jornada y los servicios p\u00fablicos que prestan ayuda a las mujeres en situaci\u00f3n de especial vulnerabilidad y se han entregado mascarillas confeccionadas por Lorena Faubel de Tris-Tras Creacions y lazos conmemorativos confeccionados desde la Associaci\u00f3 de Dones La Roca Foradada y la Associaci\u00f3 de Jubilats.<\/span><br \/>\n<span style=\"color: #000000;\"> Pod\u00e9is leer el manifiesto en este enlace: <\/span><a href=\"https:\/\/www.acm.cat\/sites\/default\/files\/manual_uploads\/acm\/manifest_25n_2020.pdf\" target=\"_blank\">https:\/\/www.acm.cat\/sites\/default\/files\/manual_uploads\/acm\/manifest_25n_2020.pdf<\/a><\/p>\n<div id='gallery-1' class='gallery galleryid-15515 gallery-columns-4 gallery-size-medium'><figure class='gallery-item'>\n\t\t\t<div class='gallery-icon landscape'>\n\t\t\t\t<a href='https:\/\/bisbalpenedes.com\/web\/wp-content\/uploads\/2020\/11\/3a412d85-8809-4a3a-9557-b044fc70a07c.jpeg'><img width=\"300\" height=\"225\" src=\"https:\/\/bisbalpenedes.com\/web\/wp-content\/uploads\/2020\/11\/3a412d85-8809-4a3a-9557-b044fc70a07c-300x225.jpeg\" class=\"attachment-medium size-medium\" alt=\"\" loading=\"lazy\" srcset=\"https:\/\/bisbalpenedes.com\/web\/wp-content\/uploads\/2020\/11\/3a412d85-8809-4a3a-9557-b044fc70a07c-300x225.jpeg 300w, https:\/\/bisbalpenedes.com\/web\/wp-content\/uploads\/2020\/11\/3a412d85-8809-4a3a-9557-b044fc70a07c-600x450.jpeg 600w, https:\/\/bisbalpenedes.com\/web\/wp-content\/uploads\/2020\/11\/3a412d85-8809-4a3a-9557-b044fc70a07c-768x576.jpeg 768w, https:\/\/bisbalpenedes.com\/web\/wp-content\/uploads\/2020\/11\/3a412d85-8809-4a3a-9557-b044fc70a07c-1024x768.jpeg 1024w, https:\/\/bisbalpenedes.com\/web\/wp-content\/uploads\/2020\/11\/3a412d85-8809-4a3a-9557-b044fc70a07c.jpeg 1600w\" sizes=\"(max-width: 300px) 100vw, 300px\" \/><\/a>\n\t\t\t<\/div><\/figure><figure class='gallery-item'>\n\t\t\t<div class='gallery-icon landscape'>\n\t\t\t\t<a href='https:\/\/bisbalpenedes.com\/web\/wp-content\/uploads\/2020\/11\/3a67929c-c94f-493f-a4c0-2d2bb2ac87ec.jpeg'><img width=\"300\" height=\"225\" src=\"https:\/\/bisbalpenedes.com\/web\/wp-content\/uploads\/2020\/11\/3a67929c-c94f-493f-a4c0-2d2bb2ac87ec-300x225.jpeg\" class=\"attachment-medium size-medium\" alt=\"\" loading=\"lazy\" srcset=\"https:\/\/bisbalpenedes.com\/web\/wp-content\/uploads\/2020\/11\/3a67929c-c94f-493f-a4c0-2d2bb2ac87ec-300x225.jpeg 300w, https:\/\/bisbalpenedes.com\/web\/wp-content\/uploads\/2020\/11\/3a67929c-c94f-493f-a4c0-2d2bb2ac87ec-600x450.jpeg 600w, https:\/\/bisbalpenedes.com\/web\/wp-content\/uploads\/2020\/11\/3a67929c-c94f-493f-a4c0-2d2bb2ac87ec-768x576.jpeg 768w, https:\/\/bisbalpenedes.com\/web\/wp-content\/uploads\/2020\/11\/3a67929c-c94f-493f-a4c0-2d2bb2ac87ec.jpeg 1024w\" sizes=\"(max-width: 300px) 100vw, 300px\" \/><\/a>\n\t\t\t<\/div><\/figure><figure class='gallery-item'>\n\t\t\t<div class='gallery-icon landscape'>\n\t\t\t\t<a href='https:\/\/bisbalpenedes.com\/web\/wp-content\/uploads\/2020\/11\/39ae0e40-41d9-4e73-8467-1b15dbf9edf7.jpeg'><img width=\"300\" height=\"225\" src=\"https:\/\/bisbalpenedes.com\/web\/wp-content\/uploads\/2020\/11\/39ae0e40-41d9-4e73-8467-1b15dbf9edf7-300x225.jpeg\" class=\"attachment-medium size-medium\" alt=\"\" loading=\"lazy\" srcset=\"https:\/\/bisbalpenedes.com\/web\/wp-content\/uploads\/2020\/11\/39ae0e40-41d9-4e73-8467-1b15dbf9edf7-300x225.jpeg 300w, https:\/\/bisbalpenedes.com\/web\/wp-content\/uploads\/2020\/11\/39ae0e40-41d9-4e73-8467-1b15dbf9edf7-600x450.jpeg 600w, https:\/\/bisbalpenedes.com\/web\/wp-content\/uploads\/2020\/11\/39ae0e40-41d9-4e73-8467-1b15dbf9edf7-768x576.jpeg 768w, https:\/\/bisbalpenedes.com\/web\/wp-content\/uploads\/2020\/11\/39ae0e40-41d9-4e73-8467-1b15dbf9edf7.jpeg 1024w\" sizes=\"(max-width: 300px) 100vw, 300px\" \/><\/a>\n\t\t\t<\/div><\/figure><figure class='gallery-item'>\n\t\t\t<div class='gallery-icon landscape'>\n\t\t\t\t<a href='https:\/\/bisbalpenedes.com\/web\/wp-content\/uploads\/2020\/11\/96d6427f-191e-48ad-b599-28f7080cb48e.jpeg'><img width=\"300\" height=\"225\" src=\"https:\/\/bisbalpenedes.com\/web\/wp-content\/uploads\/2020\/11\/96d6427f-191e-48ad-b599-28f7080cb48e-300x225.jpeg\" class=\"attachment-medium size-medium\" alt=\"\" loading=\"lazy\" srcset=\"https:\/\/bisbalpenedes.com\/web\/wp-content\/uploads\/2020\/11\/96d6427f-191e-48ad-b599-28f7080cb48e-300x225.jpeg 300w, https:\/\/bisbalpenedes.com\/web\/wp-content\/uploads\/2020\/11\/96d6427f-191e-48ad-b599-28f7080cb48e-600x450.jpeg 600w, https:\/\/bisbalpenedes.com\/web\/wp-content\/uploads\/2020\/11\/96d6427f-191e-48ad-b599-28f7080cb48e-768x576.jpeg 768w, https:\/\/bisbalpenedes.com\/web\/wp-content\/uploads\/2020\/11\/96d6427f-191e-48ad-b599-28f7080cb48e.jpeg 1024w\" sizes=\"(max-width: 300px) 100vw, 300px\" \/><\/a>\n\t\t\t<\/div><\/figure>\n\t\t<\/div>\n\n","protected":false},"excerpt":{"rendered":"<p>L\u2019Ajuntament de la Bisbal del Pened\u00e8s commemora el Dia internacional per a l\u2019eliminaci\u00f3 de la viol\u00e8ncia envers les dones i s\u2019adhereix al manifest institucional en el marc del 25N. Aquest &hellip; <a href=\"https:\/\/bisbalpenedes.com\/web\/2020\/11\/25\/lajuntament-commemora-el-dia-internacional-per-a-leliminacio-de-la-violencia-envers-les-dones-i-sadhereix-al-manifest-institucional-en-el-marc-del-25n\/\" class=\"more-link\">Read More<\/a><\/p>\n","protected":false},"author":4,"featured_media":15519,"comment_status":"closed","ping_status":"closed","sticky":false,"template":"","format":"standard","meta":[],"categories":[3851,8],"tags":[4224,1624,2758,3373,4229,4228,1376,3609,4114],"_links":{"self":[{"href":"https:\/\/bisbalpenedes.com\/web\/wp-json\/wp\/v2\/posts\/15515"}],"collection":[{"href":"https:\/\/bisbalpenedes.com\/web\/wp-json\/wp\/v2\/posts"}],"about":[{"href":"https:\/\/bisbalpenedes.com\/web\/wp-json\/wp\/v2\/types\/post"}],"author":[{"embeddable":true,"href":"https:\/\/bisbalpenedes.com\/web\/wp-json\/wp\/v2\/users\/4"}],"replies":[{"embeddable":true,"href":"https:\/\/bisbalpenedes.com\/web\/wp-json\/wp\/v2\/comments?post=15515"}],"version-history":[{"count":2,"href":"https:\/\/bisbalpenedes.com\/web\/wp-json\/wp\/v2\/posts\/15515\/revisions"}],"predecessor-version":[{"id":15522,"href":"https:\/\/bisbalpenedes.com\/web\/wp-json\/wp\/v2\/posts\/15515\/revisions\/15522"}],"wp:featuredmedia":[{"embeddable":true,"href":"https:\/\/bisbalpenedes.com\/web\/wp-json\/wp\/v2\/media\/15519"}],"wp:attachment":[{"href":"https:\/\/bisbalpenedes.com\/web\/wp-json\/wp\/v2\/media?parent=15515"}],"wp:term":[{"taxonomy":"category","embeddable":true,"href":"https:\/\/bisbalpenedes.com\/web\/wp-json\/wp\/v2\/categories?post=15515"},{"taxonomy":"post_tag","embeddable":true,"href":"https:\/\/bisbalpenedes.com\/web\/wp-json\/wp\/v2\/tags?post=15515"}],"curies":[{"name":"wp","href":"https:\/\/api.w.org\/{rel}","templated":true}]}}