{"id":15511,"date":"2020-11-25T13:51:02","date_gmt":"2020-11-25T11:51:02","guid":{"rendered":"http:\/\/bisbalpenedes.com\/web\/?p=15511"},"modified":"2020-11-25T13:51:02","modified_gmt":"2020-11-25T11:51:02","slug":"agraiment-per-les-donacions-que-heu-fet-en-el-marc-del-gran-recapte-dels-aliments","status":"publish","type":"post","link":"https:\/\/bisbalpenedes.com\/web\/2020\/11\/25\/agraiment-per-les-donacions-que-heu-fet-en-el-marc-del-gran-recapte-dels-aliments\/","title":{"rendered":"Agra\u00efment per les donacions que heu fet en el marc del Gran Recapte dels Aliments"},"content":{"rendered":"<div class=\"\" data-block=\"true\" data-editor=\"a8lse\" data-offset-key=\"agk6u-0-0\">\n<div class=\"_1mf _1mj\" style=\"text-align: justify;\" data-offset-key=\"agk6u-0-0\"><span style=\"color: #000000;\" data-offset-key=\"agk6u-0-0\">Durant la setmana passada diverses botigues del municipi van recollir donacions en el marc del Gran Recapte dels Aliments. A la fotografia podeu veure tots els productes que s\u2019han recollit a les botigues de la Bisbal. Aquests es destinaran al Rebost Solidari. Moltes gr\u00e0cies per les vostres donacions!<\/span><\/div>\n<\/div>\n<div class=\"\" style=\"text-align: justify;\" data-block=\"true\" data-editor=\"a8lse\" data-offset-key=\"9v39h-0-0\">\n<div class=\"_1mf _1mj\" data-offset-key=\"9v39h-0-0\"><span style=\"color: #000000;\" data-offset-key=\"9v39h-0-0\">M\u00e9s enll\u00e0 del Gran Recapte, si voleu col\u00b7laborar amb el Rebost Solidari en qualsevol moment de l\u2019any, podeu adre\u00e7ar-vos a la Regidoria de Benestar Social.<\/span><\/div>\n<\/div>\n<div class=\"\" style=\"text-align: justify;\" data-block=\"true\" data-editor=\"a8lse\" data-offset-key=\"2789g-0-0\">\n<div class=\"_1mf _1mj\" data-offset-key=\"2789g-0-0\">\n<hr \/>\n<\/div>\n<\/div>\n<div class=\"\" style=\"text-align: justify;\" data-block=\"true\" data-editor=\"a8lse\" data-offset-key=\"e1dhf-0-0\">\n<div class=\"_1mf _1mj\" data-offset-key=\"e1dhf-0-0\"><span style=\"color: #000000;\" data-offset-key=\"e1dhf-0-0\"><strong>CASTELLANO |<\/strong> Durante la semana pasada varias tiendas del municipio recogieron donaciones en el marco del Gran Recapte dels Aliments. En la fotograf\u00eda pod\u00e9is ver todos los productos que se han recogido en las tiendas de la Bisbal. Estos se destinar\u00e1n al Rebost Solidari. \u00a1Muchas gracias por vuestras donaciones!<\/span><\/div>\n<\/div>\n<div class=\"\" data-block=\"true\" data-editor=\"a8lse\" data-offset-key=\"58em-0-0\">\n<div class=\"_1mf _1mj\" style=\"text-align: justify;\" data-offset-key=\"58em-0-0\"><span style=\"color: #000000;\" data-offset-key=\"58em-0-0\">M\u00e1s all\u00e1 del Gran Recapte, si quer\u00e9is colaborar con el Rebost Solidari en cualquier momento del a\u00f1o, pod\u00e9is dirigiros a la Concejal\u00eda de Bienestar Social.<\/span><\/div>\n<div class=\"_1mf _1mj\" style=\"text-align: justify;\" data-offset-key=\"58em-0-0\"><\/div>\n<\/div>\n<div class=\"_1mf _1mj\" style=\"text-align: justify;\" data-offset-key=\"58em-0-0\"><a href=\"http:\/\/bisbalpenedes.com\/web\/wp-content\/uploads\/2020\/11\/RECOLLIDA-REBOST-SOLIDARI-GRAN-RECAPTE.jpg\"><img loading=\"lazy\" class=\"aligncenter size-large wp-image-15512\" src=\"http:\/\/bisbalpenedes.com\/web\/wp-content\/uploads\/2020\/11\/RECOLLIDA-REBOST-SOLIDARI-GRAN-RECAPTE-1024x768.jpg\" alt=\"RECOLLIDA REBOST SOLIDARI - GRAN RECAPTE\" width=\"630\" height=\"473\" srcset=\"https:\/\/bisbalpenedes.com\/web\/wp-content\/uploads\/2020\/11\/RECOLLIDA-REBOST-SOLIDARI-GRAN-RECAPTE-1024x768.jpg 1024w, https:\/\/bisbalpenedes.com\/web\/wp-content\/uploads\/2020\/11\/RECOLLIDA-REBOST-SOLIDARI-GRAN-RECAPTE-600x450.jpg 600w, https:\/\/bisbalpenedes.com\/web\/wp-content\/uploads\/2020\/11\/RECOLLIDA-REBOST-SOLIDARI-GRAN-RECAPTE-300x225.jpg 300w, https:\/\/bisbalpenedes.com\/web\/wp-content\/uploads\/2020\/11\/RECOLLIDA-REBOST-SOLIDARI-GRAN-RECAPTE-768x576.jpg 768w\" sizes=\"(max-width: 630px) 100vw, 630px\" \/><\/a><\/div>\n","protected":false},"excerpt":{"rendered":"<p>Durant la setmana passada diverses botigues del municipi van recollir donacions en el marc del Gran Recapte dels Aliments. A la fotografia podeu veure tots els productes que s\u2019han recollit &hellip; <a href=\"https:\/\/bisbalpenedes.com\/web\/2020\/11\/25\/agraiment-per-les-donacions-que-heu-fet-en-el-marc-del-gran-recapte-dels-aliments\/\" class=\"more-link\">Read More<\/a><\/p>\n","protected":false},"author":4,"featured_media":15512,"comment_status":"closed","ping_status":"closed","sticky":false,"template":"","format":"standard","meta":[],"categories":[3851,8],"tags":[2642,4227,2644],"_links":{"self":[{"href":"https:\/\/bisbalpenedes.com\/web\/wp-json\/wp\/v2\/posts\/15511"}],"collection":[{"href":"https:\/\/bisbalpenedes.com\/web\/wp-json\/wp\/v2\/posts"}],"about":[{"href":"https:\/\/bisbalpenedes.com\/web\/wp-json\/wp\/v2\/types\/post"}],"author":[{"embeddable":true,"href":"https:\/\/bisbalpenedes.com\/web\/wp-json\/wp\/v2\/users\/4"}],"replies":[{"embeddable":true,"href":"https:\/\/bisbalpenedes.com\/web\/wp-json\/wp\/v2\/comments?post=15511"}],"version-history":[{"count":1,"href":"https:\/\/bisbalpenedes.com\/web\/wp-json\/wp\/v2\/posts\/15511\/revisions"}],"predecessor-version":[{"id":15513,"href":"https:\/\/bisbalpenedes.com\/web\/wp-json\/wp\/v2\/posts\/15511\/revisions\/15513"}],"wp:featuredmedia":[{"embeddable":true,"href":"https:\/\/bisbalpenedes.com\/web\/wp-json\/wp\/v2\/media\/15512"}],"wp:attachment":[{"href":"https:\/\/bisbalpenedes.com\/web\/wp-json\/wp\/v2\/media?parent=15511"}],"wp:term":[{"taxonomy":"category","embeddable":true,"href":"https:\/\/bisbalpenedes.com\/web\/wp-json\/wp\/v2\/categories?post=15511"},{"taxonomy":"post_tag","embeddable":true,"href":"https:\/\/bisbalpenedes.com\/web\/wp-json\/wp\/v2\/tags?post=15511"}],"curies":[{"name":"wp","href":"https:\/\/api.w.org\/{rel}","templated":true}]}}