{"id":15507,"date":"2020-11-24T14:04:11","date_gmt":"2020-11-24T12:04:11","guid":{"rendered":"http:\/\/bisbalpenedes.com\/web\/?p=15507"},"modified":"2020-11-24T14:04:11","modified_gmt":"2020-11-24T12:04:11","slug":"se-signa-el-conveni-entre-lajuntament-i-lampa-de-lescola-ull-de-vent-per-a-la-sociabilitzacio-dels-llibres-del-curs-202021","status":"publish","type":"post","link":"https:\/\/bisbalpenedes.com\/web\/2020\/11\/24\/se-signa-el-conveni-entre-lajuntament-i-lampa-de-lescola-ull-de-vent-per-a-la-sociabilitzacio-dels-llibres-del-curs-202021\/","title":{"rendered":"Se signa el conveni entre l\u2019Ajuntament i l\u2019AMPA de l\u2019Escola Ull de Vent per a la sociabilitzaci\u00f3 dels llibres del curs 2020\/21"},"content":{"rendered":"<p style=\"text-align: justify;\"><a href=\"http:\/\/bisbalpenedes.com\/web\/wp-content\/uploads\/2020\/11\/DSC05070.jpg\"><img loading=\"lazy\" class=\"aligncenter size-large wp-image-15508\" src=\"http:\/\/bisbalpenedes.com\/web\/wp-content\/uploads\/2020\/11\/DSC05070-1024x768.jpg\" alt=\"SIGNATURA CONVENI AMPA NOV 2020\" width=\"630\" height=\"473\" srcset=\"https:\/\/bisbalpenedes.com\/web\/wp-content\/uploads\/2020\/11\/DSC05070-1024x768.jpg 1024w, https:\/\/bisbalpenedes.com\/web\/wp-content\/uploads\/2020\/11\/DSC05070-600x450.jpg 600w, https:\/\/bisbalpenedes.com\/web\/wp-content\/uploads\/2020\/11\/DSC05070-300x225.jpg 300w, https:\/\/bisbalpenedes.com\/web\/wp-content\/uploads\/2020\/11\/DSC05070-768x576.jpg 768w\" sizes=\"(max-width: 630px) 100vw, 630px\" \/><\/a><\/p>\n<p style=\"text-align: justify;\"><span style=\"color: #000000;\">Avui dimarts 24 de novembre, l\u2019Ajuntament de la Bisbal del Pened\u00e8s ha signat un conveni amb l\u2019AMPA de l\u2019Escola Ull de Vent per a la sociabilitzaci\u00f3 dels llibres del curs 2020\/2021.<\/span><\/p>\n<p style=\"text-align: justify;\"><span style=\"color: #000000;\">El passat mes d\u2019octubre es va aprovar per Ple una modificaci\u00f3 de cr\u00e8dit per dotar de 16.700\u20ac la nova partida per aquest conveni, per al material educatiu (fitxes) dels cursos P3, P4 i P5 i per als llibres de text dels cursos de 1r a 6\u00e8 de prim\u00e0ria. El pagament de l\u2019import del conveni es far\u00e0 en dues vegades: s\u2019abonar\u00e0 un primer import de 12.000\u20ac despr\u00e9s de la signatura del conveni i es far\u00e0 un segon pagament de 4.700\u20ac una vegada s\u2019hagi justificat la subvenci\u00f3 (abans del 31 de gener de 2021)<\/span><\/p>\n<p style=\"text-align: justify;\"><span style=\"color: #000000;\">Aquest dilluns 23 de novembre, la Junta de govern local ha aprovat, a petici\u00f3 de la Regidoria d\u2019Ensenyament, un conveni de l\u2019Ajuntament de la Bisbal del Pened\u00e8s amb l\u2019AMPA de l\u2019Escola Ull de Vent amb l\u2019objectiu d\u2019afavorir la socialitzaci\u00f3 dels llibres escolars per disminuir la despesa derivada de l\u2019adquisici\u00f3 dels llibres de text de les fam\u00edlies, facilitar l\u2019acc\u00e9s als llibres de text a tot l\u2019alumnat, reduir l\u2019impacte mediambiental mitjan\u00e7ant la reducci\u00f3 de residus \u2013at\u00e8s que s\u2019aprofiten els llibres de text- i fomentar el respecte cap al material escolar.<\/span><\/p>\n<p style=\"text-align: justify;\"><span style=\"color: #000000;\">Amb aquest nou conveni, les fam\u00edlies no han de demanar una subvenci\u00f3 a l\u2019Ajuntament \u2013i per tant no hauran de complir unes bases- sin\u00f3 que els llibres els adquireix directament l\u2019AMPA i els distribueix entre les fam\u00edlies bisbalenques que s\u00f3n s\u00f2cies de l\u2019entitat. Posteriorment, l\u2019Ajuntament fa arribar els diners dels llibres a l\u2019AMPA.<\/span><\/p>\n<p style=\"text-align: justify;\"><span style=\"color: #000000;\">L\u2019AMPA de l\u2019Escola Ull de Vent \u00e9s una entitat sense \u00e0nim de lucre, inscrita al Registre municipal d\u2019entitats, que dona suport i assist\u00e8ncia als membres de l\u2019associaci\u00f3 i, en general, a les mares, pares, tutores i tutors dels i les alumnes, al professorat i a l\u2019alumnat del centre, aix\u00ed com als seus \u00f2rgans de govern i de participaci\u00f3.<\/span><\/p>\n<hr \/>\n<p style=\"text-align: justify;\"><span style=\"color: #000000;\"><strong>CASTELLANO | <\/strong>Hoy martes 24 de noviembre, el Ayuntamiento de la Bisbal del Pened\u00e8s ha firmado un convenio con la AMPA de la Escola Ull de Vent para la sociabilizaci\u00f3n de los libros del curso 2020\/2021.<\/span><\/p>\n<p style=\"text-align: justify;\"><span style=\"color: #000000;\">El pasado mes de octubre se aprob\u00f3 por Pleno una modificaci\u00f3n de cr\u00e9dito para dotar de 16.700\u20ac la nueva partida para este convenio, para el material educativo (fichas) de los cursos P3, P4 y P5 y para los libros de texto de los cursos de 1\u00ba a 6\u00ba de primaria. El pago del importe del convenio se har\u00e1 en dos veces: se abonar\u00e1 un primer importe de 12.000\u20ac despu\u00e9s de la firma del convenio y se har\u00e1 un segundo pago de 4.700\u20ac una vez se haya justificado la subvenci\u00f3n (antes del 31 de enero de 2021).<\/span><\/p>\n<p style=\"text-align: justify;\"><span style=\"color: #000000;\">Este lunes 23 de noviembre, la Junta de gobierno local ha aprobado, a petici\u00f3n de la Concejal\u00eda de Educaci\u00f3n, un convenio del Ayuntamiento de la Bisbal del Pened\u00e8s con la AMPA de la Escola Ull de Vent con el objetivo de favorecer la socializaci\u00f3n de los libros escolares para disminuir el gasto derivado de la adquisici\u00f3n de los libros de texto de las familias, facilitar el acceso a los libros de texto a todo el alumnado, reducir el impacto medioambiental mediante la reducci\u00f3n de residuos \u2013ya que se aprovechan los libros de texto- y fomentar el respeto hacia el material escolar.<\/span><\/p>\n<p style=\"text-align: justify;\"><span style=\"color: #000000;\">Con este nuevo convenio, las familias no tienen que solicitar una subvenci\u00f3n al Ayuntamiento \u2013y por tanto no tendr\u00e1n que cumplir unas bases- sino que los libros los adquiere directamente la AMPA y los distribuye entre las familias de la Bisbal que son socias de la entidad. Posteriormente, el Ayuntamiento hace llegar el dinero de los libros a la AMPA.<\/span><\/p>\n<p style=\"text-align: justify;\"><span style=\"color: #000000;\">La AMPA de la Escola Ull de Vent es una entidad sin \u00e1nimo de lucro, inscrita en el Registro municipal de entidades, que presta soporte y asistencia a los miembros de la asociaci\u00f3n y, en general, a las madres, padres, tutoras y tutores de los y las alumnas, al profesorado y al alumnado del centro, as\u00ed como a sus \u00f3rganos de gobierno y participaci\u00f3n.<\/span><\/p>\n","protected":false},"excerpt":{"rendered":"<p>Avui dimarts 24 de novembre, l\u2019Ajuntament de la Bisbal del Pened\u00e8s ha signat un conveni amb l\u2019AMPA de l\u2019Escola Ull de Vent per a la sociabilitzaci\u00f3 dels llibres del curs &hellip; <a href=\"https:\/\/bisbalpenedes.com\/web\/2020\/11\/24\/se-signa-el-conveni-entre-lajuntament-i-lampa-de-lescola-ull-de-vent-per-a-la-sociabilitzacio-dels-llibres-del-curs-202021\/\" class=\"more-link\">Read More<\/a><\/p>\n","protected":false},"author":4,"featured_media":15508,"comment_status":"closed","ping_status":"closed","sticky":false,"template":"","format":"standard","meta":[],"categories":[3456,8],"tags":[287,440,4225,148,3268,4226],"_links":{"self":[{"href":"https:\/\/bisbalpenedes.com\/web\/wp-json\/wp\/v2\/posts\/15507"}],"collection":[{"href":"https:\/\/bisbalpenedes.com\/web\/wp-json\/wp\/v2\/posts"}],"about":[{"href":"https:\/\/bisbalpenedes.com\/web\/wp-json\/wp\/v2\/types\/post"}],"author":[{"embeddable":true,"href":"https:\/\/bisbalpenedes.com\/web\/wp-json\/wp\/v2\/users\/4"}],"replies":[{"embeddable":true,"href":"https:\/\/bisbalpenedes.com\/web\/wp-json\/wp\/v2\/comments?post=15507"}],"version-history":[{"count":1,"href":"https:\/\/bisbalpenedes.com\/web\/wp-json\/wp\/v2\/posts\/15507\/revisions"}],"predecessor-version":[{"id":15509,"href":"https:\/\/bisbalpenedes.com\/web\/wp-json\/wp\/v2\/posts\/15507\/revisions\/15509"}],"wp:featuredmedia":[{"embeddable":true,"href":"https:\/\/bisbalpenedes.com\/web\/wp-json\/wp\/v2\/media\/15508"}],"wp:attachment":[{"href":"https:\/\/bisbalpenedes.com\/web\/wp-json\/wp\/v2\/media?parent=15507"}],"wp:term":[{"taxonomy":"category","embeddable":true,"href":"https:\/\/bisbalpenedes.com\/web\/wp-json\/wp\/v2\/categories?post=15507"},{"taxonomy":"post_tag","embeddable":true,"href":"https:\/\/bisbalpenedes.com\/web\/wp-json\/wp\/v2\/tags?post=15507"}],"curies":[{"name":"wp","href":"https:\/\/api.w.org\/{rel}","templated":true}]}}