{"id":15503,"date":"2020-11-25T09:00:11","date_gmt":"2020-11-25T07:00:11","guid":{"rendered":"http:\/\/bisbalpenedes.com\/web\/?p=15503"},"modified":"2020-11-24T12:40:37","modified_gmt":"2020-11-24T10:40:37","slug":"comunicat-dalcaldia-sobre-els-cartells-que-hi-ha-en-algunes-cases-amb-el-titol-el-poli-no-es-tanca","status":"publish","type":"post","link":"https:\/\/bisbalpenedes.com\/web\/2020\/11\/25\/comunicat-dalcaldia-sobre-els-cartells-que-hi-ha-en-algunes-cases-amb-el-titol-el-poli-no-es-tanca\/","title":{"rendered":"Comunicat d&#8217;alcaldia sobre els cartells que hi ha en algunes cases amb el t\u00edtol &#8220;El poli no es tanca&#8221;"},"content":{"rendered":"<p style=\"text-align: justify;\"><span style=\"color: #000000;\"><strong>COMUNICAT D\u2019ALCALDIA<\/strong><\/span><\/p>\n<p style=\"text-align: justify;\"><span style=\"color: #000000;\">Aquests \u00faltims dies hem vist cartells en algunes cases amb el t\u00edtol de \u201cEl poli no es tanca\u201d.<\/span><\/p>\n<p style=\"text-align: justify;\"><span style=\"color: #000000;\">Com alcaldessa i en nom de l\u2019equip de govern, ens reafirmem amb qu\u00e8 <strong>el poliesportiu municipal no es tanca<\/strong>.<\/span><\/p>\n<p style=\"text-align: justify;\"><span style=\"color: #000000;\">El poliesportiu es constru\u00ed gr\u00e0cies a l\u2019esfor\u00e7 material i hum\u00e0 de v\u00e0ries fam\u00edlies de la Bisbal, que l\u2019han gaudit durant molts anys com a equipament privat.<\/span><\/p>\n<p style=\"text-align: justify;\"><span style=\"color: #000000;\"><strong>Els propietaris del poliesportiu van decidir vendre\u2019l a l\u2019Ajuntament l\u2019any 2011<\/strong>, signant una permuta amb l\u2019Ajuntament per una parcel\u00b7la del pol\u00edgon industrial, propietat de l\u2019Ajuntament. A partir d\u2019aquell moment el poliesportiu va passar a ser municipal, per tots els bisbalencs i bisbalenques.<\/span><\/p>\n<p style=\"text-align: justify;\"><span style=\"color: #000000;\">Era un gran edifici en el moment en qu\u00e8 es va construir per\u00f2 l\u2019any 2011 no s\u2019adequava a la normativa esportiva ni d\u2019equipaments.<\/span><\/p>\n<p style=\"text-align: justify;\"><span style=\"color: #000000;\">No va ser fins que vam entrar a l\u2019equip de govern el 2015, que vam iniciar la tramitaci\u00f3 per adequar les instal\u00b7lacions de l\u2019edifici del poliesportiu, amb un projecte de rehabilitaci\u00f3 que ja est\u00e0 aprovat definitivament.<\/span><\/p>\n<p style=\"text-align: justify;\"><span style=\"color: #000000;\">Aquest projecte compta amb dues fases: el pavell\u00f3 esportiu i la part social.<\/span><\/p>\n<p style=\"text-align: justify;\"><span style=\"color: #000000;\">En les properes setmanes es traur\u00e0 a concurs l\u2019obra de la primera fase, la d\u2019adequar el pavell\u00f3 a la normativa esportiva i construir uns vestuaris. Un pavell\u00f3 esportiu molt necessari al municipi!<\/span><\/p>\n<p style=\"text-align: justify;\"><span style=\"color: #000000;\">I una segona fase per adequar la part social de l\u2019edifici. I aix\u00ed donar-hi cabuda a les entitats esportives i d\u2019altres del municipi, amb despatxos per les entitats i espais polivalents per les reunions i activitats que organitzin.<\/span><\/p>\n<p style=\"text-align: justify;\"><span style=\"color: #000000;\">El poliesportiu municipal t\u00e9 el bar obert i estem en contacte amb qui regenta el bar perqu\u00e8 pugui continuar la seva activitat pagant els 1.300\u20ac mensuals de lloguer a l\u2019Ajuntament en comptes de pagar-los a l\u2019entitat.<\/span><\/p>\n<p style=\"text-align: justify;\"><span style=\"color: #000000;\">I quan el poliesportiu municipal estigui rehabilitat tots en podrem gaudir: fent esport, amb les entitats que hi tindran la seu i amb el bar totalment renovat. <strong>El poliesportiu \u00e9s municipal i estar\u00e0 obert a tots els bisbalencs, ja que en som els leg\u00edtims propietaris des de 2011<\/strong>.<\/span><\/p>\n<p style=\"text-align: justify;\"><span style=\"color: #000000;\">Per tant, el poliesportiu municipal no es tanca.<\/span><\/p>\n<p style=\"text-align: justify;\">\n<p style=\"text-align: right;\"><span style=\"color: #000000;\">Agn\u00e8s Ferr\u00e9 Ca\u00f1ellas<\/span><\/p>\n<p style=\"text-align: right;\"><span style=\"color: #000000;\">Alcaldessa de La Bisbal del Pened\u00e8s<strong>\u00a0<\/strong><\/span><\/p>\n<hr \/>\n<p style=\"text-align: justify;\"><span style=\"color: #000000;\"><strong>COMUNICADO DE ALCALD\u00cdA<\/strong><\/span><\/p>\n<p style=\"text-align: justify;\"><span style=\"color: #000000;\">Estos \u00faltimos d\u00edas hemos visto carteles en algunas casa con el t\u00edtulo de \u201cEl poli no es tanca\u201d (\u201cEl poli no se cierra\u201d).<\/span><\/p>\n<p style=\"text-align: justify;\"><span style=\"color: #000000;\">Como alcaldesa y en nombre del equipo de gobierno, nos reafirmamos en que <strong>el polideportivo municipal no se cierra.<\/strong><\/span><\/p>\n<p style=\"text-align: justify;\"><span style=\"color: #000000;\">El polideportivo se construy\u00f3 gracias al esfuerzo material y humano de varias familias de la Bisbal, que lo han disfrutado durante muchos a\u00f1os como equipamiento privado.<\/span><\/p>\n<p style=\"text-align: justify;\"><span style=\"color: #000000;\"><strong>Los propietarios del polideportivo decidieron vend\u00e9rselo al Ayuntamiento en el a\u00f1o 2011,<\/strong> firmando una permuta con el Ayuntamiento por una parcela del pol\u00edgono industrial, propiedad del Ayuntamiento. A partir de aquel momento el polideportivo pas\u00f3 a ser municipal, para todos los <em>bisbalencs <\/em>y <em>bisbalenques.<\/em><\/span><\/p>\n<p style=\"text-align: justify;\"><span style=\"color: #000000;\">Era un gran edificio en el momento en que se construy\u00f3, pero el a\u00f1o 2011 no se adecuaba a la normativa deportiva ni de equipamientos.<\/span><\/p>\n<p style=\"text-align: justify;\"><span style=\"color: #000000;\">No fue hasta que entramos en el equipo de gobierno el 2015, que iniciamos la tramitaci\u00f3n para adecuar las instalaciones del edificio del polideportivo, con un proyecto de rehabilitaci\u00f3n que ya est\u00e1 aprobado definitivamente.<\/span><\/p>\n<p style=\"text-align: justify;\"><span style=\"color: #000000;\">Este proyecto cuenta con dos fases: el pabell\u00f3n deportivo y la parte social.<\/span><\/p>\n<p style=\"text-align: justify;\"><span style=\"color: #000000;\">En las pr\u00f3ximas semanas se sacar\u00e1 a concurso la obra de la primera fase, la de adecuar el pabell\u00f3n a la normativa deportiva y construir unos vestuarios. \u00a1Un pabell\u00f3n deportivo muy necesario para el municipio!<\/span><\/p>\n<p style=\"text-align: justify;\"><span style=\"color: #000000;\">Y una segunda fase para adecuar la parte social del edificio. Y as\u00ed dar cabida a las entidades deportivas y otras entidades del municipio, con despachos para las entidades y espacios polivalentes para las reuniones y actividades que organicen.<\/span><\/p>\n<p style=\"text-align: justify;\"><span style=\"color: #000000;\">El polideportivo municipal tiene el bar abierto y estamos en contacto con quien regenta el bar para que pueda continuar su actividad pagando los 1.300\u20ac mensuales de alquiler al Ayuntamiento en lugar de pag\u00e1rselos a la entidad.<\/span><\/p>\n<p style=\"text-align: justify;\"><span style=\"color: #000000;\">Y cuando el polideportivo municipal est\u00e9 rehabilitado todos lo podremos disfrutar: haciendo deporte, con las entidades que tendr\u00e1n all\u00ed su sede y con el bar totalmente renovado. <strong>El polideportivo es municipal y estar\u00e1 abierto a todos los bisbalenses, ya que somos los leg\u00edtimos propietarios desde el 2011.<\/strong><\/span><\/p>\n<p style=\"text-align: justify;\"><span style=\"color: #000000;\">Por tanto, el polideportivo municipal no se cierra.<\/span><\/p>\n<p style=\"text-align: justify;\">\n<p style=\"text-align: right;\"><span style=\"color: #000000;\">Agn\u00e8s Ferr\u00e9 Ca\u00f1ellas<\/span><\/p>\n<p style=\"text-align: right;\"><span style=\"color: #000000;\">Alcaldessa de La Bisbal del Pened\u00e8s<\/span><\/p>\n","protected":false},"excerpt":{"rendered":"<p>COMUNICAT D\u2019ALCALDIA Aquests \u00faltims dies hem vist cartells en algunes cases amb el t\u00edtol de \u201cEl poli no es tanca\u201d. Com alcaldessa i en nom de l\u2019equip de govern, ens &hellip; <a href=\"https:\/\/bisbalpenedes.com\/web\/2020\/11\/25\/comunicat-dalcaldia-sobre-els-cartells-que-hi-ha-en-algunes-cases-amb-el-titol-el-poli-no-es-tanca\/\" class=\"more-link\">Read More<\/a><\/p>\n","protected":false},"author":4,"featured_media":13964,"comment_status":"closed","ping_status":"closed","sticky":false,"template":"","format":"standard","meta":[],"categories":[2057,8],"tags":[3173,483],"_links":{"self":[{"href":"https:\/\/bisbalpenedes.com\/web\/wp-json\/wp\/v2\/posts\/15503"}],"collection":[{"href":"https:\/\/bisbalpenedes.com\/web\/wp-json\/wp\/v2\/posts"}],"about":[{"href":"https:\/\/bisbalpenedes.com\/web\/wp-json\/wp\/v2\/types\/post"}],"author":[{"embeddable":true,"href":"https:\/\/bisbalpenedes.com\/web\/wp-json\/wp\/v2\/users\/4"}],"replies":[{"embeddable":true,"href":"https:\/\/bisbalpenedes.com\/web\/wp-json\/wp\/v2\/comments?post=15503"}],"version-history":[{"count":1,"href":"https:\/\/bisbalpenedes.com\/web\/wp-json\/wp\/v2\/posts\/15503\/revisions"}],"predecessor-version":[{"id":15504,"href":"https:\/\/bisbalpenedes.com\/web\/wp-json\/wp\/v2\/posts\/15503\/revisions\/15504"}],"wp:featuredmedia":[{"embeddable":true,"href":"https:\/\/bisbalpenedes.com\/web\/wp-json\/wp\/v2\/media\/13964"}],"wp:attachment":[{"href":"https:\/\/bisbalpenedes.com\/web\/wp-json\/wp\/v2\/media?parent=15503"}],"wp:term":[{"taxonomy":"category","embeddable":true,"href":"https:\/\/bisbalpenedes.com\/web\/wp-json\/wp\/v2\/categories?post=15503"},{"taxonomy":"post_tag","embeddable":true,"href":"https:\/\/bisbalpenedes.com\/web\/wp-json\/wp\/v2\/tags?post=15503"}],"curies":[{"name":"wp","href":"https:\/\/api.w.org\/{rel}","templated":true}]}}