{"id":15497,"date":"2020-11-24T09:00:46","date_gmt":"2020-11-24T07:00:46","guid":{"rendered":"http:\/\/bisbalpenedes.com\/web\/?p=15497"},"modified":"2020-11-24T12:05:35","modified_gmt":"2020-11-24T10:05:35","slug":"el-proxim-dimecres-25-de-novembre-de-2020-es-restablira-el-mercat-setmanal","status":"publish","type":"post","link":"https:\/\/bisbalpenedes.com\/web\/2020\/11\/24\/el-proxim-dimecres-25-de-novembre-de-2020-es-restablira-el-mercat-setmanal\/","title":{"rendered":"Dem\u00e0 dimecres 25 de novembre es restablir\u00e0 el mercat setmanal"},"content":{"rendered":"<p><span style=\"color: #000000;\">Dem\u00e0\u00a0dimecres 25 de novembre de 2020 es restablir\u00e0 el mercat setmanal tenint en compte les indicacions de les autoritats sanit\u00e0ries i donant compliment a les mesures vigents en mat\u00e8ria de prevenci\u00f3.<\/span><\/p>\n<p><span style=\"color: #000000;\">El mercat seguir\u00e0 comptant amb les parades del Restaurant Ull de Llebre, l\u2019artesana M\u00aa \u00c0ngela Saumoy, Tris-Tras Creacions i les pintures de l\u2019Ant\u00f2nia Poch. Aquesta setmana, a m\u00e9s, s\u2019hi afegir\u00e0 una parada amb motiu del 25-N, el Dia Internacional per a l\u2019eliminaci\u00f3 de la viol\u00e8ncia envers les dones. La Regidoria de Benestar Social, l\u2019Associaci\u00f3 de Dones La Roca Foradada i l\u2019Associaci\u00f3 de la Gent Gran de la Bisbal us atendran en una parada on trobareu:<\/span><\/p>\n<p style=\"padding-left: 30px;\"><span style=\"color: #000000;\">-Informaci\u00f3 sobre el 25N i els serveis p\u00fablics que presten ajuda a les dones en situaci\u00f3 d\u2019especial vulnerabilitat<\/span><\/p>\n<p style=\"padding-left: 30px;\"><span style=\"color: #000000;\">-Mascaretes confeccionades per a l\u2019ocasi\u00f3 per la Lorena Faubel de Tris-Tras Creacions<\/span><\/p>\n<p style=\"padding-left: 30px;\"><span style=\"color: #000000;\">-Lla\u00e7os commemoratius confeccionats des de l\u2019Associaci\u00f3 de Dones La Roca Foradada i l\u2019Associaci\u00f3 de la Gent Gran.<\/span><\/p>\n<p><span style=\"color: #000000;\"> Com sempre, haureu de seguir totes les mesures i restriccions establertes per prevenir la COVID-19 i, per tant, portar la mascareta, preservar la dist\u00e0ncia de seguretat i netejar-vos\/desinfectar-vos les mans sovint.<\/span><\/p>\n<p><span style=\"color: #000000;\"><strong>\u00a0<\/strong><\/span><\/p>\n<hr \/>\n<p><span style=\"color: #000000;\"><strong>CASTELLANO |<\/strong>\u00a0Ma\u00f1ana mi\u00e9rcoles 25 de noviembre de 2020 se restablecer\u00e1 el mercado semanal teniendo en cuenta las indicaciones de las autoridades sanitarias y dando cumplimiento a las medidas vigentes en materia de prevenci\u00f3n.<\/span><\/p>\n<p><span style=\"color: #000000;\">El mercado seguir\u00e1 contando con las paradas del Restaurant Ull de Llebre, la artesana M\u00aa \u00c0ngela Saumoy, Tris-Tras Creacions y las pinturas de Ant\u00f2nia Poch. Esta semana, adem\u00e1s, se a\u00f1adir\u00e1 una parada con motivo del 25-N, el D\u00eda Internacional para la eliminaci\u00f3n de la violencia hacia las mujeres. La Concejal\u00eda de Bienestar Social, la Associaci\u00f3 de Dones La Roca Foradada y la Associaci\u00f3 de la Gent Gran de la Bisbal os atender\u00e1n en una parada donde encontrar\u00e9is:<\/span><\/p>\n<p style=\"padding-left: 30px;\"><span style=\"color: #000000;\">-Informaci\u00f3n sobre el 25N y los servicios p\u00fablicos que prestan ayuda a las mujeres en situaci\u00f3n de especial vulnerabilidad.<\/span><\/p>\n<p style=\"padding-left: 30px;\"><span style=\"color: #000000;\">-Mascarillas confeccionadas para la ocasi\u00f3n por Lorena Faubel de Tris-Tras Creacions.<\/span><\/p>\n<p style=\"padding-left: 30px;\"><span style=\"color: #000000;\">-Lazos conmemorativos confeccionados desde la Associaci\u00f3 de Dones La Roca Foradada y la Associaci\u00f3 de la Gent Gran.<\/span><\/p>\n<p><span style=\"color: #000000;\">Como siempre, tendr\u00e9is que seguir todas las medidas y restricciones establecidas para prevenir la COVID-19 y, por tanto, llevar mascarilla, preservar la distancia de seguridad y limpiaros\/desinfectaros las manos a menudo.<\/span><\/p>\n<p>&nbsp;<\/p>\n","protected":false},"excerpt":{"rendered":"<p>Dem\u00e0\u00a0dimecres 25 de novembre de 2020 es restablir\u00e0 el mercat setmanal tenint en compte les indicacions de les autoritats sanit\u00e0ries i donant compliment a les mesures vigents en mat\u00e8ria de &hellip; <a href=\"https:\/\/bisbalpenedes.com\/web\/2020\/11\/24\/el-proxim-dimecres-25-de-novembre-de-2020-es-restablira-el-mercat-setmanal\/\" class=\"more-link\">Read More<\/a><\/p>\n","protected":false},"author":4,"featured_media":15501,"comment_status":"closed","ping_status":"closed","sticky":false,"template":"","format":"standard","meta":[],"categories":[3860,8],"tags":[4224,3861,4169],"_links":{"self":[{"href":"https:\/\/bisbalpenedes.com\/web\/wp-json\/wp\/v2\/posts\/15497"}],"collection":[{"href":"https:\/\/bisbalpenedes.com\/web\/wp-json\/wp\/v2\/posts"}],"about":[{"href":"https:\/\/bisbalpenedes.com\/web\/wp-json\/wp\/v2\/types\/post"}],"author":[{"embeddable":true,"href":"https:\/\/bisbalpenedes.com\/web\/wp-json\/wp\/v2\/users\/4"}],"replies":[{"embeddable":true,"href":"https:\/\/bisbalpenedes.com\/web\/wp-json\/wp\/v2\/comments?post=15497"}],"version-history":[{"count":3,"href":"https:\/\/bisbalpenedes.com\/web\/wp-json\/wp\/v2\/posts\/15497\/revisions"}],"predecessor-version":[{"id":15500,"href":"https:\/\/bisbalpenedes.com\/web\/wp-json\/wp\/v2\/posts\/15497\/revisions\/15500"}],"wp:featuredmedia":[{"embeddable":true,"href":"https:\/\/bisbalpenedes.com\/web\/wp-json\/wp\/v2\/media\/15501"}],"wp:attachment":[{"href":"https:\/\/bisbalpenedes.com\/web\/wp-json\/wp\/v2\/media?parent=15497"}],"wp:term":[{"taxonomy":"category","embeddable":true,"href":"https:\/\/bisbalpenedes.com\/web\/wp-json\/wp\/v2\/categories?post=15497"},{"taxonomy":"post_tag","embeddable":true,"href":"https:\/\/bisbalpenedes.com\/web\/wp-json\/wp\/v2\/tags?post=15497"}],"curies":[{"name":"wp","href":"https:\/\/api.w.org\/{rel}","templated":true}]}}