{"id":15488,"date":"2020-11-23T21:18:31","date_gmt":"2020-11-23T19:18:31","guid":{"rendered":"http:\/\/bisbalpenedes.com\/web\/?p=15488"},"modified":"2020-11-23T21:18:47","modified_gmt":"2020-11-23T19:18:47","slug":"faq-de-butxaca-tram-1-del-pla-dobertura-progressiva-dactivitats","status":"publish","type":"post","link":"https:\/\/bisbalpenedes.com\/web\/2020\/11\/23\/faq-de-butxaca-tram-1-del-pla-dobertura-progressiva-dactivitats\/","title":{"rendered":"FAQS de butxaca: Tram 1 del Pla d&#8217;obertura progressiva d&#8217;activitats"},"content":{"rendered":"<div class=\"\" data-block=\"true\" data-editor=\"4c4g0\" data-offset-key=\"8nsj1-0-0\">\n<div class=\"_1mf _1mj\" data-offset-key=\"8nsj1-0-0\"><span data-offset-key=\"8nsj1-2-0\"><span style=\"color: #000000;\">Avui dilluns 23 de novembre s&#8217;ha donat inici al Tram 1 del Pla d&#8217;obertura progressiva d&#8217;activitats. Us adjuntem una infografia que ha preparat Protecci\u00f3 Civil i un enlla\u00e7 on podreu trobar m\u00e9s informaci\u00f3:<\/span> <a href=\"https:\/\/canalsalut.gencat.cat\/ca\/salut-a-z\/c\/coronavirus-2019-ncov\/ciutadania\/pla-obertura-progressiva-activitats\/\" target=\"_blank\">https:\/\/canalsalut.gencat.cat\/ca\/salut-a-z\/c\/coronavirus-2019-ncov\/ciutadania\/pla-obertura-progressiva-activitats\/<\/a><\/span><\/div>\n<\/div>\n<div class=\"\" data-block=\"true\" data-editor=\"4c4g0\" data-offset-key=\"dnur9-0-0\">\n<div class=\"_1mf _1mj\" data-offset-key=\"dnur9-0-0\"><span data-offset-key=\"dnur9-0-0\">\u00a0<\/span><\/div>\n<\/div>\n<div class=\"\" data-block=\"true\" data-editor=\"4c4g0\" data-offset-key=\"6kd07-0-0\">\n<div class=\"_1mf _1mj\" data-offset-key=\"6kd07-0-0\">\n<hr \/>\n<p><span data-offset-key=\"6kd07-0-0\"><br \/>\n<\/span><\/p>\n<\/div>\n<\/div>\n<div class=\"\" data-block=\"true\" data-editor=\"4c4g0\" data-offset-key=\"ckdk2-0-0\">\n<div class=\"_1mf _1mj\" data-offset-key=\"ckdk2-0-0\"><span style=\"color: #000000;\">Hoy lunes 23 de noviembre se ha dado inicio al Tramo 1 del Plan de apertura progresiva de actividades. Os adjuntamos una infograf\u00eda que ha preparado Protecci\u00f3n Civil y un enlace donde podr\u00e9is encontrar m\u00e1s informaci\u00f3n:<\/span> <a href=\"https:\/\/canalsalut.gencat.cat\/ca\/salut-a-z\/c\/coronavirus-2019-ncov\/ciutadania\/pla-obertura-progressiva-activitats\/\" target=\"_blank\">https:\/\/canalsalut.gencat.cat\/ca\/salut-a-z\/c\/coronavirus-2019-ncov\/ciutadania\/pla-obertura-progressiva-activitats\/<\/a><\/div>\n<\/div>\n<div class=\"_1mf _1mj\" data-offset-key=\"onm1-0-0\"><a href=\"http:\/\/bisbalpenedes.com\/web\/wp-content\/uploads\/2020\/11\/TRAM-1-1-CAST.jpeg\"><br \/>\n<\/a> <a href=\"http:\/\/bisbalpenedes.com\/web\/wp-content\/uploads\/2020\/11\/TRAM-1-1-CAT.jpeg\"><img loading=\"lazy\" class=\"aligncenter size-large wp-image-15490\" src=\"http:\/\/bisbalpenedes.com\/web\/wp-content\/uploads\/2020\/11\/TRAM-1-1-CAT-724x1024.jpeg\" alt=\"TRAM 1-1 CAT\" width=\"630\" height=\"891\" srcset=\"https:\/\/bisbalpenedes.com\/web\/wp-content\/uploads\/2020\/11\/TRAM-1-1-CAT-724x1024.jpeg 724w, https:\/\/bisbalpenedes.com\/web\/wp-content\/uploads\/2020\/11\/TRAM-1-1-CAT-600x849.jpeg 600w, https:\/\/bisbalpenedes.com\/web\/wp-content\/uploads\/2020\/11\/TRAM-1-1-CAT-212x300.jpeg 212w, https:\/\/bisbalpenedes.com\/web\/wp-content\/uploads\/2020\/11\/TRAM-1-1-CAT-768x1086.jpeg 768w, https:\/\/bisbalpenedes.com\/web\/wp-content\/uploads\/2020\/11\/TRAM-1-1-CAT.jpeg 1414w\" sizes=\"(max-width: 630px) 100vw, 630px\" \/><\/a> <a href=\"http:\/\/bisbalpenedes.com\/web\/wp-content\/uploads\/2020\/11\/TRAM-1-2-CAST.jpeg\"><br \/>\n<\/a> <a href=\"http:\/\/bisbalpenedes.com\/web\/wp-content\/uploads\/2020\/11\/TRAM-1-2-CAT.jpeg\"><img loading=\"lazy\" class=\"aligncenter size-large wp-image-15492\" src=\"http:\/\/bisbalpenedes.com\/web\/wp-content\/uploads\/2020\/11\/TRAM-1-2-CAT-724x1024.jpeg\" alt=\"TRAM 1-2 CAT\" width=\"630\" height=\"891\" srcset=\"https:\/\/bisbalpenedes.com\/web\/wp-content\/uploads\/2020\/11\/TRAM-1-2-CAT-724x1024.jpeg 724w, https:\/\/bisbalpenedes.com\/web\/wp-content\/uploads\/2020\/11\/TRAM-1-2-CAT-600x849.jpeg 600w, https:\/\/bisbalpenedes.com\/web\/wp-content\/uploads\/2020\/11\/TRAM-1-2-CAT-212x300.jpeg 212w, https:\/\/bisbalpenedes.com\/web\/wp-content\/uploads\/2020\/11\/TRAM-1-2-CAT-768x1086.jpeg 768w, https:\/\/bisbalpenedes.com\/web\/wp-content\/uploads\/2020\/11\/TRAM-1-2-CAT.jpeg 1414w\" sizes=\"(max-width: 630px) 100vw, 630px\" \/><\/a> <a href=\"http:\/\/bisbalpenedes.com\/web\/wp-content\/uploads\/2020\/11\/TRAM-1-3-CAST.jpeg\"><br \/>\n<\/a> <a href=\"http:\/\/bisbalpenedes.com\/web\/wp-content\/uploads\/2020\/11\/TRAM-1-3-CAT.jpeg\"><img loading=\"lazy\" class=\"aligncenter size-large wp-image-15494\" src=\"http:\/\/bisbalpenedes.com\/web\/wp-content\/uploads\/2020\/11\/TRAM-1-3-CAT-724x1024.jpeg\" alt=\"TRAM 1-3 CAT\" width=\"630\" height=\"891\" srcset=\"https:\/\/bisbalpenedes.com\/web\/wp-content\/uploads\/2020\/11\/TRAM-1-3-CAT-724x1024.jpeg 724w, https:\/\/bisbalpenedes.com\/web\/wp-content\/uploads\/2020\/11\/TRAM-1-3-CAT-600x849.jpeg 600w, https:\/\/bisbalpenedes.com\/web\/wp-content\/uploads\/2020\/11\/TRAM-1-3-CAT-212x300.jpeg 212w, https:\/\/bisbalpenedes.com\/web\/wp-content\/uploads\/2020\/11\/TRAM-1-3-CAT-768x1086.jpeg 768w, https:\/\/bisbalpenedes.com\/web\/wp-content\/uploads\/2020\/11\/TRAM-1-3-CAT.jpeg 1414w\" sizes=\"(max-width: 630px) 100vw, 630px\" \/><\/a><\/div>\n<div class=\"_1mf _1mj\" data-offset-key=\"onm1-0-0\"><a href=\"http:\/\/bisbalpenedes.com\/web\/wp-content\/uploads\/2020\/11\/TRAM-1-1-CAST.jpeg\"><img loading=\"lazy\" class=\"aligncenter size-large wp-image-15489\" src=\"http:\/\/bisbalpenedes.com\/web\/wp-content\/uploads\/2020\/11\/TRAM-1-1-CAST-724x1024.jpeg\" alt=\"TRAM 1-1 CAST\" width=\"630\" height=\"891\" srcset=\"https:\/\/bisbalpenedes.com\/web\/wp-content\/uploads\/2020\/11\/TRAM-1-1-CAST-724x1024.jpeg 724w, https:\/\/bisbalpenedes.com\/web\/wp-content\/uploads\/2020\/11\/TRAM-1-1-CAST-600x849.jpeg 600w, https:\/\/bisbalpenedes.com\/web\/wp-content\/uploads\/2020\/11\/TRAM-1-1-CAST-212x300.jpeg 212w, https:\/\/bisbalpenedes.com\/web\/wp-content\/uploads\/2020\/11\/TRAM-1-1-CAST-768x1086.jpeg 768w, https:\/\/bisbalpenedes.com\/web\/wp-content\/uploads\/2020\/11\/TRAM-1-1-CAST.jpeg 1414w\" sizes=\"(max-width: 630px) 100vw, 630px\" \/><\/a><\/div>\n<div class=\"_1mf _1mj\" data-offset-key=\"onm1-0-0\"><a href=\"http:\/\/bisbalpenedes.com\/web\/wp-content\/uploads\/2020\/11\/TRAM-1-2-CAST.jpeg\"><img loading=\"lazy\" class=\"aligncenter size-large wp-image-15491\" src=\"http:\/\/bisbalpenedes.com\/web\/wp-content\/uploads\/2020\/11\/TRAM-1-2-CAST-724x1024.jpeg\" alt=\"TRAM 1-2 CAST\" width=\"630\" height=\"891\" srcset=\"https:\/\/bisbalpenedes.com\/web\/wp-content\/uploads\/2020\/11\/TRAM-1-2-CAST-724x1024.jpeg 724w, https:\/\/bisbalpenedes.com\/web\/wp-content\/uploads\/2020\/11\/TRAM-1-2-CAST-600x849.jpeg 600w, https:\/\/bisbalpenedes.com\/web\/wp-content\/uploads\/2020\/11\/TRAM-1-2-CAST-212x300.jpeg 212w, https:\/\/bisbalpenedes.com\/web\/wp-content\/uploads\/2020\/11\/TRAM-1-2-CAST-768x1086.jpeg 768w, https:\/\/bisbalpenedes.com\/web\/wp-content\/uploads\/2020\/11\/TRAM-1-2-CAST.jpeg 1414w\" sizes=\"(max-width: 630px) 100vw, 630px\" \/><\/a><\/div>\n<div class=\"_1mf _1mj\" data-offset-key=\"onm1-0-0\"><a href=\"http:\/\/bisbalpenedes.com\/web\/wp-content\/uploads\/2020\/11\/TRAM-1-3-CAST.jpeg\"><img loading=\"lazy\" class=\"aligncenter size-large wp-image-15493\" src=\"http:\/\/bisbalpenedes.com\/web\/wp-content\/uploads\/2020\/11\/TRAM-1-3-CAST-724x1024.jpeg\" alt=\"TRAM 1-3 CAST\" width=\"630\" height=\"891\" srcset=\"https:\/\/bisbalpenedes.com\/web\/wp-content\/uploads\/2020\/11\/TRAM-1-3-CAST-724x1024.jpeg 724w, https:\/\/bisbalpenedes.com\/web\/wp-content\/uploads\/2020\/11\/TRAM-1-3-CAST-600x849.jpeg 600w, https:\/\/bisbalpenedes.com\/web\/wp-content\/uploads\/2020\/11\/TRAM-1-3-CAST-212x300.jpeg 212w, https:\/\/bisbalpenedes.com\/web\/wp-content\/uploads\/2020\/11\/TRAM-1-3-CAST-768x1086.jpeg 768w, https:\/\/bisbalpenedes.com\/web\/wp-content\/uploads\/2020\/11\/TRAM-1-3-CAST.jpeg 1414w\" sizes=\"(max-width: 630px) 100vw, 630px\" \/><\/a><\/div>\n","protected":false},"excerpt":{"rendered":"<p>Avui dilluns 23 de novembre s&#8217;ha donat inici al Tram 1 del Pla d&#8217;obertura progressiva d&#8217;activitats. Us adjuntem una infografia que ha preparat Protecci\u00f3 Civil i un enlla\u00e7 on podreu &hellip; <a href=\"https:\/\/bisbalpenedes.com\/web\/2020\/11\/23\/faq-de-butxaca-tram-1-del-pla-dobertura-progressiva-dactivitats\/\" class=\"more-link\">Read More<\/a><\/p>\n","protected":false},"author":4,"featured_media":15490,"comment_status":"closed","ping_status":"closed","sticky":false,"template":"","format":"standard","meta":[],"categories":[4095,8,14],"tags":[3550,3559,4223,4222],"_links":{"self":[{"href":"https:\/\/bisbalpenedes.com\/web\/wp-json\/wp\/v2\/posts\/15488"}],"collection":[{"href":"https:\/\/bisbalpenedes.com\/web\/wp-json\/wp\/v2\/posts"}],"about":[{"href":"https:\/\/bisbalpenedes.com\/web\/wp-json\/wp\/v2\/types\/post"}],"author":[{"embeddable":true,"href":"https:\/\/bisbalpenedes.com\/web\/wp-json\/wp\/v2\/users\/4"}],"replies":[{"embeddable":true,"href":"https:\/\/bisbalpenedes.com\/web\/wp-json\/wp\/v2\/comments?post=15488"}],"version-history":[{"count":2,"href":"https:\/\/bisbalpenedes.com\/web\/wp-json\/wp\/v2\/posts\/15488\/revisions"}],"predecessor-version":[{"id":15496,"href":"https:\/\/bisbalpenedes.com\/web\/wp-json\/wp\/v2\/posts\/15488\/revisions\/15496"}],"wp:featuredmedia":[{"embeddable":true,"href":"https:\/\/bisbalpenedes.com\/web\/wp-json\/wp\/v2\/media\/15490"}],"wp:attachment":[{"href":"https:\/\/bisbalpenedes.com\/web\/wp-json\/wp\/v2\/media?parent=15488"}],"wp:term":[{"taxonomy":"category","embeddable":true,"href":"https:\/\/bisbalpenedes.com\/web\/wp-json\/wp\/v2\/categories?post=15488"},{"taxonomy":"post_tag","embeddable":true,"href":"https:\/\/bisbalpenedes.com\/web\/wp-json\/wp\/v2\/tags?post=15488"}],"curies":[{"name":"wp","href":"https:\/\/api.w.org\/{rel}","templated":true}]}}