{"id":15485,"date":"2020-11-24T08:00:52","date_gmt":"2020-11-24T06:00:52","guid":{"rendered":"http:\/\/bisbalpenedes.com\/web\/?p=15485"},"modified":"2020-11-23T20:57:06","modified_gmt":"2020-11-23T18:57:06","slug":"relacio-daptes-i-no-aptes-de-la-prova-de-coneixements-de-llengua-catalana-i-convocatoria-per-lentrevista-personal-dels-aspirants-a-formar-part-de-les-borses-de-treball-de-la-brigada","status":"publish","type":"post","link":"https:\/\/bisbalpenedes.com\/web\/2020\/11\/24\/relacio-daptes-i-no-aptes-de-la-prova-de-coneixements-de-llengua-catalana-i-convocatoria-per-lentrevista-personal-dels-aspirants-a-formar-part-de-les-borses-de-treball-de-la-brigada\/","title":{"rendered":"Relaci\u00f3 d\u2019aptes i no aptes de la prova de coneixements de llengua catalana i convocat\u00f2ria per l\u2019entrevista personal dels aspirants a formar part de les borses de treball de la brigada municipal"},"content":{"rendered":"<p style=\"text-align: justify;\"><span style=\"color: #000000;\">L\u2019alcaldessa Agn\u00e8s Ferr\u00e9 va signar ahir dilluns 23 de novembre tres Decrets d\u2019Alcaldia per aprovar la relaci\u00f3 d\u2019aptes, no aptes i no presentats a la prova de coneixements de llengua catalana del proc\u00e9s de selecci\u00f3 per a la constituci\u00f3 de les borses de treball de personal laboral temporal d\u2019operaris\/\u00e0ries:<\/span><\/p>\n<p style=\"padding-left: 30px; text-align: justify;\"><span style=\"color: #000000;\">-De jardineria i neteja de la via p\u00fablica<\/span><\/p>\n<p style=\"padding-left: 30px; text-align: justify;\"><span style=\"color: #000000;\">-D\u2019electricitat i enllumenat<\/span><\/p>\n<p style=\"padding-left: 30px; text-align: justify;\"><span style=\"color: #000000;\">-De reparacions i obres<\/span><\/p>\n<p style=\"text-align: justify;\"><span style=\"color: #000000;\">Tamb\u00e9 va convocar l\u2019entrevista personal (no eliminat\u00f2ria) dels aspirants.<\/span><\/p>\n<p style=\"text-align: justify;\"><span style=\"color: #000000;\">Les relacions es poden trobar al tauler d\u2019anuncis de la seu electr\u00f2nica on consten els aptes, no aptes i no presentats de la prova de coneixements de llengua catalana, aix\u00ed com el dia i hora de l\u2019entrevista personal de cada aspirant. Es pot accedir al taulell d\u2019anuncis entrant en aquest enlla\u00e7: <a style=\"color: #000000;\" href=\"http:\/\/bisbalpenedes.eadministracio.cat\/board\">http:\/\/bisbalpenedes.eadministracio.cat\/board<\/a><\/span><\/p>\n<p style=\"text-align: justify;\"><span style=\"color: #000000;\">El SOM Bisbal s\u2019ha posat en contacte amb cada\u00a0aspirant per informar-lo del dia i l&#8217;hora de l&#8217;entrevista personal.<\/span><\/p>\n<hr \/>\n<p style=\"text-align: justify;\"><span style=\"color: #000000;\"><strong>CASTELLANO |<\/strong> La alcaldesa Agn\u00e8s Ferr\u00e9 firm\u00f3 ayer lunes 23 de noviembre tres Decretos de Alcald\u00eda para aprobar la relaci\u00f3n de aptos, no aptos y no presentados a la prueba de conocimientos de lengua catalana del proceso de selecci\u00f3n para la constituci\u00f3n de las bolsas de trabajo de personal laboral temporal de operarios\/as:<\/span><\/p>\n<p style=\"padding-left: 30px; text-align: justify;\"><span style=\"color: #000000;\">-De jardiner\u00eda y limpieza de la v\u00eda p\u00fablica<\/span><\/p>\n<p style=\"padding-left: 30px; text-align: justify;\"><span style=\"color: #000000;\">-De electricidad y alumbrado<\/span><\/p>\n<p style=\"padding-left: 30px; text-align: justify;\"><span style=\"color: #000000;\">-De reparaciones y obras<\/span><\/p>\n<p style=\"text-align: justify;\"><span style=\"color: #000000;\">Tambi\u00e9n convoc\u00f3\u00a0la entrevista personal (no eliminatoria) de los aspirantes.<\/span><\/p>\n<p style=\"text-align: justify;\"><span style=\"color: #000000;\">Las relaciones se pueden encontrar en el tabl\u00f3n de anuncios de la sede electr\u00f3nica donde constan los aptos, no aptos y no presentados a la prueba de conocimientos de lengua catalana, y tambi\u00e9n el d\u00eda y hora de la entrevista personal de cada aspirante. Se puede acceder al tabl\u00f3n de anuncios entrando en este enlace: <a style=\"color: #000000;\" href=\"http:\/\/bisbalpenedes.eadministracio.cat\/board\">http:\/\/bisbalpenedes.eadministracio.cat\/board<\/a><\/span><\/p>\n<p style=\"text-align: justify;\"><span style=\"color: #000000;\">El SOM Bisbal ha contactado con cada aspirante para informarle del d\u00eda y hora de la entrevista personal.<\/span><\/p>\n","protected":false},"excerpt":{"rendered":"<p>L\u2019alcaldessa Agn\u00e8s Ferr\u00e9 va signar ahir dilluns 23 de novembre tres Decrets d\u2019Alcaldia per aprovar la relaci\u00f3 d\u2019aptes, no aptes i no presentats a la prova de coneixements de llengua &hellip; <a href=\"https:\/\/bisbalpenedes.com\/web\/2020\/11\/24\/relacio-daptes-i-no-aptes-de-la-prova-de-coneixements-de-llengua-catalana-i-convocatoria-per-lentrevista-personal-dels-aspirants-a-formar-part-de-les-borses-de-treball-de-la-brigada\/\" class=\"more-link\">Read More<\/a><\/p>\n","protected":false},"author":4,"featured_media":13964,"comment_status":"closed","ping_status":"closed","sticky":false,"template":"","format":"standard","meta":[],"categories":[2402,8,9],"tags":[4221,2456,4220,2462],"_links":{"self":[{"href":"https:\/\/bisbalpenedes.com\/web\/wp-json\/wp\/v2\/posts\/15485"}],"collection":[{"href":"https:\/\/bisbalpenedes.com\/web\/wp-json\/wp\/v2\/posts"}],"about":[{"href":"https:\/\/bisbalpenedes.com\/web\/wp-json\/wp\/v2\/types\/post"}],"author":[{"embeddable":true,"href":"https:\/\/bisbalpenedes.com\/web\/wp-json\/wp\/v2\/users\/4"}],"replies":[{"embeddable":true,"href":"https:\/\/bisbalpenedes.com\/web\/wp-json\/wp\/v2\/comments?post=15485"}],"version-history":[{"count":2,"href":"https:\/\/bisbalpenedes.com\/web\/wp-json\/wp\/v2\/posts\/15485\/revisions"}],"predecessor-version":[{"id":15487,"href":"https:\/\/bisbalpenedes.com\/web\/wp-json\/wp\/v2\/posts\/15485\/revisions\/15487"}],"wp:featuredmedia":[{"embeddable":true,"href":"https:\/\/bisbalpenedes.com\/web\/wp-json\/wp\/v2\/media\/13964"}],"wp:attachment":[{"href":"https:\/\/bisbalpenedes.com\/web\/wp-json\/wp\/v2\/media?parent=15485"}],"wp:term":[{"taxonomy":"category","embeddable":true,"href":"https:\/\/bisbalpenedes.com\/web\/wp-json\/wp\/v2\/categories?post=15485"},{"taxonomy":"post_tag","embeddable":true,"href":"https:\/\/bisbalpenedes.com\/web\/wp-json\/wp\/v2\/tags?post=15485"}],"curies":[{"name":"wp","href":"https:\/\/api.w.org\/{rel}","templated":true}]}}