{"id":15464,"date":"2020-11-21T19:36:40","date_gmt":"2020-11-21T17:36:40","guid":{"rendered":"http:\/\/bisbalpenedes.com\/web\/?p=15464"},"modified":"2020-11-21T19:44:36","modified_gmt":"2020-11-21T17:44:36","slug":"el-dimecres-25-de-novembre-hi-haura-una-parada-al-mercat-amb-motiu-del-dia-internacional-per-a-leliminacio-de-la-violencia-envers-les-dones","status":"publish","type":"post","link":"https:\/\/bisbalpenedes.com\/web\/2020\/11\/21\/el-dimecres-25-de-novembre-hi-haura-una-parada-al-mercat-amb-motiu-del-dia-internacional-per-a-leliminacio-de-la-violencia-envers-les-dones\/","title":{"rendered":"El dimecres 25 de novembre hi haur\u00e0 una parada al mercat amb motiu del Dia Internacional per a l&#8217;eliminaci\u00f3 de la viol\u00e8ncia envers les dones"},"content":{"rendered":"<p style=\"text-align: justify;\"><span style=\"color: #000000;\">Amb motiu del Dia Internacional per a l\u2019eliminaci\u00f3 de la viol\u00e8ncia envers les dones (25N), el proper dimecres 25 de novembre de 2020 el mercat setmanal acollir\u00e0 una parada de la Regidoria de Benestar Social, l\u2019Associaci\u00f3 de Dones La Roca Foradada i l\u2019Associaci\u00f3 de la Gent Gran de la Bisbal en qu\u00e8 podreu trobar informaci\u00f3 sobre la commemoraci\u00f3 d\u2019aquesta jornada i els serveis p\u00fablics que presten ajuda a les dones en situacions d\u2019especial vulnerabilitat.<\/span><\/p>\n<p style=\"text-align: justify;\"><span style=\"color: #000000;\">A m\u00e9s, es regalaran mascaretes confeccionades per a l\u2019ocasi\u00f3 per la Lorena Faubel de Tris-Tras Creacions i lla\u00e7os commemoratius confeccionats des de l\u2019Associaci\u00f3 de Dones La Roca Foradada i l\u2019Associaci\u00f3 de la Gent Gran.<\/span><br \/>\n<span style=\"color: #000000;\"> Com sempre, haureu de seguir totes les mesures i restriccions establertes per prevenir la COVID-19 i, per tant, portar la mascareta, preservar la dist\u00e0ncia de seguretat i netejar-vos\/desinfectar-vos les mans sovint.<\/span><\/p>\n<hr \/>\n<p style=\"text-align: justify;\"><span style=\"color: #000000;\"><strong>CASTELLANO |<\/strong> Con motivo del D\u00eda Internacional para la eliminaci\u00f3n de la violencia hacia las mujeres (25N), el pr\u00f3ximo mi\u00e9rcoles 25 de noviembre de 2020 el mercado semanal acoger\u00e1 una parada de la Concejal\u00eda de Bienestar Social, la Associaci\u00f3 de Dones La Roca Foradada y la Associaci\u00f3 de la Gent Gran de la Bisbal en la que podr\u00e9is encontrar informaci\u00f3n sobre la conmemoraci\u00f3n de esta jornada y los servicios p\u00fablicos que prestan ayuda a las mujeres en situaciones de especial vulnerabilidad.<\/span><br \/>\n<span style=\"color: #000000;\"> Adem\u00e1s, se regalar\u00e1n mascarillas confeccionadas para la ocasi\u00f3n por Lorena Faubel de Tris-Tras Creacions y lazos conmemorativos confeccionados desde la Associaci\u00f3 de Dones La Roca Foradada y la Associaci\u00f3 de la Gent Gran.<\/span><br \/>\n<span style=\"color: #000000;\"> Como siempre, tendr\u00e9is que seguir todas las medidas y restricciones establecidas para prevenir la COVID-19 y, por tanto, llevar la mascarilla, preservar la distancia de seguridad y limpiaros\/desinfectaros las manos a menudo.<\/span><\/p>\n<div id='gallery-1' class='gallery galleryid-15464 gallery-columns-4 gallery-size-medium'><figure class='gallery-item'>\n\t\t\t<div class='gallery-icon portrait'>\n\t\t\t\t<a href='https:\/\/bisbalpenedes.com\/web\/wp-content\/uploads\/2020\/11\/CARTELL-SI-EL-TEU-AMIC.jpg'><img width=\"206\" height=\"300\" src=\"https:\/\/bisbalpenedes.com\/web\/wp-content\/uploads\/2020\/11\/CARTELL-SI-EL-TEU-AMIC-206x300.jpg\" class=\"attachment-medium size-medium\" alt=\"\" loading=\"lazy\" srcset=\"https:\/\/bisbalpenedes.com\/web\/wp-content\/uploads\/2020\/11\/CARTELL-SI-EL-TEU-AMIC-206x300.jpg 206w, https:\/\/bisbalpenedes.com\/web\/wp-content\/uploads\/2020\/11\/CARTELL-SI-EL-TEU-AMIC-600x875.jpg 600w, https:\/\/bisbalpenedes.com\/web\/wp-content\/uploads\/2020\/11\/CARTELL-SI-EL-TEU-AMIC-768x1120.jpg 768w, https:\/\/bisbalpenedes.com\/web\/wp-content\/uploads\/2020\/11\/CARTELL-SI-EL-TEU-AMIC-702x1024.jpg 702w, https:\/\/bisbalpenedes.com\/web\/wp-content\/uploads\/2020\/11\/CARTELL-SI-EL-TEU-AMIC.jpg 1404w\" sizes=\"(max-width: 206px) 100vw, 206px\" \/><\/a>\n\t\t\t<\/div><\/figure><figure class='gallery-item'>\n\t\t\t<div class='gallery-icon portrait'>\n\t\t\t\t<a href='https:\/\/bisbalpenedes.com\/web\/wp-content\/uploads\/2020\/11\/CARTELL-SI-INSISTEIXES.jpg'><img width=\"206\" height=\"300\" src=\"https:\/\/bisbalpenedes.com\/web\/wp-content\/uploads\/2020\/11\/CARTELL-SI-INSISTEIXES-206x300.jpg\" class=\"attachment-medium size-medium\" alt=\"\" loading=\"lazy\" srcset=\"https:\/\/bisbalpenedes.com\/web\/wp-content\/uploads\/2020\/11\/CARTELL-SI-INSISTEIXES-206x300.jpg 206w, https:\/\/bisbalpenedes.com\/web\/wp-content\/uploads\/2020\/11\/CARTELL-SI-INSISTEIXES-600x875.jpg 600w, https:\/\/bisbalpenedes.com\/web\/wp-content\/uploads\/2020\/11\/CARTELL-SI-INSISTEIXES-768x1120.jpg 768w, https:\/\/bisbalpenedes.com\/web\/wp-content\/uploads\/2020\/11\/CARTELL-SI-INSISTEIXES-702x1024.jpg 702w, https:\/\/bisbalpenedes.com\/web\/wp-content\/uploads\/2020\/11\/CARTELL-SI-INSISTEIXES.jpg 1404w\" sizes=\"(max-width: 206px) 100vw, 206px\" \/><\/a>\n\t\t\t<\/div><\/figure><figure class='gallery-item'>\n\t\t\t<div class='gallery-icon portrait'>\n\t\t\t\t<a href='https:\/\/bisbalpenedes.com\/web\/wp-content\/uploads\/2020\/11\/CARTELL-SI-JUSTIFIQUES.jpg'><img width=\"206\" height=\"300\" src=\"https:\/\/bisbalpenedes.com\/web\/wp-content\/uploads\/2020\/11\/CARTELL-SI-JUSTIFIQUES-206x300.jpg\" class=\"attachment-medium size-medium\" alt=\"\" loading=\"lazy\" srcset=\"https:\/\/bisbalpenedes.com\/web\/wp-content\/uploads\/2020\/11\/CARTELL-SI-JUSTIFIQUES-206x300.jpg 206w, https:\/\/bisbalpenedes.com\/web\/wp-content\/uploads\/2020\/11\/CARTELL-SI-JUSTIFIQUES-600x875.jpg 600w, https:\/\/bisbalpenedes.com\/web\/wp-content\/uploads\/2020\/11\/CARTELL-SI-JUSTIFIQUES-768x1120.jpg 768w, https:\/\/bisbalpenedes.com\/web\/wp-content\/uploads\/2020\/11\/CARTELL-SI-JUSTIFIQUES-702x1024.jpg 702w, https:\/\/bisbalpenedes.com\/web\/wp-content\/uploads\/2020\/11\/CARTELL-SI-JUSTIFIQUES.jpg 1404w\" sizes=\"(max-width: 206px) 100vw, 206px\" \/><\/a>\n\t\t\t<\/div><\/figure><figure class='gallery-item'>\n\t\t\t<div class='gallery-icon portrait'>\n\t\t\t\t<a href='https:\/\/bisbalpenedes.com\/web\/wp-content\/uploads\/2020\/11\/CARTELL-SI-VOLS-SABER.jpg'><img width=\"206\" height=\"300\" src=\"https:\/\/bisbalpenedes.com\/web\/wp-content\/uploads\/2020\/11\/CARTELL-SI-VOLS-SABER-206x300.jpg\" class=\"attachment-medium size-medium\" alt=\"\" loading=\"lazy\" srcset=\"https:\/\/bisbalpenedes.com\/web\/wp-content\/uploads\/2020\/11\/CARTELL-SI-VOLS-SABER-206x300.jpg 206w, https:\/\/bisbalpenedes.com\/web\/wp-content\/uploads\/2020\/11\/CARTELL-SI-VOLS-SABER-600x875.jpg 600w, https:\/\/bisbalpenedes.com\/web\/wp-content\/uploads\/2020\/11\/CARTELL-SI-VOLS-SABER-768x1120.jpg 768w, https:\/\/bisbalpenedes.com\/web\/wp-content\/uploads\/2020\/11\/CARTELL-SI-VOLS-SABER-702x1024.jpg 702w, https:\/\/bisbalpenedes.com\/web\/wp-content\/uploads\/2020\/11\/CARTELL-SI-VOLS-SABER.jpg 1404w\" sizes=\"(max-width: 206px) 100vw, 206px\" \/><\/a>\n\t\t\t<\/div><\/figure>\n\t\t<\/div>\n\n","protected":false},"excerpt":{"rendered":"<p>Amb motiu del Dia Internacional per a l\u2019eliminaci\u00f3 de la viol\u00e8ncia envers les dones (25N), el proper dimecres 25 de novembre de 2020 el mercat setmanal acollir\u00e0 una parada de &hellip; <a href=\"https:\/\/bisbalpenedes.com\/web\/2020\/11\/21\/el-dimecres-25-de-novembre-hi-haura-una-parada-al-mercat-amb-motiu-del-dia-internacional-per-a-leliminacio-de-la-violencia-envers-les-dones\/\" class=\"more-link\">Read More<\/a><\/p>\n","protected":false},"author":4,"featured_media":15475,"comment_status":"closed","ping_status":"closed","sticky":false,"template":"","format":"standard","meta":[],"categories":[975,8],"tags":[2601,3373],"_links":{"self":[{"href":"https:\/\/bisbalpenedes.com\/web\/wp-json\/wp\/v2\/posts\/15464"}],"collection":[{"href":"https:\/\/bisbalpenedes.com\/web\/wp-json\/wp\/v2\/posts"}],"about":[{"href":"https:\/\/bisbalpenedes.com\/web\/wp-json\/wp\/v2\/types\/post"}],"author":[{"embeddable":true,"href":"https:\/\/bisbalpenedes.com\/web\/wp-json\/wp\/v2\/users\/4"}],"replies":[{"embeddable":true,"href":"https:\/\/bisbalpenedes.com\/web\/wp-json\/wp\/v2\/comments?post=15464"}],"version-history":[{"count":6,"href":"https:\/\/bisbalpenedes.com\/web\/wp-json\/wp\/v2\/posts\/15464\/revisions"}],"predecessor-version":[{"id":15482,"href":"https:\/\/bisbalpenedes.com\/web\/wp-json\/wp\/v2\/posts\/15464\/revisions\/15482"}],"wp:featuredmedia":[{"embeddable":true,"href":"https:\/\/bisbalpenedes.com\/web\/wp-json\/wp\/v2\/media\/15475"}],"wp:attachment":[{"href":"https:\/\/bisbalpenedes.com\/web\/wp-json\/wp\/v2\/media?parent=15464"}],"wp:term":[{"taxonomy":"category","embeddable":true,"href":"https:\/\/bisbalpenedes.com\/web\/wp-json\/wp\/v2\/categories?post=15464"},{"taxonomy":"post_tag","embeddable":true,"href":"https:\/\/bisbalpenedes.com\/web\/wp-json\/wp\/v2\/tags?post=15464"}],"curies":[{"name":"wp","href":"https:\/\/api.w.org\/{rel}","templated":true}]}}