{"id":15452,"date":"2020-11-20T17:58:03","date_gmt":"2020-11-20T15:58:03","guid":{"rendered":"http:\/\/bisbalpenedes.com\/web\/?p=15452"},"modified":"2020-11-20T18:04:00","modified_gmt":"2020-11-20T16:04:00","slug":"sha-convocat-un-ple-extraordinari-per-al-dimecres-25-de-novembre-a-les-8h","status":"publish","type":"post","link":"https:\/\/bisbalpenedes.com\/web\/2020\/11\/20\/sha-convocat-un-ple-extraordinari-per-al-dimecres-25-de-novembre-a-les-8h\/","title":{"rendered":"S&#8217;ha convocat un Ple extraordinari per al dimecres 25 de novembre a les 8h"},"content":{"rendered":"<p style=\"text-align: justify;\"><a href=\"http:\/\/bisbalpenedes.com\/web\/wp-content\/uploads\/2019\/02\/SALA-DE-PLENS-1.jpg\"><img loading=\"lazy\" class=\"aligncenter size-medium wp-image-8717\" src=\"http:\/\/bisbalpenedes.com\/web\/wp-content\/uploads\/2019\/02\/SALA-DE-PLENS-1-300x225.jpg\" alt=\"SALA DE PLENS 1\" width=\"300\" height=\"225\" srcset=\"https:\/\/bisbalpenedes.com\/web\/wp-content\/uploads\/2019\/02\/SALA-DE-PLENS-1-300x225.jpg 300w, https:\/\/bisbalpenedes.com\/web\/wp-content\/uploads\/2019\/02\/SALA-DE-PLENS-1-600x450.jpg 600w, https:\/\/bisbalpenedes.com\/web\/wp-content\/uploads\/2019\/02\/SALA-DE-PLENS-1-768x576.jpg 768w, https:\/\/bisbalpenedes.com\/web\/wp-content\/uploads\/2019\/02\/SALA-DE-PLENS-1-1024x768.jpg 1024w, https:\/\/bisbalpenedes.com\/web\/wp-content\/uploads\/2019\/02\/SALA-DE-PLENS-1.jpg 1600w\" sizes=\"(max-width: 300px) 100vw, 300px\" \/><\/a><\/p>\n<p style=\"text-align: justify;\"><span style=\"color: #000000;\">El dimecres 25 de novembre a les 08:00h, tindr\u00e0 lloc un Ple extraordinari a l\u2019Ajuntament de La Bisbal del Pened\u00e8s.<\/span><br \/>\n<span style=\"color: #000000;\"> Aquest Ple es convoca per la sol\u00b7licitud de convocat\u00f2ria presentada pels regidors Daniel Caballero del PSC, Xavier Faura d\u2019Units-FIC i S\u00edlvia Monfort d\u2019ERC-AM.<\/span><br \/>\n<span style=\"color: #000000;\"> L\u2019ordre del dia \u00e9s el seg\u00fcent:<\/span><\/p>\n<p style=\"text-align: justify; padding-left: 30px;\"><span style=\"color: #000000;\"> 1.- Creaci\u00f3 d\u2019una mesa de di\u00e0leg formada pels portaveus dels grups municipals i representants de l\u2019entitat Club Siglo XX<\/span><br \/>\n<span style=\"color: #000000;\"> 2.- Revocaci\u00f3 del nomenament de la Secret\u00e0ria municipal<\/span><br \/>\n<span style=\"color: #000000;\"> 3.- Determinaci\u00f3 dels locals socials de la Miralba i del Priorat com a col\u00b7legis electorals<\/span><br \/>\n<span style=\"color: #000000;\"> 4.- Modificaci\u00f3 de cr\u00e8dit per finan\u00e7ar una l\u00ednia de subvencions a aut\u00f2noms, mutualistes i empreses afectades per la segona onada de la Covid-19<\/span><br \/>\n<span style=\"color: #000000;\"> 5.- Elaboraci\u00f3 d\u2019unes bases reguladores per a la concessi\u00f3 de subvencions a aut\u00f2noms, mutualistes i empreses afectades per la segona onada de la Covid-19<\/span><\/p>\n<p style=\"text-align: justify;\"><span style=\"color: #000000;\"> El Ple se celebrar\u00e0 de forma presencial i a porta tancada per poder garantir totes les mesures de prevenci\u00f3 de contagis per la Covid-19. Posteriorment es podr\u00e0 veure l\u2019enregistrament a Youtube.<\/span><\/p>\n<hr \/>\n<p style=\"text-align: justify;\"><span style=\"color: #000000;\"><strong>CASTELLANO |<\/strong> El mi\u00e9rcoles 25 de noviembre a las 08:00h, tendr\u00e1 lugar un Pleno extraordinario en el Ayuntamiento de la Bisbal del Pened\u00e8s.<\/span><br \/>\n<span style=\"color: #000000;\"> Este Pleno se convoca por la solicitud de convocatoria presentada por los concejales Daniel Caballero del PSC, Xavier Faura de Units per la Bisbal \u2013 FIC y S\u00edlvia Monfort de ERC-AM.<\/span><br \/>\n<span style=\"color: #000000;\"> El orden del d\u00eda es el siguiente:<\/span><\/p>\n<p style=\"text-align: justify; padding-left: 30px;\"><span style=\"color: #000000;\"> 1.-Creaci\u00f3n de una mesa de di\u00e1logo formada por los portavoces de los grupos municipales y representantes de la entidad Club Siglo XX.<\/span><br \/>\n<span style=\"color: #000000;\"> 2.-Revocaci\u00f3n del nombramiento de la Secretaria municipal.<\/span><br \/>\n<span style=\"color: #000000;\"> 3.-Determinaci\u00f3n de los locales sociales de la Miralba y del Priorat como colegios electorales.<\/span><br \/>\n<span style=\"color: #000000;\"> 4.-Modificaci\u00f3n de cr\u00e9dito para financiar una l\u00ednea de subvenciones a aut\u00f3nomos, mutualistas y empresas afectadas por la segunda oleada de la Covid-19.<\/span><br \/>\n<span style=\"color: #000000;\"> 5.-Elaboraci\u00f3n de unas bases reguladoras para la concesi\u00f3n de subvenciones a aut\u00f3nomos, mutualistas y empresas afectadas por la segunda oleada de Covid-19.<\/span><\/p>\n<p style=\"text-align: justify;\"><span style=\"color: #000000;\"> El Pleno se celebrar\u00e1 de forma presencial y a puerta cerrada para poder garantizar todas las medidas de prevenci\u00f3n de contagios por la Covid-19. Posteriormente se podr\u00e1 ver la grabaci\u00f3n en Youtube.<\/span><\/p>\n","protected":false},"excerpt":{"rendered":"<p>El dimecres 25 de novembre a les 08:00h, tindr\u00e0 lloc un Ple extraordinari a l\u2019Ajuntament de La Bisbal del Pened\u00e8s. Aquest Ple es convoca per la sol\u00b7licitud de convocat\u00f2ria presentada &hellip; <a href=\"https:\/\/bisbalpenedes.com\/web\/2020\/11\/20\/sha-convocat-un-ple-extraordinari-per-al-dimecres-25-de-novembre-a-les-8h\/\" class=\"more-link\">Read More<\/a><\/p>\n","protected":false},"author":4,"featured_media":14975,"comment_status":"closed","ping_status":"closed","sticky":false,"template":"","format":"standard","meta":[],"categories":[8,2250],"tags":[4215,4216,3559,3308,246,423],"_links":{"self":[{"href":"https:\/\/bisbalpenedes.com\/web\/wp-json\/wp\/v2\/posts\/15452"}],"collection":[{"href":"https:\/\/bisbalpenedes.com\/web\/wp-json\/wp\/v2\/posts"}],"about":[{"href":"https:\/\/bisbalpenedes.com\/web\/wp-json\/wp\/v2\/types\/post"}],"author":[{"embeddable":true,"href":"https:\/\/bisbalpenedes.com\/web\/wp-json\/wp\/v2\/users\/4"}],"replies":[{"embeddable":true,"href":"https:\/\/bisbalpenedes.com\/web\/wp-json\/wp\/v2\/comments?post=15452"}],"version-history":[{"count":3,"href":"https:\/\/bisbalpenedes.com\/web\/wp-json\/wp\/v2\/posts\/15452\/revisions"}],"predecessor-version":[{"id":15455,"href":"https:\/\/bisbalpenedes.com\/web\/wp-json\/wp\/v2\/posts\/15452\/revisions\/15455"}],"wp:featuredmedia":[{"embeddable":true,"href":"https:\/\/bisbalpenedes.com\/web\/wp-json\/wp\/v2\/media\/14975"}],"wp:attachment":[{"href":"https:\/\/bisbalpenedes.com\/web\/wp-json\/wp\/v2\/media?parent=15452"}],"wp:term":[{"taxonomy":"category","embeddable":true,"href":"https:\/\/bisbalpenedes.com\/web\/wp-json\/wp\/v2\/categories?post=15452"},{"taxonomy":"post_tag","embeddable":true,"href":"https:\/\/bisbalpenedes.com\/web\/wp-json\/wp\/v2\/tags?post=15452"}],"curies":[{"name":"wp","href":"https:\/\/api.w.org\/{rel}","templated":true}]}}