{"id":15448,"date":"2020-11-19T21:00:50","date_gmt":"2020-11-19T19:00:50","guid":{"rendered":"http:\/\/bisbalpenedes.com\/web\/?p=15448"},"modified":"2020-11-19T22:21:37","modified_gmt":"2020-11-19T20:21:37","slug":"informacio-de-la-generalitat-de-catalunya-sobre-la-cria-i-manteniment-daus-de-corral-per-autoconsum","status":"publish","type":"post","link":"https:\/\/bisbalpenedes.com\/web\/2020\/11\/19\/informacio-de-la-generalitat-de-catalunya-sobre-la-cria-i-manteniment-daus-de-corral-per-autoconsum\/","title":{"rendered":"Informaci\u00f3 de la Generalitat de Catalunya sobre la cria i manteniment d&#8217;aus de corral per autoconsum"},"content":{"rendered":"<p style=\"text-align: justify;\"><span style=\"color: #000000;\">Des de la Direcci\u00f3 General d\u2019Agricultura i Ramaderia de la Generalitat de Catalunya han informat que han informat que, amb motiu de la migraci\u00f3 de determinades aus, durant els darrers mesos s\u2019han anat declarant diferents focus d\u2019Influ\u00e8ncia Avi\u00e0ria d\u2019Alta Patogenicitat (IAAP) que ha anat avan\u00e7ant des de l\u2019est d\u2019Europa fins a introduir-se en pa\u00efsos relativament propers al nostre, com ara Alemanya, Holanda, Regne Unit, Irlanda o Dinamarca.<\/span><\/p>\n<p style=\"text-align: justify;\"><span style=\"color: #000000;\">Davant d\u2019aquesta situaci\u00f3, s\u2019ha realitzat una an\u00e0lisi de risc d\u2019introducci\u00f3 del virus a l\u2019Estat Espanyol. A partir d\u2019aquesta an\u00e0lisi de risc, s\u2019ha identificat un alt risc en els municipis inclosos en les zones d\u2019especial risc de l\u2019annex II i moderat als municipis inclosos a la zona d\u2019especial vigil\u00e0ncia de l\u2019annex III de l\u2019<a style=\"color: #000000;\" href=\"https:\/\/www.boe.es\/buscar\/pdf\/2006\/BOE-A-2006-13654-consolidado.pdf\">Ordre APA\/2442\/2006<\/a>.<\/span><\/p>\n<p style=\"text-align: justify;\"><span style=\"color: #000000;\">Tot i que el municipi de la Bisbal del Pened\u00e8s no forma part d\u2019aquests annexos, considerem oport\u00fa informar-vos que els particulars que us dediqueu a la cria o al manteniment per autoconsum d\u2019aus de corral ho heu de comunicar a l\u2019Oficina Comarcal del Departament d\u2019Agricultura, Ramaderia, Pesca i Alimentaci\u00f3 (DARP) (<a style=\"color: #000000;\" href=\"https:\/\/agricultura.gencat.cat\/ca\/departament\/adreces-telefons\/oficines-comarcals\/tarragona\/baix-penedes\/\">la del Baix Pened\u00e8s est\u00e0 ubicada al Vendrell<\/a>). Us adjuntem un tr\u00edptic amb informaci\u00f3 sobre la cria d\u2019aus per a l\u2019autoconsum a Catalunya.<\/span><\/p>\n<hr \/>\n<p style=\"text-align: justify;\"><span style=\"color: #000000;\"><strong>CASTELLANO |<\/strong> Desde la Direcci\u00f3n General de Agricultura y Ganader\u00eda de la Generalitat de Catalunya han informado de que, con motivo de la migraci\u00f3n de determinadas aves, durante los \u00faltimos meses se han ido declarando distintos focos de Influencia Aviaria de Alta Patogenicidad (IAAP) que ha ido avanzando desde el este de Europa hasta introducirse en pa\u00edses relativamente cercanos al nuestro, como por ejemplo Alemania, Holanda, Reino Unido, Irlanda o Dinamarca.<\/span><\/p>\n<p style=\"text-align: justify;\"><span style=\"color: #000000;\">Ante esta situaci\u00f3n, se ha realizado un an\u00e1lisis de riesgo de introducci\u00f3n del virus en el Estado Espa\u00f1ol. A partir de este an\u00e1lisis de riesgo, se ha identificado un alto riesgo en los municipios incluidos en las zonas de especial riesgo del anexo II y moderado en los municipios incluidos en la zona de especial vigilancia del anexo III de la <a style=\"color: #000000;\" href=\"https:\/\/boe.es\/buscar\/pdf\/2006\/BOE-A-2006-13654-consolidado.pdf\">Orden APA\/2442\/2006<\/a>.<\/span><\/p>\n<p style=\"text-align: justify;\"><span style=\"color: #000000;\">Aunque el municipio de la Bisbal del Pened\u00e8s no forma parte de estos anexos, consideramos oportuno informaros de que los particulares que os dedic\u00e1is a la cr\u00eda o al mantenimiento para el autoconsumo de aves de corral lo ten\u00e9is que comunicar a la Oficina Comarcal del Departamento de Agricultura, Ganader\u00eda, Pesca y Alimentaci\u00f3n (DGPA) (<a style=\"color: #000000;\" href=\"https:\/\/agricultura.gencat.cat\/ca\/departament\/adreces-telefons\/oficines-comarcals\/tarragona\/baix-penedes\/\">la del Baix Pened\u00e8s est\u00e1 ubicada en El Vendrell<\/a>). Os adjuntamos un tr\u00edptico con informaci\u00f3n sobre la cr\u00eda de aves para el autoconsumo en Catalunya.<\/span><\/p>\n<p>&nbsp;<\/p>\n<p><a href=\"http:\/\/bisbalpenedes.com\/web\/wp-content\/uploads\/2020\/11\/20201116_2020-E-RC-3684-triptic-cria-aus-autoconsum-catalunya_page-0001.jpg\"><img loading=\"lazy\" class=\"aligncenter wp-image-15449 size-full\" src=\"http:\/\/bisbalpenedes.com\/web\/wp-content\/uploads\/2020\/11\/20201116_2020-E-RC-3684-triptic-cria-aus-autoconsum-catalunya_page-0001.jpg\" alt=\"20201116_2020-E-RC-3684 triptic-cria-aus-autoconsum-catalunya_page-0001\" width=\"1754\" height=\"1241\" srcset=\"https:\/\/bisbalpenedes.com\/web\/wp-content\/uploads\/2020\/11\/20201116_2020-E-RC-3684-triptic-cria-aus-autoconsum-catalunya_page-0001.jpg 1754w, https:\/\/bisbalpenedes.com\/web\/wp-content\/uploads\/2020\/11\/20201116_2020-E-RC-3684-triptic-cria-aus-autoconsum-catalunya_page-0001-600x425.jpg 600w, https:\/\/bisbalpenedes.com\/web\/wp-content\/uploads\/2020\/11\/20201116_2020-E-RC-3684-triptic-cria-aus-autoconsum-catalunya_page-0001-300x212.jpg 300w, https:\/\/bisbalpenedes.com\/web\/wp-content\/uploads\/2020\/11\/20201116_2020-E-RC-3684-triptic-cria-aus-autoconsum-catalunya_page-0001-768x543.jpg 768w, https:\/\/bisbalpenedes.com\/web\/wp-content\/uploads\/2020\/11\/20201116_2020-E-RC-3684-triptic-cria-aus-autoconsum-catalunya_page-0001-1024x725.jpg 1024w\" sizes=\"(max-width: 1754px) 100vw, 1754px\" \/><\/a> <a href=\"http:\/\/bisbalpenedes.com\/web\/wp-content\/uploads\/2020\/11\/20201116_2020-E-RC-3684-triptic-cria-aus-autoconsum-catalunya_page-0002.jpg\"><img loading=\"lazy\" class=\"aligncenter wp-image-15450 size-full\" src=\"http:\/\/bisbalpenedes.com\/web\/wp-content\/uploads\/2020\/11\/20201116_2020-E-RC-3684-triptic-cria-aus-autoconsum-catalunya_page-0002.jpg\" alt=\"20201116_2020-E-RC-3684 triptic-cria-aus-autoconsum-catalunya_page-0002\" width=\"1754\" height=\"1241\" srcset=\"https:\/\/bisbalpenedes.com\/web\/wp-content\/uploads\/2020\/11\/20201116_2020-E-RC-3684-triptic-cria-aus-autoconsum-catalunya_page-0002.jpg 1754w, https:\/\/bisbalpenedes.com\/web\/wp-content\/uploads\/2020\/11\/20201116_2020-E-RC-3684-triptic-cria-aus-autoconsum-catalunya_page-0002-600x425.jpg 600w, https:\/\/bisbalpenedes.com\/web\/wp-content\/uploads\/2020\/11\/20201116_2020-E-RC-3684-triptic-cria-aus-autoconsum-catalunya_page-0002-300x212.jpg 300w, https:\/\/bisbalpenedes.com\/web\/wp-content\/uploads\/2020\/11\/20201116_2020-E-RC-3684-triptic-cria-aus-autoconsum-catalunya_page-0002-768x543.jpg 768w, https:\/\/bisbalpenedes.com\/web\/wp-content\/uploads\/2020\/11\/20201116_2020-E-RC-3684-triptic-cria-aus-autoconsum-catalunya_page-0002-1024x725.jpg 1024w\" sizes=\"(max-width: 1754px) 100vw, 1754px\" \/><\/a><\/p>\n","protected":false},"excerpt":{"rendered":"<p>Des de la Direcci\u00f3 General d\u2019Agricultura i Ramaderia de la Generalitat de Catalunya han informat que han informat que, amb motiu de la migraci\u00f3 de determinades aus, durant els darrers &hellip; <a href=\"https:\/\/bisbalpenedes.com\/web\/2020\/11\/19\/informacio-de-la-generalitat-de-catalunya-sobre-la-cria-i-manteniment-daus-de-corral-per-autoconsum\/\" class=\"more-link\">Read More<\/a><\/p>\n","protected":false},"author":4,"featured_media":15450,"comment_status":"closed","ping_status":"closed","sticky":false,"template":"","format":"standard","meta":[],"categories":[32,8],"tags":[4212,4209,2726,4210,4211,4214,4213],"_links":{"self":[{"href":"https:\/\/bisbalpenedes.com\/web\/wp-json\/wp\/v2\/posts\/15448"}],"collection":[{"href":"https:\/\/bisbalpenedes.com\/web\/wp-json\/wp\/v2\/posts"}],"about":[{"href":"https:\/\/bisbalpenedes.com\/web\/wp-json\/wp\/v2\/types\/post"}],"author":[{"embeddable":true,"href":"https:\/\/bisbalpenedes.com\/web\/wp-json\/wp\/v2\/users\/4"}],"replies":[{"embeddable":true,"href":"https:\/\/bisbalpenedes.com\/web\/wp-json\/wp\/v2\/comments?post=15448"}],"version-history":[{"count":1,"href":"https:\/\/bisbalpenedes.com\/web\/wp-json\/wp\/v2\/posts\/15448\/revisions"}],"predecessor-version":[{"id":15451,"href":"https:\/\/bisbalpenedes.com\/web\/wp-json\/wp\/v2\/posts\/15448\/revisions\/15451"}],"wp:featuredmedia":[{"embeddable":true,"href":"https:\/\/bisbalpenedes.com\/web\/wp-json\/wp\/v2\/media\/15450"}],"wp:attachment":[{"href":"https:\/\/bisbalpenedes.com\/web\/wp-json\/wp\/v2\/media?parent=15448"}],"wp:term":[{"taxonomy":"category","embeddable":true,"href":"https:\/\/bisbalpenedes.com\/web\/wp-json\/wp\/v2\/categories?post=15448"},{"taxonomy":"post_tag","embeddable":true,"href":"https:\/\/bisbalpenedes.com\/web\/wp-json\/wp\/v2\/tags?post=15448"}],"curies":[{"name":"wp","href":"https:\/\/api.w.org\/{rel}","templated":true}]}}