{"id":15444,"date":"2020-11-18T18:40:46","date_gmt":"2020-11-18T16:40:46","guid":{"rendered":"http:\/\/bisbalpenedes.com\/web\/?p=15444"},"modified":"2020-11-18T18:42:53","modified_gmt":"2020-11-18T16:42:53","slug":"el-bisbalenc-jaume-calbet-i-sole-ha-fet-100-anys-avui-dimecres-18-de-novembre","status":"publish","type":"post","link":"https:\/\/bisbalpenedes.com\/web\/2020\/11\/18\/el-bisbalenc-jaume-calbet-i-sole-ha-fet-100-anys-avui-dimecres-18-de-novembre\/","title":{"rendered":"El bisbalenc Jaume Calbet i Sol\u00e9 ha fet 100 anys avui dimecres 18 de novembre"},"content":{"rendered":"<p style=\"text-align: justify;\"><a href=\"http:\/\/bisbalpenedes.com\/web\/wp-content\/uploads\/2020\/11\/201118-JAUME-CALBET-100-ANYS.jpg\"><img loading=\"lazy\" class=\"aligncenter size-large wp-image-15445\" src=\"http:\/\/bisbalpenedes.com\/web\/wp-content\/uploads\/2020\/11\/201118-JAUME-CALBET-100-ANYS-848x1024.jpg\" alt=\"201118 JAUME CALBET 100 ANYS\" width=\"630\" height=\"761\" srcset=\"https:\/\/bisbalpenedes.com\/web\/wp-content\/uploads\/2020\/11\/201118-JAUME-CALBET-100-ANYS-848x1024.jpg 848w, https:\/\/bisbalpenedes.com\/web\/wp-content\/uploads\/2020\/11\/201118-JAUME-CALBET-100-ANYS-600x724.jpg 600w, https:\/\/bisbalpenedes.com\/web\/wp-content\/uploads\/2020\/11\/201118-JAUME-CALBET-100-ANYS-248x300.jpg 248w, https:\/\/bisbalpenedes.com\/web\/wp-content\/uploads\/2020\/11\/201118-JAUME-CALBET-100-ANYS-768x927.jpg 768w, https:\/\/bisbalpenedes.com\/web\/wp-content\/uploads\/2020\/11\/201118-JAUME-CALBET-100-ANYS.jpg 1100w\" sizes=\"(max-width: 630px) 100vw, 630px\" \/><\/a><\/p>\n<p style=\"text-align: justify;\"><span style=\"color: #000000;\">L&#8217;Ajuntament de la Bisbal del Pened\u00e8s ha felicitat avui el bisbalenc Jaume Calbet i Sol\u00e9 amb motiu del seu 100\u00e8 aniversari, fent-li arribar un ram de flors a casa seva. Calbet \u00e9s un dels \u00faltims supervivents de la Lleva del Biber\u00f3.<\/span><br \/>\n<span style=\"color: #000000;\">Des de la Regidoria de Cultura se li ha fet una entrevista i, pr\u00f2ximament, farem una publicaci\u00f3 on compartirem part de les seves viv\u00e8ncies a la guerra i tamb\u00e9 els seus records de la Bisbal.<\/span><br \/>\n<span style=\"color: #000000;\">Per molts anys, Jaume!<\/span><\/p>\n<hr \/>\n<p style=\"text-align: justify;\"><span style=\"color: #000000;\"><strong>CASTELLANO |<\/strong> El Ayuntamiento de la Bisbal del Pened\u00e8s ha felicitado hoy al bisbalense Jaume Calbet Sol\u00e9 con motivo de su 100\u00ba aniversario, haci\u00e9ndole llegar un ramo de flores a su casa. Calbet es uno de los \u00faltimos supervivientes de la Leva del Biber\u00f3n.<\/span><br \/>\n<span style=\"color: #000000;\">Desde la Concejal\u00eda de Cultura se le ha hecho una entrevista y, pr\u00f3ximamente, haremos una publicaci\u00f3n en la que compartiremos parte de sus vivencias en la guerra y tambi\u00e9n sus recuerdos de la Bisbal.<\/span><br \/>\n<span style=\"color: #000000;\">\u00a1Felicidades, Jaume!<\/span><\/p>\n","protected":false},"excerpt":{"rendered":"<p>L&#8217;Ajuntament de la Bisbal del Pened\u00e8s ha felicitat avui el bisbalenc Jaume Calbet i Sol\u00e9 amb motiu del seu 100\u00e8 aniversari, fent-li arribar un ram de flors a casa seva. &hellip; <a href=\"https:\/\/bisbalpenedes.com\/web\/2020\/11\/18\/el-bisbalenc-jaume-calbet-i-sole-ha-fet-100-anys-avui-dimecres-18-de-novembre\/\" class=\"more-link\">Read More<\/a><\/p>\n","protected":false},"author":4,"featured_media":15445,"comment_status":"closed","ping_status":"closed","sticky":false,"template":"","format":"standard","meta":[],"categories":[2402,13,8],"tags":[4208,1949,593,4206,4207,3523],"_links":{"self":[{"href":"https:\/\/bisbalpenedes.com\/web\/wp-json\/wp\/v2\/posts\/15444"}],"collection":[{"href":"https:\/\/bisbalpenedes.com\/web\/wp-json\/wp\/v2\/posts"}],"about":[{"href":"https:\/\/bisbalpenedes.com\/web\/wp-json\/wp\/v2\/types\/post"}],"author":[{"embeddable":true,"href":"https:\/\/bisbalpenedes.com\/web\/wp-json\/wp\/v2\/users\/4"}],"replies":[{"embeddable":true,"href":"https:\/\/bisbalpenedes.com\/web\/wp-json\/wp\/v2\/comments?post=15444"}],"version-history":[{"count":2,"href":"https:\/\/bisbalpenedes.com\/web\/wp-json\/wp\/v2\/posts\/15444\/revisions"}],"predecessor-version":[{"id":15447,"href":"https:\/\/bisbalpenedes.com\/web\/wp-json\/wp\/v2\/posts\/15444\/revisions\/15447"}],"wp:featuredmedia":[{"embeddable":true,"href":"https:\/\/bisbalpenedes.com\/web\/wp-json\/wp\/v2\/media\/15445"}],"wp:attachment":[{"href":"https:\/\/bisbalpenedes.com\/web\/wp-json\/wp\/v2\/media?parent=15444"}],"wp:term":[{"taxonomy":"category","embeddable":true,"href":"https:\/\/bisbalpenedes.com\/web\/wp-json\/wp\/v2\/categories?post=15444"},{"taxonomy":"post_tag","embeddable":true,"href":"https:\/\/bisbalpenedes.com\/web\/wp-json\/wp\/v2\/tags?post=15444"}],"curies":[{"name":"wp","href":"https:\/\/api.w.org\/{rel}","templated":true}]}}