{"id":15440,"date":"2020-11-18T17:40:32","date_gmt":"2020-11-18T15:40:32","guid":{"rendered":"http:\/\/bisbalpenedes.com\/web\/?p=15440"},"modified":"2020-11-18T22:45:32","modified_gmt":"2020-11-18T20:45:32","slug":"el-penedes-en-xarxa-va-centrar-se-el-dilluns-en-la-campanya-per-dinamitzar-el-comerc-de-la-bisbal","status":"publish","type":"post","link":"https:\/\/bisbalpenedes.com\/web\/2020\/11\/18\/el-penedes-en-xarxa-va-centrar-se-el-dilluns-en-la-campanya-per-dinamitzar-el-comerc-de-la-bisbal\/","title":{"rendered":"El Pened\u00e8s en Xarxa va centrar-se -el dilluns- en la campanya per dinamitzar el comer\u00e7 de la Bisbal"},"content":{"rendered":"<div class=\"\" data-block=\"true\" data-editor=\"edn41\" data-offset-key=\"6sc0s-0-0\">\n<div class=\"_1mf _1mj\" data-offset-key=\"6sc0s-0-0\">\n<figure id=\"attachment_15442\" aria-describedby=\"caption-attachment-15442\" style=\"width: 630px\" class=\"wp-caption aligncenter\"><a href=\"http:\/\/bisbalpenedes.com\/web\/wp-content\/uploads\/2020\/11\/201116-Judith-al-Penedes-en-xarxa.jpg\"><img loading=\"lazy\" class=\"wp-image-15442 size-large\" src=\"http:\/\/bisbalpenedes.com\/web\/wp-content\/uploads\/2020\/11\/201116-Judith-al-Penedes-en-xarxa-1024x485.jpg\" alt=\"201116 Judith al Penedes en xarxa\" width=\"630\" height=\"298\" \/><\/a><figcaption id=\"caption-attachment-15442\" class=\"wp-caption-text\">Foto: Domenys R\u00e0dio<\/figcaption><\/figure>\n<\/div>\n<div class=\"_1mf _1mj\" data-offset-key=\"6sc0s-0-0\"><\/div>\n<div class=\"_1mf _1mj\" data-offset-key=\"6sc0s-0-0\"><span style=\"color: #000000;\"><span data-offset-key=\"6sc0s-0-0\">El passat dilluns, la regidora de Comer\u00e7, Judith Vidal, va parlar de la campanya per dinamitzar el comer\u00e7 local que est\u00e0 tirant endavant l&#8217;Ajuntament de la Bisbal del Pened\u00e8s juntament amb la Cambra de Comer\u00e7 al programa de r\u00e0dio <\/span><span class=\"diy96o5h\" spellcheck=\"false\" data-offset-key=\"6sc0s-1-0\">Pened\u00e8s en Xarxa<\/span><span data-offset-key=\"6sc0s-2-0\">. Podeu escoltar la conversa, aqu\u00ed: <\/span><\/span><span class=\"py34i1dx\"><a href=\"https:\/\/www.rtvvilafranca.cat\/programa\/penedes-en-xarxa\/2\/\" target=\"_blank\">https:\/\/www.rtvvilafranca.cat\/programa\/penedes-en-xarxa\/2\/<\/a><\/span><\/div>\n<\/div>\n<div class=\"\" data-block=\"true\" data-editor=\"edn41\" data-offset-key=\"f5b2m-0-0\">\n<div class=\"_1mf _1mj\" data-offset-key=\"f5b2m-0-0\"><span data-offset-key=\"f5b2m-0-0\">\u00a0<\/span><\/div>\n<\/div>\n<div class=\"\" data-block=\"true\" data-editor=\"edn41\" data-offset-key=\"5f7d8-0-0\">\n<div class=\"_1mf _1mj\" data-offset-key=\"5f7d8-0-0\">\n<hr \/>\n<p><span style=\"color: #000000;\" data-offset-key=\"2bqci-0-0\"><strong>CASTELLANO |<\/strong> El lunes pasado, la concejala de Comercio, Judith Vidal, habl\u00f3 de la campa\u00f1a para dinamizar el comercio local que est\u00e1 llevando a cabo el Ayuntamiento de la Bisbal del Pened\u00e8s junto con la C\u00e1mara de Comercio en el programa de radio Pened\u00e8s en Xarxa. Pod\u00e9is escuchar la conversaci\u00f3n, aqu\u00ed: <\/span><span class=\"py34i1dx\"><a href=\"https:\/\/www.rtvvilafranca.cat\/programa\/penedes-en-xarxa\/2\/\" target=\"_blank\">https:\/\/www.rtvvilafranca.cat\/programa\/penedes-en-xarxa\/2\/<\/a><\/span><\/p>\n<\/div>\n<p>&nbsp;<\/p>\n<\/div>\n","protected":false},"excerpt":{"rendered":"<p>El passat dilluns, la regidora de Comer\u00e7, Judith Vidal, va parlar de la campanya per dinamitzar el comer\u00e7 local que est\u00e0 tirant endavant l&#8217;Ajuntament de la Bisbal del Pened\u00e8s juntament &hellip; <a href=\"https:\/\/bisbalpenedes.com\/web\/2020\/11\/18\/el-penedes-en-xarxa-va-centrar-se-el-dilluns-en-la-campanya-per-dinamitzar-el-comerc-de-la-bisbal\/\" class=\"more-link\">Read More<\/a><\/p>\n","protected":false},"author":4,"featured_media":15442,"comment_status":"closed","ping_status":"closed","sticky":false,"template":"","format":"standard","meta":[],"categories":[3860,8],"tags":[4205,4204,2469],"_links":{"self":[{"href":"https:\/\/bisbalpenedes.com\/web\/wp-json\/wp\/v2\/posts\/15440"}],"collection":[{"href":"https:\/\/bisbalpenedes.com\/web\/wp-json\/wp\/v2\/posts"}],"about":[{"href":"https:\/\/bisbalpenedes.com\/web\/wp-json\/wp\/v2\/types\/post"}],"author":[{"embeddable":true,"href":"https:\/\/bisbalpenedes.com\/web\/wp-json\/wp\/v2\/users\/4"}],"replies":[{"embeddable":true,"href":"https:\/\/bisbalpenedes.com\/web\/wp-json\/wp\/v2\/comments?post=15440"}],"version-history":[{"count":2,"href":"https:\/\/bisbalpenedes.com\/web\/wp-json\/wp\/v2\/posts\/15440\/revisions"}],"predecessor-version":[{"id":15443,"href":"https:\/\/bisbalpenedes.com\/web\/wp-json\/wp\/v2\/posts\/15440\/revisions\/15443"}],"wp:featuredmedia":[{"embeddable":true,"href":"https:\/\/bisbalpenedes.com\/web\/wp-json\/wp\/v2\/media\/15442"}],"wp:attachment":[{"href":"https:\/\/bisbalpenedes.com\/web\/wp-json\/wp\/v2\/media?parent=15440"}],"wp:term":[{"taxonomy":"category","embeddable":true,"href":"https:\/\/bisbalpenedes.com\/web\/wp-json\/wp\/v2\/categories?post=15440"},{"taxonomy":"post_tag","embeddable":true,"href":"https:\/\/bisbalpenedes.com\/web\/wp-json\/wp\/v2\/tags?post=15440"}],"curies":[{"name":"wp","href":"https:\/\/api.w.org\/{rel}","templated":true}]}}