{"id":15437,"date":"2020-11-18T11:41:43","date_gmt":"2020-11-18T09:41:43","guid":{"rendered":"http:\/\/bisbalpenedes.com\/web\/?p=15437"},"modified":"2020-11-18T11:41:43","modified_gmt":"2020-11-18T09:41:43","slug":"conferencia-telematica-amb-motiu-de-la-marato-2020","status":"publish","type":"post","link":"https:\/\/bisbalpenedes.com\/web\/2020\/11\/18\/conferencia-telematica-amb-motiu-de-la-marato-2020\/","title":{"rendered":"Confer\u00e8ncia telem\u00e0tica amb motiu de la Marat\u00f3 2020"},"content":{"rendered":"<p><span style=\"color: #000000;\"><b><span lang=\"CA\">El proper dijous 26 de novembre, a les 19h,\u00a0<\/span><\/b><span lang=\"CA\">us oferirem una<\/span><b><span lang=\"CA\">\u00a0<\/span><\/b><\/span><span lang=\"CA\"><span style=\"color: #000000;\">confer\u00e8ncia divulgativa, per via telem\u00e0tica, sobre la Marat\u00f3 d&#8217;enguany. Les inscripcions es poden fer enviant un correu electr\u00f2nic a<\/span>\u00a0<a href=\"mailto:biblioteca@bisbalpenedes.com\" target=\"_blank\">biblioteca@bisbalpenedes.com<\/a><\/span><\/p>\n<hr \/>\n<p><span style=\"color: #000000;\"><strong>El pr\u00f3ximo jueves 26 de noviembre, a las 19h,<\/strong> os ofreceremos una conferencia divulgativa, por v\u00eda telem\u00e1tica, sobre la Marat\u00f3 de este a\u00f1o. Las inscripciones se pueden hacer mandando un correo electr\u00f3nico a<\/span>\u00a0<a href=\"mailto:biblioteca@bisbalpenedes.com\" target=\"_blank\">biblioteca@bisbalpenedes.com<\/a><\/p>\n<p><a href=\"http:\/\/bisbalpenedes.com\/web\/wp-content\/uploads\/2020\/11\/CARTELL-QUADRAT-MARATO-2020.png\"><img loading=\"lazy\" class=\"aligncenter size-large wp-image-15438\" src=\"http:\/\/bisbalpenedes.com\/web\/wp-content\/uploads\/2020\/11\/CARTELL-QUADRAT-MARATO-2020-1024x1024.png\" alt=\"CARTELL QUADRAT MARATO 2020\" width=\"630\" height=\"630\" srcset=\"https:\/\/bisbalpenedes.com\/web\/wp-content\/uploads\/2020\/11\/CARTELL-QUADRAT-MARATO-2020-1024x1024.png 1024w, https:\/\/bisbalpenedes.com\/web\/wp-content\/uploads\/2020\/11\/CARTELL-QUADRAT-MARATO-2020-300x300.png 300w, https:\/\/bisbalpenedes.com\/web\/wp-content\/uploads\/2020\/11\/CARTELL-QUADRAT-MARATO-2020-100x100.png 100w, https:\/\/bisbalpenedes.com\/web\/wp-content\/uploads\/2020\/11\/CARTELL-QUADRAT-MARATO-2020-600x600.png 600w, https:\/\/bisbalpenedes.com\/web\/wp-content\/uploads\/2020\/11\/CARTELL-QUADRAT-MARATO-2020-150x150.png 150w, https:\/\/bisbalpenedes.com\/web\/wp-content\/uploads\/2020\/11\/CARTELL-QUADRAT-MARATO-2020-768x768.png 768w, https:\/\/bisbalpenedes.com\/web\/wp-content\/uploads\/2020\/11\/CARTELL-QUADRAT-MARATO-2020.png 1080w\" sizes=\"(max-width: 630px) 100vw, 630px\" \/><\/a><\/p>\n","protected":false},"excerpt":{"rendered":"<p>El proper dijous 26 de novembre, a les 19h,\u00a0us oferirem una\u00a0confer\u00e8ncia divulgativa, per via telem\u00e0tica, sobre la Marat\u00f3 d&#8217;enguany. Les inscripcions es poden fer enviant un correu electr\u00f2nic a\u00a0biblioteca@bisbalpenedes.com El &hellip; <a href=\"https:\/\/bisbalpenedes.com\/web\/2020\/11\/18\/conferencia-telematica-amb-motiu-de-la-marato-2020\/\" class=\"more-link\">Read More<\/a><\/p>\n","protected":false},"author":4,"featured_media":15438,"comment_status":"closed","ping_status":"closed","sticky":false,"template":"","format":"standard","meta":[],"categories":[4095,13,8,14],"tags":[91,3559,899,4203,28],"_links":{"self":[{"href":"https:\/\/bisbalpenedes.com\/web\/wp-json\/wp\/v2\/posts\/15437"}],"collection":[{"href":"https:\/\/bisbalpenedes.com\/web\/wp-json\/wp\/v2\/posts"}],"about":[{"href":"https:\/\/bisbalpenedes.com\/web\/wp-json\/wp\/v2\/types\/post"}],"author":[{"embeddable":true,"href":"https:\/\/bisbalpenedes.com\/web\/wp-json\/wp\/v2\/users\/4"}],"replies":[{"embeddable":true,"href":"https:\/\/bisbalpenedes.com\/web\/wp-json\/wp\/v2\/comments?post=15437"}],"version-history":[{"count":1,"href":"https:\/\/bisbalpenedes.com\/web\/wp-json\/wp\/v2\/posts\/15437\/revisions"}],"predecessor-version":[{"id":15439,"href":"https:\/\/bisbalpenedes.com\/web\/wp-json\/wp\/v2\/posts\/15437\/revisions\/15439"}],"wp:featuredmedia":[{"embeddable":true,"href":"https:\/\/bisbalpenedes.com\/web\/wp-json\/wp\/v2\/media\/15438"}],"wp:attachment":[{"href":"https:\/\/bisbalpenedes.com\/web\/wp-json\/wp\/v2\/media?parent=15437"}],"wp:term":[{"taxonomy":"category","embeddable":true,"href":"https:\/\/bisbalpenedes.com\/web\/wp-json\/wp\/v2\/categories?post=15437"},{"taxonomy":"post_tag","embeddable":true,"href":"https:\/\/bisbalpenedes.com\/web\/wp-json\/wp\/v2\/tags?post=15437"}],"curies":[{"name":"wp","href":"https:\/\/api.w.org\/{rel}","templated":true}]}}