{"id":15427,"date":"2020-11-17T14:58:38","date_gmt":"2020-11-17T12:58:38","guid":{"rendered":"http:\/\/bisbalpenedes.com\/web\/?p=15427"},"modified":"2020-11-17T14:58:38","modified_gmt":"2020-11-17T12:58:38","slug":"els-contenidors-per-a-les-restes-de-poda-son-nomes-per-a-la-poda-fem-ho-be-portem-cada-residu-al-seu-lloc","status":"publish","type":"post","link":"https:\/\/bisbalpenedes.com\/web\/2020\/11\/17\/els-contenidors-per-a-les-restes-de-poda-son-nomes-per-a-la-poda-fem-ho-be-portem-cada-residu-al-seu-lloc\/","title":{"rendered":"Els contenidors per a les restes de poda s\u00f3n nom\u00e9s per a la poda. Fem-ho b\u00e9: portem cada residu al seu lloc."},"content":{"rendered":"<div class=\"kvgmc6g5 cxmmr5t8 oygrvhab hcukyx3x c1et5uql ii04i59q\">\n<div dir=\"auto\" style=\"text-align: justify;\"><a href=\"http:\/\/bisbalpenedes.com\/web\/wp-content\/uploads\/2020\/11\/201117-mal-us-contenidor-poda.jpeg\"><img loading=\"lazy\" class=\"aligncenter size-large wp-image-15428\" src=\"http:\/\/bisbalpenedes.com\/web\/wp-content\/uploads\/2020\/11\/201117-mal-us-contenidor-poda-1024x576.jpeg\" alt=\"201117 mal us contenidor poda\" width=\"630\" height=\"354\" srcset=\"https:\/\/bisbalpenedes.com\/web\/wp-content\/uploads\/2020\/11\/201117-mal-us-contenidor-poda-1024x576.jpeg 1024w, https:\/\/bisbalpenedes.com\/web\/wp-content\/uploads\/2020\/11\/201117-mal-us-contenidor-poda-600x338.jpeg 600w, https:\/\/bisbalpenedes.com\/web\/wp-content\/uploads\/2020\/11\/201117-mal-us-contenidor-poda-300x169.jpeg 300w, https:\/\/bisbalpenedes.com\/web\/wp-content\/uploads\/2020\/11\/201117-mal-us-contenidor-poda-768x432.jpeg 768w, https:\/\/bisbalpenedes.com\/web\/wp-content\/uploads\/2020\/11\/201117-mal-us-contenidor-poda.jpeg 1600w\" sizes=\"(max-width: 630px) 100vw, 630px\" \/><\/a><\/div>\n<div dir=\"auto\" style=\"text-align: justify;\"><span style=\"color: #000000;\">Ahir dilluns es van comen\u00e7ar a instal\u00b7lar els contenidors de poda i ja tenim mostres del mal \u00fas d&#8217;aquests contenidors, com podeu comprovar en la imatge.Us demanem que tingueu en compte que aquests contenidors s\u00f3n \u00fanica i exclusivament per a les restes de poda. <\/span><\/div>\n<div dir=\"auto\" style=\"text-align: justify;\"><span style=\"color: #000000;\">La resta de residus voluminosos s&#8217;han de portar al Punt Verd.<\/span><\/div>\n<\/div>\n<div class=\"o9v6fnle cxmmr5t8 oygrvhab hcukyx3x c1et5uql ii04i59q\" style=\"text-align: justify;\">\n<div dir=\"auto\"><span style=\"color: #000000;\">El mal \u00fas dels contenidors de poda dificulta la gesti\u00f3 dels residus, ja que s&#8217;han de mobilitzar altres serveis, amb el cost afegit que aix\u00f2 suposa.<\/span><\/div>\n<\/div>\n<div class=\"o9v6fnle cxmmr5t8 oygrvhab hcukyx3x c1et5uql ii04i59q\" style=\"text-align: justify;\">\n<div dir=\"auto\"><span style=\"color: #000000;\">Fem-ho b\u00e9: portem cada residu al seu lloc.<\/span><\/div>\n<\/div>\n<div class=\"o9v6fnle cxmmr5t8 oygrvhab hcukyx3x c1et5uql ii04i59q\" style=\"text-align: justify;\">\n<div dir=\"auto\">\n<hr \/>\n<\/div>\n<div dir=\"auto\"><span style=\"color: #000000;\">CASTELLANO | Ayer lunes se empezaron a instalar los contenedores de poda y ya tenemos muestras del mal uso de estos contenedores, como pod\u00e9is comprobar en la imagen.<\/span><\/div>\n<\/div>\n<div class=\"o9v6fnle cxmmr5t8 oygrvhab hcukyx3x c1et5uql ii04i59q\" style=\"text-align: justify;\">\n<div dir=\"auto\"><span style=\"color: #000000;\">Os pedimos que teng\u00e1is en cuenta que estos contenedores son \u00fanica y exclusivamente para los restos de poda. El resto de residuos voluminosos se tienen que llevar al Punt Verd.<\/span><\/div>\n<\/div>\n<div class=\"o9v6fnle cxmmr5t8 oygrvhab hcukyx3x c1et5uql ii04i59q\" style=\"text-align: justify;\">\n<div dir=\"auto\"><span style=\"color: #000000;\">El mal uso de los contenedores de poda dificulta la gesti\u00f3n de los residuos, ya que se tienen que movilizar otros servicios, con el coste a\u00f1adido que esto supone.<\/span><\/div>\n<\/div>\n<div class=\"o9v6fnle cxmmr5t8 oygrvhab hcukyx3x c1et5uql ii04i59q\">\n<div dir=\"auto\" style=\"text-align: justify;\"><span style=\"color: #000000;\">Hag\u00e1moslo bien: llevemos cada residuo a su sitio.<\/span><\/div>\n<\/div>\n","protected":false},"excerpt":{"rendered":"<p>Ahir dilluns es van comen\u00e7ar a instal\u00b7lar els contenidors de poda i ja tenim mostres del mal \u00fas d&#8217;aquests contenidors, com podeu comprovar en la imatge.Us demanem que tingueu en &hellip; <a href=\"https:\/\/bisbalpenedes.com\/web\/2020\/11\/17\/els-contenidors-per-a-les-restes-de-poda-son-nomes-per-a-la-poda-fem-ho-be-portem-cada-residu-al-seu-lloc\/\" class=\"more-link\">Read More<\/a><\/p>\n","protected":false},"author":4,"featured_media":15428,"comment_status":"closed","ping_status":"closed","sticky":false,"template":"","format":"standard","meta":[],"categories":[3215,8],"tags":[1479,2629,628],"_links":{"self":[{"href":"https:\/\/bisbalpenedes.com\/web\/wp-json\/wp\/v2\/posts\/15427"}],"collection":[{"href":"https:\/\/bisbalpenedes.com\/web\/wp-json\/wp\/v2\/posts"}],"about":[{"href":"https:\/\/bisbalpenedes.com\/web\/wp-json\/wp\/v2\/types\/post"}],"author":[{"embeddable":true,"href":"https:\/\/bisbalpenedes.com\/web\/wp-json\/wp\/v2\/users\/4"}],"replies":[{"embeddable":true,"href":"https:\/\/bisbalpenedes.com\/web\/wp-json\/wp\/v2\/comments?post=15427"}],"version-history":[{"count":1,"href":"https:\/\/bisbalpenedes.com\/web\/wp-json\/wp\/v2\/posts\/15427\/revisions"}],"predecessor-version":[{"id":15429,"href":"https:\/\/bisbalpenedes.com\/web\/wp-json\/wp\/v2\/posts\/15427\/revisions\/15429"}],"wp:featuredmedia":[{"embeddable":true,"href":"https:\/\/bisbalpenedes.com\/web\/wp-json\/wp\/v2\/media\/15428"}],"wp:attachment":[{"href":"https:\/\/bisbalpenedes.com\/web\/wp-json\/wp\/v2\/media?parent=15427"}],"wp:term":[{"taxonomy":"category","embeddable":true,"href":"https:\/\/bisbalpenedes.com\/web\/wp-json\/wp\/v2\/categories?post=15427"},{"taxonomy":"post_tag","embeddable":true,"href":"https:\/\/bisbalpenedes.com\/web\/wp-json\/wp\/v2\/tags?post=15427"}],"curies":[{"name":"wp","href":"https:\/\/api.w.org\/{rel}","templated":true}]}}