{"id":15419,"date":"2020-11-16T13:51:16","date_gmt":"2020-11-16T11:51:16","guid":{"rendered":"http:\/\/bisbalpenedes.com\/web\/?p=15419"},"modified":"2020-11-16T13:54:40","modified_gmt":"2020-11-16T11:54:40","slug":"lalcaldessa-agnes-ferre-dona-la-benvinguda-als-nous-empadronats-de-forma-individual-al-seu-despatx","status":"publish","type":"post","link":"https:\/\/bisbalpenedes.com\/web\/2020\/11\/16\/lalcaldessa-agnes-ferre-dona-la-benvinguda-als-nous-empadronats-de-forma-individual-al-seu-despatx\/","title":{"rendered":"L\u2019alcaldessa Agn\u00e8s Ferr\u00e9 dona la benvinguda als nous empadronats -de forma individual- al seu despatx"},"content":{"rendered":"<p style=\"text-align: justify;\"><a href=\"http:\/\/bisbalpenedes.com\/web\/wp-content\/uploads\/2020\/11\/DSC05063.jpg\"><img loading=\"lazy\" class=\"aligncenter size-large wp-image-15420\" src=\"http:\/\/bisbalpenedes.com\/web\/wp-content\/uploads\/2020\/11\/DSC05063-1024x768.jpg\" alt=\"REBUDA EMPADRONATS INDIVIDUAL ALCALDIA\" width=\"630\" height=\"473\" srcset=\"https:\/\/bisbalpenedes.com\/web\/wp-content\/uploads\/2020\/11\/DSC05063-1024x768.jpg 1024w, https:\/\/bisbalpenedes.com\/web\/wp-content\/uploads\/2020\/11\/DSC05063-600x450.jpg 600w, https:\/\/bisbalpenedes.com\/web\/wp-content\/uploads\/2020\/11\/DSC05063-300x225.jpg 300w, https:\/\/bisbalpenedes.com\/web\/wp-content\/uploads\/2020\/11\/DSC05063-768x576.jpg 768w\" sizes=\"(max-width: 630px) 100vw, 630px\" \/><\/a><\/p>\n<p style=\"text-align: justify;\"><span style=\"color: #000000;\">L\u2019alcaldessa de la Bisbal del Pened\u00e8s, Agn\u00e8s Ferr\u00e9, dona la benvinguda als nous empadronats al municipi, de forma individual, al seu despatx. Abans de la pand\u00e8mia s\u2019organitzava, de forma peri\u00f2dica, un acte de benvinguda col\u00b7lectiu adre\u00e7at als nous empadronats per\u00f2, en l\u2019actualitat, a causa de la pand\u00e8mia de Covid-19 i per prevenci\u00f3, s\u2019ha optat per no tirar endavant aquests actes col\u00b7lectius i l\u2019alcaldessa rep individualment cada nou empadronat amb totes les mesures de prevenci\u00f3 per la COVID-19: higiene de mans, mascareta, dist\u00e0ncia i ventilaci\u00f3 del despatx.<\/span><\/p>\n<p style=\"text-align: justify;\"><span style=\"color: #000000;\">Durant aquesta rebuda, els nous empadronats poden expressar els seus dubtes i preguntes sobre el municipi i reben una bossa amb informaci\u00f3 d\u2019utilitat sobre el municipi, com ara els serveis p\u00fablics que s\u2019hi ofereixen, les festes que s\u2019hi celebren, el llistat d\u2019entitats de la vila, informaci\u00f3 sobre el servei de bus, la revista municipal, un pl\u00e0nol del municipi o el calendari de pagament d\u2019impostos i tributs. Quan l\u2019acte es feia de forma col\u00b7lectiva, aquest finalitzava amb un petit refrigeri. Com que ara no es pot fer, l\u2019Ajuntament de la Bisbal del Pened\u00e8s entrega, com a detall de benvinguda, una ampolla de cava o de vi de Cellers Domenys, amb l\u2019objectiu tamb\u00e9 de donar a con\u00e8ixer els productes locals.\u00a0<\/span><\/p>\n<hr \/>\n<p style=\"text-align: justify;\"><span style=\"color: #000000;\"><strong>CASTELLANO |<\/strong> La alcaldesa de la Bisbal del Pened\u00e8s, Agn\u00e8s Ferr\u00e9, da la bienvenida a los nuevos empadronados en el municipio, de forma individual, en su despacho. Antes de la pandemia se organizaba, de forma peri\u00f3dica, un acto de bienvenida colectivo dirigido a los nuevos empadronados pero, en la actualidad, a causa de la pandemia de Covid-19 y por prevenci\u00f3n, se ha optado por no llevar a cabo estos actos colectivos y la alcaldesa recibe de forma individual a cada nuevo empadronado con todas las medidas de prevenci\u00f3n por la COVID-19: higiene de manos, mascarilla, distancia y ventilaci\u00f3n del despacho.<\/span><\/p>\n<p style=\"text-align: justify;\"><span style=\"color: #000000;\">Durante esta recepci\u00f3n, los nuevos empadronados pueden expresar sus dudas y preguntas sobre el municipio y reciben una bolsa con informaci\u00f3n de utilidad sobre el municipio, como por ejemplo los servicios p\u00fablicos que se ofrecen, las fiestas que se celebran, el listado de entidades del pueblo, informaci\u00f3n sobre el servicio de bus, la revista municipal, un plano del municipio o el calendario de pago de impuestos y tributos. En cuanto al acto que se hac\u00eda de forma colectiva, este finalizaba con un peque\u00f1o refrigerio. Como que ahora no se puede hacer, el Ayuntamiento de la Bisbal del Pened\u00e8s entrega, como detalle de bienvenida, una botella de cava o de vino de Cellers Domenys, con el objetivo tambi\u00e9n de dar a conocer los productos locales.<\/span><\/p>\n<p>&nbsp;<\/p>\n<p>&nbsp;<\/p>\n","protected":false},"excerpt":{"rendered":"<p>L\u2019alcaldessa de la Bisbal del Pened\u00e8s, Agn\u00e8s Ferr\u00e9, dona la benvinguda als nous empadronats al municipi, de forma individual, al seu despatx. Abans de la pand\u00e8mia s\u2019organitzava, de forma peri\u00f2dica, &hellip; <a href=\"https:\/\/bisbalpenedes.com\/web\/2020\/11\/16\/lalcaldessa-agnes-ferre-dona-la-benvinguda-als-nous-empadronats-de-forma-individual-al-seu-despatx\/\" class=\"more-link\">Read More<\/a><\/p>\n","protected":false},"author":4,"featured_media":15420,"comment_status":"closed","ping_status":"closed","sticky":false,"template":"","format":"standard","meta":[],"categories":[2057,8],"tags":[1252,1444,2524,1445],"_links":{"self":[{"href":"https:\/\/bisbalpenedes.com\/web\/wp-json\/wp\/v2\/posts\/15419"}],"collection":[{"href":"https:\/\/bisbalpenedes.com\/web\/wp-json\/wp\/v2\/posts"}],"about":[{"href":"https:\/\/bisbalpenedes.com\/web\/wp-json\/wp\/v2\/types\/post"}],"author":[{"embeddable":true,"href":"https:\/\/bisbalpenedes.com\/web\/wp-json\/wp\/v2\/users\/4"}],"replies":[{"embeddable":true,"href":"https:\/\/bisbalpenedes.com\/web\/wp-json\/wp\/v2\/comments?post=15419"}],"version-history":[{"count":3,"href":"https:\/\/bisbalpenedes.com\/web\/wp-json\/wp\/v2\/posts\/15419\/revisions"}],"predecessor-version":[{"id":15423,"href":"https:\/\/bisbalpenedes.com\/web\/wp-json\/wp\/v2\/posts\/15419\/revisions\/15423"}],"wp:featuredmedia":[{"embeddable":true,"href":"https:\/\/bisbalpenedes.com\/web\/wp-json\/wp\/v2\/media\/15420"}],"wp:attachment":[{"href":"https:\/\/bisbalpenedes.com\/web\/wp-json\/wp\/v2\/media?parent=15419"}],"wp:term":[{"taxonomy":"category","embeddable":true,"href":"https:\/\/bisbalpenedes.com\/web\/wp-json\/wp\/v2\/categories?post=15419"},{"taxonomy":"post_tag","embeddable":true,"href":"https:\/\/bisbalpenedes.com\/web\/wp-json\/wp\/v2\/tags?post=15419"}],"curies":[{"name":"wp","href":"https:\/\/api.w.org\/{rel}","templated":true}]}}