{"id":15417,"date":"2020-11-16T13:31:44","date_gmt":"2020-11-16T11:31:44","guid":{"rendered":"http:\/\/bisbalpenedes.com\/web\/?p=15417"},"modified":"2020-11-16T18:10:10","modified_gmt":"2020-11-16T16:10:10","slug":"aquest-dilluns-shan-comencat-a-installar-els-contenidors-per-a-restes-de-poda","status":"publish","type":"post","link":"https:\/\/bisbalpenedes.com\/web\/2020\/11\/16\/aquest-dilluns-shan-comencat-a-installar-els-contenidors-per-a-restes-de-poda\/","title":{"rendered":"Aquest dilluns s&#8217;han comen\u00e7at a instal\u00b7lar els contenidors per a restes de poda"},"content":{"rendered":"<p style=\"text-align: justify;\"><a href=\"http:\/\/bisbalpenedes.com\/web\/wp-content\/uploads\/2019\/11\/CONTENIDOR-PODA.jpg\"><img loading=\"lazy\" class=\"aligncenter size-large wp-image-11218\" src=\"http:\/\/bisbalpenedes.com\/web\/wp-content\/uploads\/2019\/11\/CONTENIDOR-PODA-1024x768.jpg\" alt=\"CONTENIDOR PODA\" width=\"630\" height=\"473\" srcset=\"https:\/\/bisbalpenedes.com\/web\/wp-content\/uploads\/2019\/11\/CONTENIDOR-PODA-1024x768.jpg 1024w, https:\/\/bisbalpenedes.com\/web\/wp-content\/uploads\/2019\/11\/CONTENIDOR-PODA-600x450.jpg 600w, https:\/\/bisbalpenedes.com\/web\/wp-content\/uploads\/2019\/11\/CONTENIDOR-PODA-300x225.jpg 300w, https:\/\/bisbalpenedes.com\/web\/wp-content\/uploads\/2019\/11\/CONTENIDOR-PODA-768x576.jpg 768w, https:\/\/bisbalpenedes.com\/web\/wp-content\/uploads\/2019\/11\/CONTENIDOR-PODA.jpg 2048w\" sizes=\"(max-width: 630px) 100vw, 630px\" \/><\/a><\/p>\n<p style=\"text-align: justify;\"><span style=\"color: #000000;\">La Regidoria de Gesti\u00f3 de Residus us informa que aquest dilluns 16 de novembre s\u2019han comen\u00e7at a col\u00b7locar \u2013com cada any- els contenidors de poda en diversos punts del municipi, concretament al nucli, el Papagai, La Masieta, L\u2019Esplai, Can Gordei, el Priorat de la Bisbal, La Miralba i La Pineda de Santa Cristina.<\/span><\/p>\n<p style=\"text-align: justify;\"><span style=\"color: #000000;\">Us recordem que en aquests contenidors nom\u00e9s s\u2019hi poden dipositar les restes de poda i jardineria dels particulars, sense bosses. \u00c9s important separar aquesta fracci\u00f3 de la resta per poder aprofitar-la i reduir aix\u00ed el cost que suposaria portar aquests residus a l\u2019abocador.<\/span><\/p>\n<p style=\"text-align: justify;\"><span style=\"color: #000000;\"><span style=\"text-decoration: underline;\">Important:<\/span> aquests contenidors no s\u00f3n per llen\u00e7ar-hi mobles, trastos vells, matalassos, electrodom\u00e8stics, ni qualsevol altre tipus de residu que no sigui poda. Tots aquests residus es poden portar al Punt Verd i, a m\u00e9s, l\u2019Ajuntament disposa d\u2019un servei de recollida porta a porta (avisant amb antelaci\u00f3 a l\u2019Ajuntament) que es du a terme cada primer dilluns (no festiu) de mes.<\/span><\/p>\n<hr \/>\n<p style=\"text-align: justify;\"><span style=\"color: #000000;\"><strong>CASTELLANO |<\/strong>\u00a0La Concejal\u00eda de Gesti\u00f3n de Residuos informa que este lunes 16 de noviembre se han empezado a colocar \u2013como cada a\u00f1o- los contenedores de poda en varios puntos del municipio, concretamente en el n\u00facleo, el Papagai, La Masieta, L\u2019Esplai, Can Gordei, el Priorat de la Bisbal, La Miralba y La Pineda de Santa Cristina.<\/span><\/p>\n<p style=\"text-align: justify;\"><span style=\"color: #000000;\">Os recordamos que en estos contenedores solo se deben depositar los restos de poda y jardiner\u00eda de los particulares, sin bolsas. Es importante separar esta fracci\u00f3n del resto para poder aprovecharla y reducir as\u00ed el coste que supondr\u00eda llevar estos residuos al vertedero.<\/span><\/p>\n<p style=\"text-align: justify;\"><span style=\"color: #000000;\"><span style=\"text-decoration: underline;\">Importante:<\/span> estos contenedores no son para tirar muebles, trastos viejos, colchones, electrodom\u00e9sticos, ni cualquier otro tipo de residuo que no sea poda. Todos estos residuos se pueden llevar al Punt Verd y, adem\u00e1s, el Ayuntamiento dispone de un servicio de recogida puerta por puerta (avisando con antelaci\u00f3n al Ayuntamiento) que se lleva a cabo cada primer lunes (no festivo) de mes.<\/span><\/p>\n","protected":false},"excerpt":{"rendered":"<p>La Regidoria de Gesti\u00f3 de Residus us informa que aquest dilluns 16 de novembre s\u2019han comen\u00e7at a col\u00b7locar \u2013com cada any- els contenidors de poda en diversos punts del municipi, &hellip; <a href=\"https:\/\/bisbalpenedes.com\/web\/2020\/11\/16\/aquest-dilluns-shan-comencat-a-installar-els-contenidors-per-a-restes-de-poda\/\" class=\"more-link\">Read More<\/a><\/p>\n","protected":false},"author":4,"featured_media":11218,"comment_status":"closed","ping_status":"closed","sticky":false,"template":"","format":"standard","meta":[],"categories":[3215,8],"tags":[625,2629,1182,4201,297],"_links":{"self":[{"href":"https:\/\/bisbalpenedes.com\/web\/wp-json\/wp\/v2\/posts\/15417"}],"collection":[{"href":"https:\/\/bisbalpenedes.com\/web\/wp-json\/wp\/v2\/posts"}],"about":[{"href":"https:\/\/bisbalpenedes.com\/web\/wp-json\/wp\/v2\/types\/post"}],"author":[{"embeddable":true,"href":"https:\/\/bisbalpenedes.com\/web\/wp-json\/wp\/v2\/users\/4"}],"replies":[{"embeddable":true,"href":"https:\/\/bisbalpenedes.com\/web\/wp-json\/wp\/v2\/comments?post=15417"}],"version-history":[{"count":2,"href":"https:\/\/bisbalpenedes.com\/web\/wp-json\/wp\/v2\/posts\/15417\/revisions"}],"predecessor-version":[{"id":15424,"href":"https:\/\/bisbalpenedes.com\/web\/wp-json\/wp\/v2\/posts\/15417\/revisions\/15424"}],"wp:featuredmedia":[{"embeddable":true,"href":"https:\/\/bisbalpenedes.com\/web\/wp-json\/wp\/v2\/media\/11218"}],"wp:attachment":[{"href":"https:\/\/bisbalpenedes.com\/web\/wp-json\/wp\/v2\/media?parent=15417"}],"wp:term":[{"taxonomy":"category","embeddable":true,"href":"https:\/\/bisbalpenedes.com\/web\/wp-json\/wp\/v2\/categories?post=15417"},{"taxonomy":"post_tag","embeddable":true,"href":"https:\/\/bisbalpenedes.com\/web\/wp-json\/wp\/v2\/tags?post=15417"}],"curies":[{"name":"wp","href":"https:\/\/api.w.org\/{rel}","templated":true}]}}