{"id":1541,"date":"2016-03-31T14:27:43","date_gmt":"2016-03-31T08:27:43","guid":{"rendered":"http:\/\/bisbalpenedes.com\/web\/?p=1541"},"modified":"2016-03-31T14:27:43","modified_gmt":"2016-03-31T08:27:43","slug":"oferta-de-feina-instal-lador-de-fibra-optica","status":"publish","type":"post","link":"https:\/\/bisbalpenedes.com\/web\/2016\/03\/31\/oferta-de-feina-instal-lador-de-fibra-optica\/","title":{"rendered":"Oferta de feina instal.lador de fibra \u00f2ptica"},"content":{"rendered":"<p>Per a Empresa de telecomunicacions es necessita<br \/>\nInstal.lador de fibra \u00f2ptica<\/p>\n<p>Caracter\u00edstiques del lloc de treball vacant:<\/p>\n<p>Lloc de treball : Alt Pened\u00e8s, Baix Pened\u00e8s, Garraf<br \/>\nVacants a cobrir: Instal\u2022lador de fibra \u00d2ptica<\/p>\n<p>Jornada Laboral: 8h<br \/>\nDies: de dilluns a divendres<br \/>\nHorari:9-14 i de 16-19:00H<br \/>\nSou orientatiu:1.500 -1.800 \u20ac bruts<br \/>\nTipus contracte:Indefinit primer any a prova <\/p>\n<p>Descripci\u00f3 de les tasques:<br \/>\nInstal\u2022lar clients de fibra \u00f2ptica i muntatge de troncals.<\/p>\n<p>Perfil del candidat:<br \/>\nEdat: 25-35 anys<br \/>\nFormaci\u00f3 Reglada: FPII O SUPERIOR<br \/>\nExperi\u00e8ncia Laboral: ALMENYS 1 ANY DE LAMPISTA<br \/>\nPerm\u00eds de conduir: SI<br \/>\nVehicle de conduir: INDIFERENT<br \/>\nResidir al municipi: INDIFERENT\t      <\/p>\n<p><a href=\"http:\/\/bisbalpenedes.com\/web\/wp-content\/uploads\/2016\/03\/oferta-de-instalador-fibra.jpg\"><img loading=\"lazy\" src=\"http:\/\/bisbalpenedes.com\/web\/wp-content\/uploads\/2016\/03\/oferta-de-instalador-fibra-724x1024.jpg\" alt=\"\" title=\"oferta de instalador fibra\" width=\"630\" height=\"891\" class=\"alignleft size-large wp-image-1542\" srcset=\"https:\/\/bisbalpenedes.com\/web\/wp-content\/uploads\/2016\/03\/oferta-de-instalador-fibra-724x1024.jpg 724w, https:\/\/bisbalpenedes.com\/web\/wp-content\/uploads\/2016\/03\/oferta-de-instalador-fibra-600x848.jpg 600w, https:\/\/bisbalpenedes.com\/web\/wp-content\/uploads\/2016\/03\/oferta-de-instalador-fibra-212x300.jpg 212w, https:\/\/bisbalpenedes.com\/web\/wp-content\/uploads\/2016\/03\/oferta-de-instalador-fibra.jpg 1241w\" sizes=\"(max-width: 630px) 100vw, 630px\" \/><\/a><\/p>\n","protected":false},"excerpt":{"rendered":"<p>Per a Empresa de telecomunicacions es necessita Instal.lador de fibra \u00f2ptica Caracter\u00edstiques del lloc de treball vacant: Lloc de treball : Alt Pened\u00e8s, Baix Pened\u00e8s, Garraf Vacants a cobrir: Instal\u2022lador &hellip; <a href=\"https:\/\/bisbalpenedes.com\/web\/2016\/03\/31\/oferta-de-feina-instal-lador-de-fibra-optica\/\" class=\"more-link\">Read More<\/a><\/p>\n","protected":false},"author":1,"featured_media":1542,"comment_status":"closed","ping_status":"closed","sticky":false,"template":"","format":"standard","meta":[],"categories":[9],"tags":[],"_links":{"self":[{"href":"https:\/\/bisbalpenedes.com\/web\/wp-json\/wp\/v2\/posts\/1541"}],"collection":[{"href":"https:\/\/bisbalpenedes.com\/web\/wp-json\/wp\/v2\/posts"}],"about":[{"href":"https:\/\/bisbalpenedes.com\/web\/wp-json\/wp\/v2\/types\/post"}],"author":[{"embeddable":true,"href":"https:\/\/bisbalpenedes.com\/web\/wp-json\/wp\/v2\/users\/1"}],"replies":[{"embeddable":true,"href":"https:\/\/bisbalpenedes.com\/web\/wp-json\/wp\/v2\/comments?post=1541"}],"version-history":[{"count":1,"href":"https:\/\/bisbalpenedes.com\/web\/wp-json\/wp\/v2\/posts\/1541\/revisions"}],"predecessor-version":[{"id":1543,"href":"https:\/\/bisbalpenedes.com\/web\/wp-json\/wp\/v2\/posts\/1541\/revisions\/1543"}],"wp:featuredmedia":[{"embeddable":true,"href":"https:\/\/bisbalpenedes.com\/web\/wp-json\/wp\/v2\/media\/1542"}],"wp:attachment":[{"href":"https:\/\/bisbalpenedes.com\/web\/wp-json\/wp\/v2\/media?parent=1541"}],"wp:term":[{"taxonomy":"category","embeddable":true,"href":"https:\/\/bisbalpenedes.com\/web\/wp-json\/wp\/v2\/categories?post=1541"},{"taxonomy":"post_tag","embeddable":true,"href":"https:\/\/bisbalpenedes.com\/web\/wp-json\/wp\/v2\/tags?post=1541"}],"curies":[{"name":"wp","href":"https:\/\/api.w.org\/{rel}","templated":true}]}}