{"id":15405,"date":"2020-11-14T14:51:16","date_gmt":"2020-11-14T12:51:16","guid":{"rendered":"http:\/\/bisbalpenedes.com\/web\/?p=15405"},"modified":"2020-11-14T14:54:19","modified_gmt":"2020-11-14T12:54:19","slug":"sha-aprovat-un-contracte-per-dur-a-terme-accions-de-reactivacio-economica","status":"publish","type":"post","link":"https:\/\/bisbalpenedes.com\/web\/2020\/11\/14\/sha-aprovat-un-contracte-per-dur-a-terme-accions-de-reactivacio-economica\/","title":{"rendered":"S\u2019ha aprovat un contracte per dur a terme accions de reactivaci\u00f3 econ\u00f2mica"},"content":{"rendered":"<p style=\"text-align: justify;\"><a href=\"http:\/\/bisbalpenedes.com\/web\/wp-content\/uploads\/2020\/11\/FOTO-INICI-FORMACIO-CAMBRA.jpg\"><img loading=\"lazy\" class=\"aligncenter size-large wp-image-15406\" src=\"http:\/\/bisbalpenedes.com\/web\/wp-content\/uploads\/2020\/11\/FOTO-INICI-FORMACIO-CAMBRA-1024x683.jpg\" alt=\"FOTO INICI FORMACIO CAMBRA\" width=\"630\" height=\"420\" srcset=\"https:\/\/bisbalpenedes.com\/web\/wp-content\/uploads\/2020\/11\/FOTO-INICI-FORMACIO-CAMBRA-1024x683.jpg 1024w, https:\/\/bisbalpenedes.com\/web\/wp-content\/uploads\/2020\/11\/FOTO-INICI-FORMACIO-CAMBRA-600x400.jpg 600w, https:\/\/bisbalpenedes.com\/web\/wp-content\/uploads\/2020\/11\/FOTO-INICI-FORMACIO-CAMBRA-300x200.jpg 300w, https:\/\/bisbalpenedes.com\/web\/wp-content\/uploads\/2020\/11\/FOTO-INICI-FORMACIO-CAMBRA-768x512.jpg 768w\" sizes=\"(max-width: 630px) 100vw, 630px\" \/><\/a><\/p>\n<p style=\"text-align: justify;\"><span style=\"color: #000000;\">La Junta de Govern local del 9 de novembre de 2020\u00a0va aprovar\u00a0un contracte menor amb la Cambra de Comer\u00e7 de Tarragona per tirar endavant el programa de reactivaci\u00f3 econ\u00f2mica dels comer\u00e7os locals i aut\u00f2noms amb diverses activitats formatives i l\u2019objectiu de refor\u00e7ar l\u2019activitat econ\u00f2mica al municipi \u2013especialment del petit comer\u00e7- per donar visibilitat als negocis locals, contribuir al treball conjunt entre establiments i potenciar l\u2019\u00fas de nous canals de venda entre les empreses, comer\u00e7os i aut\u00f2noms de la vila. El contracte s\u2019ha aprovat per un import de 4.840\u20ac (IVA incl\u00f2s) que inclou la preparaci\u00f3 del programa de dinamitzaci\u00f3, la formaci\u00f3, el treball col\u00b7laboratiu, les tutories personalitzades i el seguiment de les accions.<\/span><\/p>\n<p style=\"text-align: justify;\"><span style=\"color: #000000;\">Aquest dimarts 10 de novembre ha comen\u00e7at una formaci\u00f3 virtual, adre\u00e7ada al teixit comercial, per treballar la dinamitzaci\u00f3 i promoci\u00f3 del comer\u00e7 local a trav\u00e9s de la xarxa social Instagram i, aquest desembre, es dur\u00e0 a terme una campanya de dinamitzaci\u00f3 i promoci\u00f3 del comer\u00e7 local \u2013enfocada en el Nadal- amb diverses accions coordinades entre l\u2019Ajuntament i els comer\u00e7os locals, amb la col\u00b7laboraci\u00f3 i el seguiment de la Cambra de Comer\u00e7 de Tarragona.<\/span><\/p>\n<p style=\"text-align: justify;\"><span style=\"color: #000000;\">L\u2019Ajuntament va sol\u00b7licitar el passat mes de setembre una subvenci\u00f3 de 5.100\u20ac a la Diputaci\u00f3 de Tarragona per a la reactivaci\u00f3 econ\u00f2mica dels comer\u00e7os locals i aut\u00f2noms amb l\u2019objectiu de millorar la competitivitat de les noves activitats econ\u00f2miques i potenciar l\u2019\u00fas de les noves tecnologies en la venda de productes i serveis. Si la Diputaci\u00f3 concedeix la subvenci\u00f3, aquesta\u00a0s&#8217;emprar\u00e0 per sufragar aquestes accions per a la reactivaci\u00f3 econ\u00f2mica.<\/span><\/p>\n<hr \/>\n<p style=\"text-align: justify;\"><span style=\"color: #000000;\"><strong>CASTELLANO |<\/strong> La Junta de Gobierno local del 9 de noviembre de 2020 aprob\u00f3 un contrato menor con la Cambra de Comer\u00e7 de Tarragona para llevar a cabo el programa de reactivaci\u00f3n econ\u00f3mica de los comercios locales y aut\u00f3nomos con varias actividades formativas y el objetivo de reforzar la actividad econ\u00f3mica en el municipio -especialmente del peque\u00f1o comercio- para dar visibilidad a los negocios locales, contribuir al trabajo conjunto entre establecimientos y potenciar el uso de nuevos canales de venta entre las empresas, comercios y aut\u00f3nomos del municipio. El contrato se ha aprobado por un importe de 4.840\u20ac (IVA incluido) que incluye la preparaci\u00f3n del programa de dinamizaci\u00f3n, la formaci\u00f3n, el trabajo colaborativo, las tutor\u00edas personalizadas y el seguimiento de las acciones.<\/span><\/p>\n<p style=\"text-align: justify;\"><span style=\"color: #000000;\">Este martes 10 de noviembre ha empezado una formaci\u00f3n virtual, dirigida al tejido comercial, para trabajar la dinamizaci\u00f3n y promoci\u00f3n del comercio local a trav\u00e9s de la red social Instagram y, en diciembre, se llevar\u00e1 a cabo una campa\u00f1a de dinamizaci\u00f3n y promoci\u00f3n del comercio local -enfocada a la Navidad- con varias acciones coordinadas entre el Ayuntamiento y los comercios locales, con la colaboraci\u00f3n y el seguimiento de la C\u00e1mara de Comercio de Tarragona.<\/span><\/p>\n<p style=\"text-align: justify;\"><span style=\"color: #000000;\">El Ayuntamiento solicit\u00f3 el pasado mes de septiembre una subvenci\u00f3n de 5.100\u20ac a la Diputaci\u00f3n de Tarragona para la reactivaci\u00f3n econ\u00f3mica de los comercios locales y aut\u00f3nomos con el objetivo de mejorar la competitividad de las nuevas actividades econ\u00f3micas y potenciar el uso de las nuevas tecnolog\u00edas en la venta de productos y servicios. Si la Diputaci\u00f3n concede la subvenci\u00f3n, esta se emplear\u00e1\u00a0para sufragar estas acciones para la reactivaci\u00f3n econ\u00f3mica.<\/span><\/p>\n","protected":false},"excerpt":{"rendered":"<p>La Junta de Govern local del 9 de novembre de 2020\u00a0va aprovar\u00a0un contracte menor amb la Cambra de Comer\u00e7 de Tarragona per tirar endavant el programa de reactivaci\u00f3 econ\u00f2mica dels &hellip; <a href=\"https:\/\/bisbalpenedes.com\/web\/2020\/11\/14\/sha-aprovat-un-contracte-per-dur-a-terme-accions-de-reactivacio-economica\/\" class=\"more-link\">Read More<\/a><\/p>\n","protected":false},"author":4,"featured_media":15406,"comment_status":"closed","ping_status":"closed","sticky":false,"template":"","format":"standard","meta":[],"categories":[3860,8],"tags":[1251,4127,438,329,419,12,141,95],"_links":{"self":[{"href":"https:\/\/bisbalpenedes.com\/web\/wp-json\/wp\/v2\/posts\/15405"}],"collection":[{"href":"https:\/\/bisbalpenedes.com\/web\/wp-json\/wp\/v2\/posts"}],"about":[{"href":"https:\/\/bisbalpenedes.com\/web\/wp-json\/wp\/v2\/types\/post"}],"author":[{"embeddable":true,"href":"https:\/\/bisbalpenedes.com\/web\/wp-json\/wp\/v2\/users\/4"}],"replies":[{"embeddable":true,"href":"https:\/\/bisbalpenedes.com\/web\/wp-json\/wp\/v2\/comments?post=15405"}],"version-history":[{"count":3,"href":"https:\/\/bisbalpenedes.com\/web\/wp-json\/wp\/v2\/posts\/15405\/revisions"}],"predecessor-version":[{"id":15409,"href":"https:\/\/bisbalpenedes.com\/web\/wp-json\/wp\/v2\/posts\/15405\/revisions\/15409"}],"wp:featuredmedia":[{"embeddable":true,"href":"https:\/\/bisbalpenedes.com\/web\/wp-json\/wp\/v2\/media\/15406"}],"wp:attachment":[{"href":"https:\/\/bisbalpenedes.com\/web\/wp-json\/wp\/v2\/media?parent=15405"}],"wp:term":[{"taxonomy":"category","embeddable":true,"href":"https:\/\/bisbalpenedes.com\/web\/wp-json\/wp\/v2\/categories?post=15405"},{"taxonomy":"post_tag","embeddable":true,"href":"https:\/\/bisbalpenedes.com\/web\/wp-json\/wp\/v2\/tags?post=15405"}],"curies":[{"name":"wp","href":"https:\/\/api.w.org\/{rel}","templated":true}]}}