{"id":15395,"date":"2020-11-14T13:55:24","date_gmt":"2020-11-14T11:55:24","guid":{"rendered":"http:\/\/bisbalpenedes.com\/web\/?p=15395"},"modified":"2020-11-14T13:56:12","modified_gmt":"2020-11-14T11:56:12","slug":"xerrada-virtual-adrecada-als-joves-sobre-com-trobar-feina-a-traves-de-les-xarxes-socials-dimarts-17-de-novembre-de-10-a-12h","status":"publish","type":"post","link":"https:\/\/bisbalpenedes.com\/web\/2020\/11\/14\/xerrada-virtual-adrecada-als-joves-sobre-com-trobar-feina-a-traves-de-les-xarxes-socials-dimarts-17-de-novembre-de-10-a-12h\/","title":{"rendered":"Xerrada virtual adre\u00e7ada als joves sobre com trobar feina a trav\u00e9s de les xarxes socials &#8211; Dimarts 17 de novembre de 10 a 12h"},"content":{"rendered":"<p style=\"text-align: justify;\"><a href=\"http:\/\/bisbalpenedes.com\/web\/wp-content\/uploads\/2020\/11\/Cartell-Com-trobar-feina-a-les-xarxes-socials.jpg\"><img loading=\"lazy\" class=\"aligncenter size-medium wp-image-15396\" src=\"http:\/\/bisbalpenedes.com\/web\/wp-content\/uploads\/2020\/11\/Cartell-Com-trobar-feina-a-les-xarxes-socials-300x300.jpg\" alt=\"Cartell Com trobar feina a les xarxes socials\" width=\"300\" height=\"300\" srcset=\"https:\/\/bisbalpenedes.com\/web\/wp-content\/uploads\/2020\/11\/Cartell-Com-trobar-feina-a-les-xarxes-socials-300x300.jpg 300w, https:\/\/bisbalpenedes.com\/web\/wp-content\/uploads\/2020\/11\/Cartell-Com-trobar-feina-a-les-xarxes-socials-100x100.jpg 100w, https:\/\/bisbalpenedes.com\/web\/wp-content\/uploads\/2020\/11\/Cartell-Com-trobar-feina-a-les-xarxes-socials-600x600.jpg 600w, https:\/\/bisbalpenedes.com\/web\/wp-content\/uploads\/2020\/11\/Cartell-Com-trobar-feina-a-les-xarxes-socials-150x150.jpg 150w, https:\/\/bisbalpenedes.com\/web\/wp-content\/uploads\/2020\/11\/Cartell-Com-trobar-feina-a-les-xarxes-socials-768x768.jpg 768w, https:\/\/bisbalpenedes.com\/web\/wp-content\/uploads\/2020\/11\/Cartell-Com-trobar-feina-a-les-xarxes-socials-1024x1024.jpg 1024w, https:\/\/bisbalpenedes.com\/web\/wp-content\/uploads\/2020\/11\/Cartell-Com-trobar-feina-a-les-xarxes-socials.jpg 1080w\" sizes=\"(max-width: 300px) 100vw, 300px\" \/><\/a><\/p>\n<p style=\"text-align: justify;\"><span style=\"color: #000000;\">El proper dimarts 17 de novembre, de 10 a 12h, es dur\u00e0 a terme una xerrada virtual que versar\u00e0 sobre com trobar feina a trav\u00e9s de les xarxes socials. Aquesta xerrada s\u2019ha organitzat des dels Serveis de Joventut de la Demarcaci\u00f3 de Tarragona, que s\u2019han unit per poder ampliar la participaci\u00f3 i difusi\u00f3 de les activitats adre\u00e7ades als joves de l\u2019Alt Camp, el Baix Camp, el Baix Pened\u00e8s, la Conca de Barber\u00e0, el Priorat i el Tarragon\u00e8s.<\/span><\/p>\n<p style=\"text-align: justify;\"><span style=\"color: #000000;\">Podreu seguir la xerrada a trav\u00e9s d\u2019Instagram Live, al perfil: <a style=\"color: #000000;\" href=\"https:\/\/www.instagram.com\/serveis_joventut_dt\/\" target=\"_blank\">https:\/\/www.instagram.com\/serveis_joventut_dt\/<\/a><\/span><\/p>\n<p style=\"text-align: justify;\"><span style=\"color: #000000;\">Joves! Feu-vos seguidors d\u2019aquest perfil si voleu estar al dia de les novetats relacionades amb les propostes, activitats, tallers i la informaci\u00f3 que es publica des de l\u2019Oficina Jove del Baix Pened\u00e8s!<\/span><\/p>\n<hr \/>\n<p style=\"text-align: justify;\"><span style=\"color: #000000;\">El pr\u00f3ximo martes 17 de noviembre, de 10 a 12h, se llevar\u00e1 a cabo una charla virtual que tratar\u00e1 sobre c\u00f3mo encontrar trabajo a trav\u00e9s de las redes sociales. Esta charla se ha organizado desde los Servicios de Juventud de la Demarcaci\u00f3n de Tarragona, que se han unido para poder ampliar la participaci\u00f3n y difusi\u00f3n de las actividades dirigidas a los j\u00f3venes del Alt Camp, el Baix Camp, el Baix Pened\u00e8s, la Conca de Barber\u00e0, el Priorat y el Tarragon\u00e8s.<\/span><\/p>\n<p style=\"text-align: justify;\"><span style=\"color: #000000;\">Podr\u00e9is seguir la charla a trav\u00e9s de Instagram Live, en el perfil: <a style=\"color: #000000;\" href=\"https:\/\/www.instagram.com\/serveis_joventut_dt\/\" target=\"_blank\">https:\/\/www.instagram.com\/serveis_joventut_dt\/<\/a><\/span><\/p>\n<p style=\"text-align: justify;\"><span style=\"color: #000000;\">\u00a1J\u00f3venes! \u00a1Haceos seguidores de este perfil si quer\u00e9is estar al d\u00eda de las novedades relacionadas con las propuestas, actividades, talleres y la informaci\u00f3n que se publica desde la Oficina Jove del Baix Pened\u00e8s!<\/span><\/p>\n","protected":false},"excerpt":{"rendered":"<p>El proper dimarts 17 de novembre, de 10 a 12h, es dur\u00e0 a terme una xerrada virtual que versar\u00e0 sobre com trobar feina a trav\u00e9s de les xarxes socials. Aquesta &hellip; <a href=\"https:\/\/bisbalpenedes.com\/web\/2020\/11\/14\/xerrada-virtual-adrecada-als-joves-sobre-com-trobar-feina-a-traves-de-les-xarxes-socials-dimarts-17-de-novembre-de-10-a-12h\/\" class=\"more-link\">Read More<\/a><\/p>\n","protected":false},"author":4,"featured_media":15396,"comment_status":"closed","ping_status":"closed","sticky":false,"template":"","format":"standard","meta":[],"categories":[1486,8],"tags":[41,210,828,45],"_links":{"self":[{"href":"https:\/\/bisbalpenedes.com\/web\/wp-json\/wp\/v2\/posts\/15395"}],"collection":[{"href":"https:\/\/bisbalpenedes.com\/web\/wp-json\/wp\/v2\/posts"}],"about":[{"href":"https:\/\/bisbalpenedes.com\/web\/wp-json\/wp\/v2\/types\/post"}],"author":[{"embeddable":true,"href":"https:\/\/bisbalpenedes.com\/web\/wp-json\/wp\/v2\/users\/4"}],"replies":[{"embeddable":true,"href":"https:\/\/bisbalpenedes.com\/web\/wp-json\/wp\/v2\/comments?post=15395"}],"version-history":[{"count":2,"href":"https:\/\/bisbalpenedes.com\/web\/wp-json\/wp\/v2\/posts\/15395\/revisions"}],"predecessor-version":[{"id":15398,"href":"https:\/\/bisbalpenedes.com\/web\/wp-json\/wp\/v2\/posts\/15395\/revisions\/15398"}],"wp:featuredmedia":[{"embeddable":true,"href":"https:\/\/bisbalpenedes.com\/web\/wp-json\/wp\/v2\/media\/15396"}],"wp:attachment":[{"href":"https:\/\/bisbalpenedes.com\/web\/wp-json\/wp\/v2\/media?parent=15395"}],"wp:term":[{"taxonomy":"category","embeddable":true,"href":"https:\/\/bisbalpenedes.com\/web\/wp-json\/wp\/v2\/categories?post=15395"},{"taxonomy":"post_tag","embeddable":true,"href":"https:\/\/bisbalpenedes.com\/web\/wp-json\/wp\/v2\/tags?post=15395"}],"curies":[{"name":"wp","href":"https:\/\/api.w.org\/{rel}","templated":true}]}}