{"id":15392,"date":"2020-11-13T20:24:42","date_gmt":"2020-11-13T18:24:42","guid":{"rendered":"http:\/\/bisbalpenedes.com\/web\/?p=15392"},"modified":"2020-11-13T20:27:13","modified_gmt":"2020-11-13T18:27:13","slug":"del-16-al-21-de-novembre-tindra-lloc-el-gran-recapte-dels-aliments-enguany-sera-diferent","status":"publish","type":"post","link":"https:\/\/bisbalpenedes.com\/web\/2020\/11\/13\/del-16-al-21-de-novembre-tindra-lloc-el-gran-recapte-dels-aliments-enguany-sera-diferent\/","title":{"rendered":"Del 16 al 21 de novembre tindr\u00e0 lloc el Gran Recapte dels Aliments: enguany ser\u00e0 diferent"},"content":{"rendered":"<p style=\"text-align: justify;\"><a href=\"http:\/\/bisbalpenedes.com\/web\/wp-content\/uploads\/2020\/11\/GRAN-RECAPTE.jpg\"><img loading=\"lazy\" class=\"aligncenter size-medium wp-image-15393\" src=\"http:\/\/bisbalpenedes.com\/web\/wp-content\/uploads\/2020\/11\/GRAN-RECAPTE-212x300.jpg\" alt=\"GRAN RECAPTE 2020\" width=\"212\" height=\"300\" srcset=\"https:\/\/bisbalpenedes.com\/web\/wp-content\/uploads\/2020\/11\/GRAN-RECAPTE-212x300.jpg 212w, https:\/\/bisbalpenedes.com\/web\/wp-content\/uploads\/2020\/11\/GRAN-RECAPTE-600x850.jpg 600w, https:\/\/bisbalpenedes.com\/web\/wp-content\/uploads\/2020\/11\/GRAN-RECAPTE-768x1087.jpg 768w, https:\/\/bisbalpenedes.com\/web\/wp-content\/uploads\/2020\/11\/GRAN-RECAPTE-723x1024.jpg 723w, https:\/\/bisbalpenedes.com\/web\/wp-content\/uploads\/2020\/11\/GRAN-RECAPTE.jpg 1130w\" sizes=\"(max-width: 212px) 100vw, 212px\" \/><\/a><\/p>\n<p style=\"text-align: justify;\"><span style=\"color: #000000;\">Amb motiu de la situaci\u00f3 generada per la pand\u00e8mia de COVID-19, enguany el Gran Recapte dels Aliments es dur\u00e0 a terme d\u2019una forma diferent: no hi haur\u00e0 voluntaris i s\u2019evitaran les aglomeracions de persones.<\/span><\/p>\n<p style=\"text-align: justify;\"><span style=\"color: #000000;\">Per tot plegat, la manera en qu\u00e8 podreu col\u00b7laborar consistir\u00e0 a deixar els productes que vulgueu donar a la caixa, quan us disposeu a pagar a l\u2019establiment que trieu entre: Cal Perebusquet, Fruiteria Agro-Verd, Supermercat Jaume, Fruiteria Montserrat i Supermercat Aliprox.<\/span><\/p>\n<p style=\"text-align: justify;\"><span style=\"color: #000000;\">Podreu fer les vostres donacions entre el 16 i el 21 de novembre i aquests productes es destinaran al Rebost Solidari municipal. Gr\u00e0cies per la vostra col\u00b7laboraci\u00f3.<\/span><\/p>\n<hr \/>\n<p style=\"text-align: justify;\"><span style=\"color: #000000;\"><strong>CASTELLANO |<\/strong> Con motivo de la situaci\u00f3n generada por la pandemia de COVID-19, este a\u00f1o el Gran Recapte dels Aliments se llevar\u00e1 a cabo de una forma distinta: no habr\u00e1 voluntarios y se evitar\u00e1n las aglomeraciones de personas.<\/span><\/p>\n<p style=\"text-align: justify;\"><span style=\"color: #000000;\">Por todo ello, la manera en la que podr\u00e9is colaborar consistir\u00e1 en dejar los productos que quer\u00e1is donar en la caja, cuando os dispong\u00e1is a pagar en el establecimiento que hay\u00e1is elegido entre: Cal Perebusquet, Fruiteria Agro-Verd, Supermercat Jaume, Fruiteria Montserrat i Supermercat Aliprox.<\/span><\/p>\n<p style=\"text-align: justify;\"><span style=\"color: #000000;\">Podr\u00e9is hacer vuestras donaciones entre el 16 y el 21 de noviembre y estos productos se destinar\u00e1n al Rebost Solidari municipal. Gracias por vuestra colaboraci\u00f3n.<\/span><\/p>\n","protected":false},"excerpt":{"rendered":"<p>Amb motiu de la situaci\u00f3 generada per la pand\u00e8mia de COVID-19, enguany el Gran Recapte dels Aliments es dur\u00e0 a terme d\u2019una forma diferent: no hi haur\u00e0 voluntaris i s\u2019evitaran &hellip; <a href=\"https:\/\/bisbalpenedes.com\/web\/2020\/11\/13\/del-16-al-21-de-novembre-tindra-lloc-el-gran-recapte-dels-aliments-enguany-sera-diferent\/\" class=\"more-link\">Read More<\/a><\/p>\n","protected":false},"author":4,"featured_media":15393,"comment_status":"closed","ping_status":"closed","sticky":false,"template":"","format":"standard","meta":[],"categories":[8],"tags":[2642,2644],"_links":{"self":[{"href":"https:\/\/bisbalpenedes.com\/web\/wp-json\/wp\/v2\/posts\/15392"}],"collection":[{"href":"https:\/\/bisbalpenedes.com\/web\/wp-json\/wp\/v2\/posts"}],"about":[{"href":"https:\/\/bisbalpenedes.com\/web\/wp-json\/wp\/v2\/types\/post"}],"author":[{"embeddable":true,"href":"https:\/\/bisbalpenedes.com\/web\/wp-json\/wp\/v2\/users\/4"}],"replies":[{"embeddable":true,"href":"https:\/\/bisbalpenedes.com\/web\/wp-json\/wp\/v2\/comments?post=15392"}],"version-history":[{"count":1,"href":"https:\/\/bisbalpenedes.com\/web\/wp-json\/wp\/v2\/posts\/15392\/revisions"}],"predecessor-version":[{"id":15394,"href":"https:\/\/bisbalpenedes.com\/web\/wp-json\/wp\/v2\/posts\/15392\/revisions\/15394"}],"wp:featuredmedia":[{"embeddable":true,"href":"https:\/\/bisbalpenedes.com\/web\/wp-json\/wp\/v2\/media\/15393"}],"wp:attachment":[{"href":"https:\/\/bisbalpenedes.com\/web\/wp-json\/wp\/v2\/media?parent=15392"}],"wp:term":[{"taxonomy":"category","embeddable":true,"href":"https:\/\/bisbalpenedes.com\/web\/wp-json\/wp\/v2\/categories?post=15392"},{"taxonomy":"post_tag","embeddable":true,"href":"https:\/\/bisbalpenedes.com\/web\/wp-json\/wp\/v2\/tags?post=15392"}],"curies":[{"name":"wp","href":"https:\/\/api.w.org\/{rel}","templated":true}]}}