{"id":1538,"date":"2016-03-31T14:17:59","date_gmt":"2016-03-31T08:17:59","guid":{"rendered":"http:\/\/bisbalpenedes.com\/web\/?p=1538"},"modified":"2016-03-31T14:17:59","modified_gmt":"2016-03-31T08:17:59","slug":"oferta-de-feina-auxiliar-de-geriatriaauxiliar-dactivitats","status":"publish","type":"post","link":"https:\/\/bisbalpenedes.com\/web\/2016\/03\/31\/oferta-de-feina-auxiliar-de-geriatriaauxiliar-dactivitats\/","title":{"rendered":"Oferta de feina. Auxiliar de Geriatria\/Auxiliar d\u2019activitats"},"content":{"rendered":"<p>Per a Resid\u00e8ncia Geri\u00e0trica ubicada al Baix Pened\u00e8s, necessita<br \/>\nAuxiliar de Geriatria\/Auxiliar d\u2019activitats<\/p>\n<p>Les funcions a realitzar s\u00f3n:<br \/>\n&#8211; Realitzaci\u00f3 de les activitats programades, cobrir l\u2019hora del berenar, assistir en les dutxes i acompanyament al servei als avis de la resid\u00e8ncia .<\/p>\n<p>Es necessita:<br \/>\n&#8211; Es valorar\u00e0 la formaci\u00f3 en aquest camp per\u00f2 no \u00e9s imprescindible<br \/>\n&#8211; Es valorar\u00e0 la experi\u00e8ncia per\u00f2 no \u00e9s imprescindible <\/p>\n<p>Altres dades d\u2019inter\u00e8s:<br \/>\nLlocs vacants: 1<br \/>\nEdat: indiferent<br \/>\nFormaci\u00f3 Reglada: Indiferent<br \/>\nPerm\u00eds de conduir: Indiferent<br \/>\nVehicle de conduir: Indiferent<\/p>\n<p>S\u2019ofereix:<br \/>\n&#8211; Contracte temporal per substituci\u00f3 de vacances: del 9 al 22 de maig.<br \/>\n&#8211; Horari: 4 hores di\u00e0ries, de 14:00h a 18:00h, i cap de setmana alterns.<br \/>\n&#8211; Salari: Segons conveni.<\/p>\n<p><a href=\"http:\/\/bisbalpenedes.com\/web\/wp-content\/uploads\/2016\/03\/oferta-de-feina-geriatria.jpg\"><img loading=\"lazy\" src=\"http:\/\/bisbalpenedes.com\/web\/wp-content\/uploads\/2016\/03\/oferta-de-feina-geriatria-724x1024.jpg\" alt=\"\" title=\"oferta de feina geriatria\" width=\"630\" height=\"891\" class=\"alignleft size-large wp-image-1539\" srcset=\"https:\/\/bisbalpenedes.com\/web\/wp-content\/uploads\/2016\/03\/oferta-de-feina-geriatria-724x1024.jpg 724w, https:\/\/bisbalpenedes.com\/web\/wp-content\/uploads\/2016\/03\/oferta-de-feina-geriatria-600x848.jpg 600w, https:\/\/bisbalpenedes.com\/web\/wp-content\/uploads\/2016\/03\/oferta-de-feina-geriatria-212x300.jpg 212w, https:\/\/bisbalpenedes.com\/web\/wp-content\/uploads\/2016\/03\/oferta-de-feina-geriatria.jpg 1241w\" sizes=\"(max-width: 630px) 100vw, 630px\" \/><\/a><\/p>\n","protected":false},"excerpt":{"rendered":"<p>Per a Resid\u00e8ncia Geri\u00e0trica ubicada al Baix Pened\u00e8s, necessita Auxiliar de Geriatria\/Auxiliar d\u2019activitats Les funcions a realitzar s\u00f3n: &#8211; Realitzaci\u00f3 de les activitats programades, cobrir l\u2019hora del berenar, assistir en &hellip; <a href=\"https:\/\/bisbalpenedes.com\/web\/2016\/03\/31\/oferta-de-feina-auxiliar-de-geriatriaauxiliar-dactivitats\/\" class=\"more-link\">Read More<\/a><\/p>\n","protected":false},"author":1,"featured_media":1539,"comment_status":"closed","ping_status":"closed","sticky":false,"template":"","format":"standard","meta":[],"categories":[9],"tags":[],"_links":{"self":[{"href":"https:\/\/bisbalpenedes.com\/web\/wp-json\/wp\/v2\/posts\/1538"}],"collection":[{"href":"https:\/\/bisbalpenedes.com\/web\/wp-json\/wp\/v2\/posts"}],"about":[{"href":"https:\/\/bisbalpenedes.com\/web\/wp-json\/wp\/v2\/types\/post"}],"author":[{"embeddable":true,"href":"https:\/\/bisbalpenedes.com\/web\/wp-json\/wp\/v2\/users\/1"}],"replies":[{"embeddable":true,"href":"https:\/\/bisbalpenedes.com\/web\/wp-json\/wp\/v2\/comments?post=1538"}],"version-history":[{"count":1,"href":"https:\/\/bisbalpenedes.com\/web\/wp-json\/wp\/v2\/posts\/1538\/revisions"}],"predecessor-version":[{"id":1540,"href":"https:\/\/bisbalpenedes.com\/web\/wp-json\/wp\/v2\/posts\/1538\/revisions\/1540"}],"wp:featuredmedia":[{"embeddable":true,"href":"https:\/\/bisbalpenedes.com\/web\/wp-json\/wp\/v2\/media\/1539"}],"wp:attachment":[{"href":"https:\/\/bisbalpenedes.com\/web\/wp-json\/wp\/v2\/media?parent=1538"}],"wp:term":[{"taxonomy":"category","embeddable":true,"href":"https:\/\/bisbalpenedes.com\/web\/wp-json\/wp\/v2\/categories?post=1538"},{"taxonomy":"post_tag","embeddable":true,"href":"https:\/\/bisbalpenedes.com\/web\/wp-json\/wp\/v2\/tags?post=1538"}],"curies":[{"name":"wp","href":"https:\/\/api.w.org\/{rel}","templated":true}]}}