{"id":15378,"date":"2020-11-13T16:13:52","date_gmt":"2020-11-13T14:13:52","guid":{"rendered":"http:\/\/bisbalpenedes.com\/web\/?p=15378"},"modified":"2020-11-13T16:13:52","modified_gmt":"2020-11-13T14:13:52","slug":"actualitzacio-13-11-20-resum-provisional-les-restriccions-vigents-per-frenar-els-brots-de-covid-19-a-lespera-de-la-seva-publicacio-al-dogc","status":"publish","type":"post","link":"https:\/\/bisbalpenedes.com\/web\/2020\/11\/13\/actualitzacio-13-11-20-resum-provisional-les-restriccions-vigents-per-frenar-els-brots-de-covid-19-a-lespera-de-la-seva-publicacio-al-dogc\/","title":{"rendered":"ACTUALITZACI\u00d3 13-11-20 | Resum provisional les restriccions vigents per frenar els brots de COVID-19 (a l&#8217;espera de la seva publicaci\u00f3 al DOGC)"},"content":{"rendered":"<div class=\"\" data-block=\"true\" data-editor=\"8nvcs\" data-offset-key=\"ad4c0-0-0\">\n<div class=\"_1mf _1mj\" style=\"text-align: justify;\" data-offset-key=\"ad4c0-0-0\"><span style=\"color: #000000;\" data-offset-key=\"ad4c0-0-0\"><span data-text=\"true\">Protecci\u00f3 Civil ha publicat un resum de les restriccions vigents per frenar els brots de COVID-19, amb actualitzaci\u00f3 a data de 13 de novembre. Aquest document \u00e9s de car\u00e0cter provisional, a l&#8217;espera que aquesta informaci\u00f3 s&#8217;oficialitzi mitjan\u00e7ant la publicaci\u00f3 d&#8217;una nova resoluci\u00f3 al DOGC. <\/span><\/span><\/div>\n<\/div>\n<div class=\"\" style=\"text-align: justify;\" data-block=\"true\" data-editor=\"8nvcs\" data-offset-key=\"3tke7-0-0\">\n<div class=\"_1mf _1mj\" data-offset-key=\"3tke7-0-0\"><span style=\"color: #000000;\" data-offset-key=\"3tke7-0-0\"><span data-text=\"true\">L&#8217;actualitzaci\u00f3 de les mesures tindria una durada prevista fins al 23 de novembre a les 00h. Us adjuntem el document publicat.<\/span><\/span><\/div>\n<\/div>\n<div class=\"\" style=\"text-align: justify;\" data-block=\"true\" data-editor=\"8nvcs\" data-offset-key=\"at6et-0-0\">\n<div class=\"_1mf _1mj\" data-offset-key=\"at6et-0-0\"><span style=\"color: #000000;\" data-offset-key=\"at6et-0-0\">\u00a0<\/span><\/div>\n<\/div>\n<div class=\"\" style=\"text-align: justify;\" data-block=\"true\" data-editor=\"8nvcs\" data-offset-key=\"erlpf-0-0\">\n<div class=\"_1mf _1mj\" data-offset-key=\"erlpf-0-0\">\n<hr \/>\n<\/div>\n<\/div>\n<div class=\"\" style=\"text-align: justify;\" data-block=\"true\" data-editor=\"8nvcs\" data-offset-key=\"c5o1j-0-0\">\n<div class=\"_1mf _1mj\" data-offset-key=\"c5o1j-0-0\"><span style=\"color: #000000;\"><strong>CASTELLANO |<\/strong> Protecci\u00f3n Civil ha publicado un resumen de las restricciones vigentes para frenar los brotes de COVID-19, con actualizaci\u00f3n a fecha de 13 de noviembre. Este documento es de car\u00e1cter provisional, a la espera de que esta informaci\u00f3n se oficialice mediante su publicaci\u00f3n en una nueva resoluci\u00f3n en el DOGC.<\/span><\/div>\n<\/div>\n<div class=\"\" data-block=\"true\" data-editor=\"8nvcs\" data-offset-key=\"8teu-0-0\">\n<div class=\"_1mf _1mj\" style=\"text-align: justify;\" data-offset-key=\"8teu-0-0\"><span style=\"color: #000000;\" data-offset-key=\"8teu-0-0\"><span data-text=\"true\">La actualizaci\u00f3n de las medidas tendr\u00eda una duraci\u00f3n prevista hasta el 23 de noviembre a las 00h. Os adjuntamos el documento publicado.<\/span><\/span><\/div>\n<\/div>\n<div class=\"_1mf _1mj\" style=\"text-align: justify;\" data-offset-key=\"8teu-0-0\"><a href=\"http:\/\/bisbalpenedes.com\/web\/wp-content\/uploads\/2020\/11\/201113-RESUM-PROVISIONAL-RESTRICCIONS-COVID19_page-0001.jpg\"><img loading=\"lazy\" class=\"aligncenter size-large wp-image-15379\" src=\"http:\/\/bisbalpenedes.com\/web\/wp-content\/uploads\/2020\/11\/201113-RESUM-PROVISIONAL-RESTRICCIONS-COVID19_page-0001-725x1024.jpg\" alt=\"201113 RESUM PROVISIONAL RESTRICCIONS COVID19_page-0001\" width=\"630\" height=\"890\" srcset=\"https:\/\/bisbalpenedes.com\/web\/wp-content\/uploads\/2020\/11\/201113-RESUM-PROVISIONAL-RESTRICCIONS-COVID19_page-0001-725x1024.jpg 725w, https:\/\/bisbalpenedes.com\/web\/wp-content\/uploads\/2020\/11\/201113-RESUM-PROVISIONAL-RESTRICCIONS-COVID19_page-0001-600x848.jpg 600w, https:\/\/bisbalpenedes.com\/web\/wp-content\/uploads\/2020\/11\/201113-RESUM-PROVISIONAL-RESTRICCIONS-COVID19_page-0001-212x300.jpg 212w, https:\/\/bisbalpenedes.com\/web\/wp-content\/uploads\/2020\/11\/201113-RESUM-PROVISIONAL-RESTRICCIONS-COVID19_page-0001-768x1085.jpg 768w, https:\/\/bisbalpenedes.com\/web\/wp-content\/uploads\/2020\/11\/201113-RESUM-PROVISIONAL-RESTRICCIONS-COVID19_page-0001.jpg 1241w\" sizes=\"(max-width: 630px) 100vw, 630px\" \/><\/a><\/div>\n<div class=\"_1mf _1mj\" style=\"text-align: justify;\" data-offset-key=\"8teu-0-0\"><a href=\"http:\/\/bisbalpenedes.com\/web\/wp-content\/uploads\/2020\/11\/201113-RESUM-PROVISIONAL-RESTRICCIONS-COVID19_page-0002.jpg\"><img loading=\"lazy\" class=\"aligncenter size-large wp-image-15380\" src=\"http:\/\/bisbalpenedes.com\/web\/wp-content\/uploads\/2020\/11\/201113-RESUM-PROVISIONAL-RESTRICCIONS-COVID19_page-0002-725x1024.jpg\" alt=\"201113 RESUM PROVISIONAL RESTRICCIONS COVID19_page-0002\" width=\"630\" height=\"890\" srcset=\"https:\/\/bisbalpenedes.com\/web\/wp-content\/uploads\/2020\/11\/201113-RESUM-PROVISIONAL-RESTRICCIONS-COVID19_page-0002-725x1024.jpg 725w, https:\/\/bisbalpenedes.com\/web\/wp-content\/uploads\/2020\/11\/201113-RESUM-PROVISIONAL-RESTRICCIONS-COVID19_page-0002-600x848.jpg 600w, https:\/\/bisbalpenedes.com\/web\/wp-content\/uploads\/2020\/11\/201113-RESUM-PROVISIONAL-RESTRICCIONS-COVID19_page-0002-212x300.jpg 212w, https:\/\/bisbalpenedes.com\/web\/wp-content\/uploads\/2020\/11\/201113-RESUM-PROVISIONAL-RESTRICCIONS-COVID19_page-0002-768x1085.jpg 768w, https:\/\/bisbalpenedes.com\/web\/wp-content\/uploads\/2020\/11\/201113-RESUM-PROVISIONAL-RESTRICCIONS-COVID19_page-0002.jpg 1241w\" sizes=\"(max-width: 630px) 100vw, 630px\" \/><\/a><\/div>\n<div class=\"_1mf _1mj\" style=\"text-align: justify;\" data-offset-key=\"8teu-0-0\"><a href=\"http:\/\/bisbalpenedes.com\/web\/wp-content\/uploads\/2020\/11\/201113-RESUM-PROVISIONAL-RESTRICCIONS-COVID19_page-0003.jpg\"><img loading=\"lazy\" class=\"aligncenter size-large wp-image-15381\" src=\"http:\/\/bisbalpenedes.com\/web\/wp-content\/uploads\/2020\/11\/201113-RESUM-PROVISIONAL-RESTRICCIONS-COVID19_page-0003-725x1024.jpg\" alt=\"201113 RESUM PROVISIONAL RESTRICCIONS COVID19_page-0003\" width=\"630\" height=\"890\" srcset=\"https:\/\/bisbalpenedes.com\/web\/wp-content\/uploads\/2020\/11\/201113-RESUM-PROVISIONAL-RESTRICCIONS-COVID19_page-0003-725x1024.jpg 725w, https:\/\/bisbalpenedes.com\/web\/wp-content\/uploads\/2020\/11\/201113-RESUM-PROVISIONAL-RESTRICCIONS-COVID19_page-0003-600x848.jpg 600w, https:\/\/bisbalpenedes.com\/web\/wp-content\/uploads\/2020\/11\/201113-RESUM-PROVISIONAL-RESTRICCIONS-COVID19_page-0003-212x300.jpg 212w, https:\/\/bisbalpenedes.com\/web\/wp-content\/uploads\/2020\/11\/201113-RESUM-PROVISIONAL-RESTRICCIONS-COVID19_page-0003-768x1085.jpg 768w, https:\/\/bisbalpenedes.com\/web\/wp-content\/uploads\/2020\/11\/201113-RESUM-PROVISIONAL-RESTRICCIONS-COVID19_page-0003.jpg 1241w\" sizes=\"(max-width: 630px) 100vw, 630px\" \/><\/a><\/div>\n<div class=\"_1mf _1mj\" style=\"text-align: justify;\" data-offset-key=\"8teu-0-0\"><a href=\"http:\/\/bisbalpenedes.com\/web\/wp-content\/uploads\/2020\/11\/201113-RESUM-PROVISIONAL-RESTRICCIONS-COVID19_page-0004.jpg\"><img loading=\"lazy\" class=\"aligncenter size-large wp-image-15382\" src=\"http:\/\/bisbalpenedes.com\/web\/wp-content\/uploads\/2020\/11\/201113-RESUM-PROVISIONAL-RESTRICCIONS-COVID19_page-0004-725x1024.jpg\" alt=\"201113 RESUM PROVISIONAL RESTRICCIONS COVID19_page-0004\" width=\"630\" height=\"890\" srcset=\"https:\/\/bisbalpenedes.com\/web\/wp-content\/uploads\/2020\/11\/201113-RESUM-PROVISIONAL-RESTRICCIONS-COVID19_page-0004-725x1024.jpg 725w, https:\/\/bisbalpenedes.com\/web\/wp-content\/uploads\/2020\/11\/201113-RESUM-PROVISIONAL-RESTRICCIONS-COVID19_page-0004-600x848.jpg 600w, https:\/\/bisbalpenedes.com\/web\/wp-content\/uploads\/2020\/11\/201113-RESUM-PROVISIONAL-RESTRICCIONS-COVID19_page-0004-212x300.jpg 212w, https:\/\/bisbalpenedes.com\/web\/wp-content\/uploads\/2020\/11\/201113-RESUM-PROVISIONAL-RESTRICCIONS-COVID19_page-0004-768x1085.jpg 768w, https:\/\/bisbalpenedes.com\/web\/wp-content\/uploads\/2020\/11\/201113-RESUM-PROVISIONAL-RESTRICCIONS-COVID19_page-0004.jpg 1241w\" sizes=\"(max-width: 630px) 100vw, 630px\" \/><\/a><\/div>\n<div class=\"\" data-block=\"true\" data-editor=\"8nvcs\" data-offset-key=\"dougr-0-0\"><\/div>\n","protected":false},"excerpt":{"rendered":"<p>Protecci\u00f3 Civil ha publicat un resum de les restriccions vigents per frenar els brots de COVID-19, amb actualitzaci\u00f3 a data de 13 de novembre. Aquest document \u00e9s de car\u00e0cter provisional, &hellip; <a href=\"https:\/\/bisbalpenedes.com\/web\/2020\/11\/13\/actualitzacio-13-11-20-resum-provisional-les-restriccions-vigents-per-frenar-els-brots-de-covid-19-a-lespera-de-la-seva-publicacio-al-dogc\/\" class=\"more-link\">Read More<\/a><\/p>\n","protected":false},"author":4,"featured_media":15379,"comment_status":"closed","ping_status":"closed","sticky":false,"template":"","format":"standard","meta":[],"categories":[4095,8,14],"tags":[3550,3559,82,1190,3664,4200],"_links":{"self":[{"href":"https:\/\/bisbalpenedes.com\/web\/wp-json\/wp\/v2\/posts\/15378"}],"collection":[{"href":"https:\/\/bisbalpenedes.com\/web\/wp-json\/wp\/v2\/posts"}],"about":[{"href":"https:\/\/bisbalpenedes.com\/web\/wp-json\/wp\/v2\/types\/post"}],"author":[{"embeddable":true,"href":"https:\/\/bisbalpenedes.com\/web\/wp-json\/wp\/v2\/users\/4"}],"replies":[{"embeddable":true,"href":"https:\/\/bisbalpenedes.com\/web\/wp-json\/wp\/v2\/comments?post=15378"}],"version-history":[{"count":1,"href":"https:\/\/bisbalpenedes.com\/web\/wp-json\/wp\/v2\/posts\/15378\/revisions"}],"predecessor-version":[{"id":15383,"href":"https:\/\/bisbalpenedes.com\/web\/wp-json\/wp\/v2\/posts\/15378\/revisions\/15383"}],"wp:featuredmedia":[{"embeddable":true,"href":"https:\/\/bisbalpenedes.com\/web\/wp-json\/wp\/v2\/media\/15379"}],"wp:attachment":[{"href":"https:\/\/bisbalpenedes.com\/web\/wp-json\/wp\/v2\/media?parent=15378"}],"wp:term":[{"taxonomy":"category","embeddable":true,"href":"https:\/\/bisbalpenedes.com\/web\/wp-json\/wp\/v2\/categories?post=15378"},{"taxonomy":"post_tag","embeddable":true,"href":"https:\/\/bisbalpenedes.com\/web\/wp-json\/wp\/v2\/tags?post=15378"}],"curies":[{"name":"wp","href":"https:\/\/api.w.org\/{rel}","templated":true}]}}