{"id":15359,"date":"2020-11-13T14:08:26","date_gmt":"2020-11-13T12:08:26","guid":{"rendered":"http:\/\/bisbalpenedes.com\/web\/?p=15359"},"modified":"2020-11-13T14:12:18","modified_gmt":"2020-11-13T12:12:18","slug":"la-junta-de-govern-local-ha-aprovat-latorgament-de-subvencions-per-a-families-afectades-laboralment-per-la-covid-19","status":"publish","type":"post","link":"https:\/\/bisbalpenedes.com\/web\/2020\/11\/13\/la-junta-de-govern-local-ha-aprovat-latorgament-de-subvencions-per-a-families-afectades-laboralment-per-la-covid-19\/","title":{"rendered":"La Junta de Govern local ha aprovat l\u2019atorgament de subvencions per a fam\u00edlies afectades laboralment per la COVID-19"},"content":{"rendered":"<p style=\"text-align: justify;\"><span style=\"color: #000000;\">La Junta de Govern del 9 de novembre de 2020 ha aprovat les fam\u00edlies benefici\u00e0ries de les subvencions per a persones i unitats familiars o de conviv\u00e8ncia afectades per la crisi sanit\u00e0ria ocasionada per la COVID-19.<\/span><\/p>\n<p style=\"text-align: justify;\"><span style=\"color: #000000;\">El termini per presentar sol\u00b7licituds va romandre obert del 20 de maig al 16 de juny de 2020 i s\u2019hi van presentar un total de 17 sol\u00b7licituds. La Junta de Govern del 13 de juliol va aprovar declarar com a no beneficiaris a 5 sol\u00b7licitants per no complir els requisits de les bases de les subvencions i requerir a la resta de sol\u00b7licitants la documentaci\u00f3 que els mancava per valorar de nou les seves sol\u00b7licituds. Una vegada passat el termini perqu\u00e8 les 12 fam\u00edlies presentessin la documentaci\u00f3 que faltava, es va preparar la proposta per a la Junta de Govern del passat dilluns, que va aprovar:<\/span><\/p>\n<p style=\"text-align: justify;\"><span style=\"color: #000000;\">Declarar dues fam\u00edlies benefici\u00e0ries de les subvencions, atorgant 500\u20ac a cadascuna per complir els requisits de la convocat\u00f2ria i declarar a les deu fam\u00edlies restants com a no benefici\u00e0ries: tres per no presentar tota la documentaci\u00f3 per avaluar-ne els requisits i set per no complir els requisits de la convocat\u00f2ria.<\/span><\/p>\n<p style=\"text-align: justify;\"><span style=\"color: #000000;\">La regidora de Benestar Social, Paqui Cepas, ha explicat que \u201caquesta convocat\u00f2ria de subvencions estava destinada espec\u00edficament a aquelles fam\u00edlies que havien vist disminu\u00efts els seus ingressos un m\u00ednim d\u2019un 30% durant els mesos de mar\u00e7 i abril respecte al mes de febrer a causa de la COVID-19, tal com establien les bases. Ara estem treballant en una nova convocat\u00f2ria amb l\u2019objectiu d\u2019arribar a m\u00e9s fam\u00edlies que estan patint laboralment la situaci\u00f3 de la pand\u00e8mia amb una disminuci\u00f3 dels seus ingressos, \u00e9s a dir, les bases de la nova convocat\u00f2ria s\u2019estan plantejant amb l\u2019objectiu de poder beneficiar a m\u00e9s fam\u00edlies afectades per la crisi\u201d.<\/span><\/p>\n<hr \/>\n<p style=\"text-align: justify;\"><span style=\"color: #000000;\"><strong>CASTELLANO |\u00a0<\/strong>La Junta de Gobierno del 9 de noviembre de 2020 ha aprobado las familias beneficiarias de las subvenciones para personas y unidades familiares o de convivencia afectadas por la crisis sanitaria ocasionada por la COVID-19.<\/span><\/p>\n<p style=\"text-align: justify;\"><span style=\"color: #000000;\">El plazo para presentar solicitudes permaneci\u00f3 abierto del 20 de mayo al 16 de junio de 2020 y se presentaron un total de 17 solicitudes. La Junta de Gobierno del 13 de julio aprob\u00f3 declarar como no beneficiarios a 5 solicitantes por no cumplir los requisitos de las bases de las subvenciones y requerir al resto de solicitantes la documentaci\u00f3n que les faltaba para valorar de nuevo sus solicitudes. Una vez cumplido el plazo para que las 12 familias presentasen la documentaci\u00f3n que faltaba, se prepar\u00f3 la propuesta para la Junta de Gobierno el pasado lunes, que aprob\u00f3:<\/span><\/p>\n<p style=\"text-align: justify;\"><span style=\"color: #000000;\">Declarar dos familias beneficiarias de las subvenciones, otorgando 500\u20ac a cada una por cumplir los requisitos de la convocatoria y declarar a las diez familiar estantes como no beneficiarias: tres por no presentar toda la documentaci\u00f3n para evaluar los requisitos y siete por no cumplir los requisitos de la convocatoria.<\/span><\/p>\n<p style=\"text-align: justify;\"><span style=\"color: #000000;\">La concejala de Bienestar Social, Paqui Cepas, ha explicado que \u201cesta convocatoria de subvenciones estaba destinada espec\u00edficamente a aquellas familias que hab\u00edan visto disminuidos sus ingresos un m\u00ednimo de un 30% durante los meses de marzo y abril respecto al mes de febrero a causa de la COVID-19, tal como establec\u00edan las bases. Ahora estamos trabajando en una nueva convocatoria con el objetivo de llegar a m\u00e1s familias que est\u00e1n sufriendo laboralmente la situaci\u00f3n de la pandemia con una disminuci\u00f3n de sus ingresos, es decir, las bases de la nueva convocatoria se est\u00e1n planteando con el objetivo de poder beneficiar a m\u00e1s familias afectadas por la crisis\u201d.<\/span><\/p>\n","protected":false},"excerpt":{"rendered":"<p>La Junta de Govern del 9 de novembre de 2020 ha aprovat les fam\u00edlies benefici\u00e0ries de les subvencions per a persones i unitats familiars o de conviv\u00e8ncia afectades per la &hellip; <a href=\"https:\/\/bisbalpenedes.com\/web\/2020\/11\/13\/la-junta-de-govern-local-ha-aprovat-latorgament-de-subvencions-per-a-families-afectades-laboralment-per-la-covid-19\/\" class=\"more-link\">Read More<\/a><\/p>\n","protected":false},"author":4,"featured_media":14084,"comment_status":"closed","ping_status":"closed","sticky":false,"template":"","format":"standard","meta":[],"categories":[3851,4095,8],"tags":[959,3559,3796,227,102],"_links":{"self":[{"href":"https:\/\/bisbalpenedes.com\/web\/wp-json\/wp\/v2\/posts\/15359"}],"collection":[{"href":"https:\/\/bisbalpenedes.com\/web\/wp-json\/wp\/v2\/posts"}],"about":[{"href":"https:\/\/bisbalpenedes.com\/web\/wp-json\/wp\/v2\/types\/post"}],"author":[{"embeddable":true,"href":"https:\/\/bisbalpenedes.com\/web\/wp-json\/wp\/v2\/users\/4"}],"replies":[{"embeddable":true,"href":"https:\/\/bisbalpenedes.com\/web\/wp-json\/wp\/v2\/comments?post=15359"}],"version-history":[{"count":4,"href":"https:\/\/bisbalpenedes.com\/web\/wp-json\/wp\/v2\/posts\/15359\/revisions"}],"predecessor-version":[{"id":15363,"href":"https:\/\/bisbalpenedes.com\/web\/wp-json\/wp\/v2\/posts\/15359\/revisions\/15363"}],"wp:featuredmedia":[{"embeddable":true,"href":"https:\/\/bisbalpenedes.com\/web\/wp-json\/wp\/v2\/media\/14084"}],"wp:attachment":[{"href":"https:\/\/bisbalpenedes.com\/web\/wp-json\/wp\/v2\/media?parent=15359"}],"wp:term":[{"taxonomy":"category","embeddable":true,"href":"https:\/\/bisbalpenedes.com\/web\/wp-json\/wp\/v2\/categories?post=15359"},{"taxonomy":"post_tag","embeddable":true,"href":"https:\/\/bisbalpenedes.com\/web\/wp-json\/wp\/v2\/tags?post=15359"}],"curies":[{"name":"wp","href":"https:\/\/api.w.org\/{rel}","templated":true}]}}