{"id":15355,"date":"2020-11-12T10:54:30","date_gmt":"2020-11-12T08:54:30","guid":{"rendered":"http:\/\/bisbalpenedes.com\/web\/?p=15355"},"modified":"2020-11-12T11:01:33","modified_gmt":"2020-11-12T09:01:33","slug":"saprova-un-contracte-per-desinfectar-els-accessos-als-centres-educatius-de-la-bisbal","status":"publish","type":"post","link":"https:\/\/bisbalpenedes.com\/web\/2020\/11\/12\/saprova-un-contracte-per-desinfectar-els-accessos-als-centres-educatius-de-la-bisbal\/","title":{"rendered":"S\u2019aprova un contracte per desinfectar els accessos als centres educatius de la Bisbal"},"content":{"rendered":"<p style=\"text-align: justify;\"><a href=\"http:\/\/bisbalpenedes.com\/web\/wp-content\/uploads\/2020\/09\/ACCESSOS-LLAR-DINFANTS.jpg\"><img loading=\"lazy\" class=\"aligncenter wp-image-14569 size-large\" src=\"http:\/\/bisbalpenedes.com\/web\/wp-content\/uploads\/2020\/09\/ACCESSOS-LLAR-DINFANTS-1024x768.jpg\" alt=\"ACCESSOS LLAR D'INFANTS\" width=\"630\" height=\"473\" srcset=\"https:\/\/bisbalpenedes.com\/web\/wp-content\/uploads\/2020\/09\/ACCESSOS-LLAR-DINFANTS-1024x768.jpg 1024w, https:\/\/bisbalpenedes.com\/web\/wp-content\/uploads\/2020\/09\/ACCESSOS-LLAR-DINFANTS-600x450.jpg 600w, https:\/\/bisbalpenedes.com\/web\/wp-content\/uploads\/2020\/09\/ACCESSOS-LLAR-DINFANTS-300x225.jpg 300w, https:\/\/bisbalpenedes.com\/web\/wp-content\/uploads\/2020\/09\/ACCESSOS-LLAR-DINFANTS-768x576.jpg 768w, https:\/\/bisbalpenedes.com\/web\/wp-content\/uploads\/2020\/09\/ACCESSOS-LLAR-DINFANTS.jpg 1600w\" sizes=\"(max-width: 630px) 100vw, 630px\" \/><\/a><\/p>\n<p style=\"text-align: justify;\"><span style=\"color: #000000;\">La Junta de Govern local del 9 de novembre de 2020 ha aprovat la contractaci\u00f3 del servei de desinfecci\u00f3 dels accessos als centres educatius del municipi, pr\u00e8via entrada dels i les alumnes, com a mesura per combatre la COVID-19. Es tracta d\u2019un servei de desinfecci\u00f3 di\u00e0ria, de dilluns a divendres, a la Llar d\u2019Infants l\u2019Oreneta, l\u2019 Escola Ull de Vent i l\u2019Institut Coster de la Torre.<\/span><\/p>\n<p style=\"text-align: justify;\"><span style=\"color: #000000;\">El contracte que s\u2019ha aprovat \u00e9s del servei prestat per Cespa S.A. des del mes de setembre i fins al 31 de desembre i l\u2019import d\u2019aquest contracte \u00e9s de 4.326,30\u20ac (IVA incl\u00f2s). En cas que calgui continuar amb un servei com aquest o similar a partir del gener de 2021, l\u2019Ajuntament procedir\u00e0 a tirar endavant una nova contractaci\u00f3.<\/span><\/p>\n<hr \/>\n<p style=\"text-align: justify;\"><span style=\"color: #000000;\"><strong>CASTELLANO |<\/strong> La Junta de Gobierno local del 9 de noviembre de 2020 ha aprobado la contrataci\u00f3n del servicio de desinfecci\u00f3n de los accesos a los centros educativos del municipio, previa entrada de los y las alumnos y alumnas, como medida para combatir la COVID-19. Se trata de un servicio de desinfecci\u00f3n diaria, de lunes a viernes, en la Llar d\u2019Infants l\u2019Oreneta, la Escuela Ull de Vent y el Instituto Coster de la Torre.<\/span><\/p>\n<p style=\"text-align: justify;\"><span style=\"color: #000000;\">El contrato que se ha aprobado es del servicio prestado por Cespa S.A. desde el mes de septiembre y hasta el 31 de diciembre y el importe de este contrato es de 4.326,30\u20ac (IVA incluido). En el caso de que sea necesario continuar con un servicio como este o similar a partir de enero de 2021, el Ayuntamiento proceder\u00e1 a llevar a cabo una nueva contrataci\u00f3n.<\/span><\/p>\n","protected":false},"excerpt":{"rendered":"<p>La Junta de Govern local del 9 de novembre de 2020 ha aprovat la contractaci\u00f3 del servei de desinfecci\u00f3 dels accessos als centres educatius del municipi, pr\u00e8via entrada dels i &hellip; <a href=\"https:\/\/bisbalpenedes.com\/web\/2020\/11\/12\/saprova-un-contracte-per-desinfectar-els-accessos-als-centres-educatius-de-la-bisbal\/\" class=\"more-link\">Read More<\/a><\/p>\n","protected":false},"author":4,"featured_media":14569,"comment_status":"closed","ping_status":"closed","sticky":false,"template":"","format":"standard","meta":[],"categories":[4095,3456,8],"tags":[4196,4197,337,1475,1703],"_links":{"self":[{"href":"https:\/\/bisbalpenedes.com\/web\/wp-json\/wp\/v2\/posts\/15355"}],"collection":[{"href":"https:\/\/bisbalpenedes.com\/web\/wp-json\/wp\/v2\/posts"}],"about":[{"href":"https:\/\/bisbalpenedes.com\/web\/wp-json\/wp\/v2\/types\/post"}],"author":[{"embeddable":true,"href":"https:\/\/bisbalpenedes.com\/web\/wp-json\/wp\/v2\/users\/4"}],"replies":[{"embeddable":true,"href":"https:\/\/bisbalpenedes.com\/web\/wp-json\/wp\/v2\/comments?post=15355"}],"version-history":[{"count":2,"href":"https:\/\/bisbalpenedes.com\/web\/wp-json\/wp\/v2\/posts\/15355\/revisions"}],"predecessor-version":[{"id":15357,"href":"https:\/\/bisbalpenedes.com\/web\/wp-json\/wp\/v2\/posts\/15355\/revisions\/15357"}],"wp:featuredmedia":[{"embeddable":true,"href":"https:\/\/bisbalpenedes.com\/web\/wp-json\/wp\/v2\/media\/14569"}],"wp:attachment":[{"href":"https:\/\/bisbalpenedes.com\/web\/wp-json\/wp\/v2\/media?parent=15355"}],"wp:term":[{"taxonomy":"category","embeddable":true,"href":"https:\/\/bisbalpenedes.com\/web\/wp-json\/wp\/v2\/categories?post=15355"},{"taxonomy":"post_tag","embeddable":true,"href":"https:\/\/bisbalpenedes.com\/web\/wp-json\/wp\/v2\/tags?post=15355"}],"curies":[{"name":"wp","href":"https:\/\/api.w.org\/{rel}","templated":true}]}}