{"id":15353,"date":"2020-11-12T10:37:00","date_gmt":"2020-11-12T08:37:00","guid":{"rendered":"http:\/\/bisbalpenedes.com\/web\/?p=15353"},"modified":"2020-11-12T10:37:00","modified_gmt":"2020-11-12T08:37:00","slug":"la-junta-de-govern-local-ha-aprovat-la-contractacio-dels-serveis-de-defensa-en-el-recurs-contencios-administratiu-interposat-per-ffc-aqualia-sa","status":"publish","type":"post","link":"https:\/\/bisbalpenedes.com\/web\/2020\/11\/12\/la-junta-de-govern-local-ha-aprovat-la-contractacio-dels-serveis-de-defensa-en-el-recurs-contencios-administratiu-interposat-per-ffc-aqualia-sa\/","title":{"rendered":"La Junta de Govern Local ha aprovat la contractaci\u00f3 dels serveis de defensa en el recurs contenci\u00f3s administratiu interposat per FFC Aqualia SA"},"content":{"rendered":"<p style=\"text-align: justify;\"><span style=\"color: #000000;\">La Junta de Govern Local, celebrada el dilluns 9 de novembre, ha aprovat la contractaci\u00f3 del servei de defensa jur\u00eddica de l\u2019Ajuntament de la Bisbal del Pened\u00e8s en el recurs contenci\u00f3s administratiu interposat per FCC Aqualia SA en relaci\u00f3 amb el silenci administratiu sobre la sol\u00b7licitud presentada el juny de 2019 relativa al desequilibri de la concessi\u00f3 administrativa. El contracte s\u2019ha aprovat, mitjan\u00e7ant l\u2019acord marc per al Servei d\u2019assessorament legal i defensa jur\u00eddica del Consell Comarcal del Baix Pened\u00e8s, amb el bufet Isabel Baixeras, Montserrat Boronat i Montserrat Felip SCP per un import de 2.420\u20ac (IVA incl\u00f2s).<\/span><\/p>\n<p style=\"text-align: justify;\"><span style=\"color: #000000;\">L\u2019empresa concession\u00e0ria de la gesti\u00f3 del servei d\u2019abastament i aigua potable al municipi, FCC Aqualia, va sol\u00b7licitar una compensaci\u00f3 econ\u00f2mica de 126.434,44\u20ac per la <a style=\"color: #000000;\" href=\"https:\/\/bisbalpenedes.com\/web\/2017\/07\/26\/a-partir-del-3-de-juliol-els-rebuts-de-laigua-son-mes-baixos\/\">modificaci\u00f3 de tarifes<\/a> que va aprovar i aplicar l\u2019Ajuntament de la Bisbal del Pened\u00e8s el 2017, ja que considerava que aquest import era un desequilibri de la concessi\u00f3 i que qui l\u2019havia d\u2019assumir era l\u2019Ajuntament. Per la seva part, l\u2019Ajuntament no ha abonat aquest import, ja que ni el <a style=\"color: #000000;\" href=\"https:\/\/bisbalpenedes.com\/web\/2019\/12\/12\/el-ple-aprova-per-unanimitat-la-no-acceptacio-de-la-modificacio-de-tarifes-del-servei-dabastament-daigua-potable-proposada-per-aqualia\/\">Ple<\/a> ni la <a style=\"color: #000000;\" href=\"https:\/\/bisbalpenedes.com\/web\/2019\/04\/29\/aquest-dilluns-29-dabril-han-tingut-lloc-dos-plens-extraordinaris-a-lajuntament-de-la-bisbal-del-penedes\/\">Comissi\u00f3 de preus<\/a> van aprovar l\u2019increment de tarifes que proposava l\u2019empresa.<\/span><\/p>\n<p style=\"text-align: justify;\"><span style=\"color: #000000;\">L\u2019alcaldessa de la Bisbal del Pened\u00e8s, Agn\u00e8s Ferr\u00e9, ha declarat que \u201clamentem que l\u2019empresa concession\u00e0ria del servei d\u2019abastament d\u2019aigua hagi presentat aquest contenci\u00f3s. Des de l\u2019equip de govern el que volem \u00e9s que l\u2019empresa ofereixi el servei que es mereixen els ve\u00efns de La Bisbal\u201d.<\/span><\/p>\n<hr \/>\n<p style=\"text-align: justify;\"><span style=\"color: #000000;\"><strong>CASTELLANO |<\/strong> La Junta de Gobierno Local, celebrada el lunes 9 de noviembre, ha aprobado la contrataci\u00f3n del servicio de defensa jur\u00eddica del Ayuntamiento de la Bisbal del Pened\u00e8s en el recurso contencioso administrativo interpuesto por FCC Aqualia SA en relaci\u00f3n con el silencio administrativo sobre la solicitud presentada en junio de 2019 relativa al desequilibrio de la concesi\u00f3n administrativa. El contrato se ha aprobado, mediante el acuerdo marco para el Servicio de asesor\u00eda legal y defensa jur\u00eddica del Consell Comarcal del Baix Pened\u00e8s, con el bufete Isabel Baixera, Montserrat Boronat y Montserrat Felip SCP por un importe de 2.420\u20ac (IVA incluido).<\/span><\/p>\n<p style=\"text-align: justify;\"><span style=\"color: #000000;\">La empresa concesionaria de la gesti\u00f3n del servicio de abastecimiento y agua potable del municipio, FCC Aqualia, solicit\u00f3 una compensaci\u00f3n econ\u00f3mica de 126.434,44\u20ac por la <a style=\"color: #000000;\" href=\"https:\/\/bisbalpenedes.com\/web\/2017\/07\/26\/a-partir-del-3-de-juliol-els-rebuts-de-laigua-son-mes-baixos\/\">modificaci\u00f3n de tarifas<\/a> que aprob\u00f3 y aplic\u00f3 el Ayuntamiento de la Bisbal del Pened\u00e8s en el 2017, ya que consideraba que este importe era un desequilibrio de la concesi\u00f3n y que quien lo ten\u00eda que asumir era el Ayuntamiento. Por su parte, el Ayuntamiento no ha abonado este importe, ya que ni el <a style=\"color: #000000;\" href=\"https:\/\/bisbalpenedes.com\/web\/2019\/12\/12\/el-ple-aprova-per-unanimitat-la-no-acceptacio-de-la-modificacio-de-tarifes-del-servei-dabastament-daigua-potable-proposada-per-aqualia\/\">Pleno<\/a> ni la <a style=\"color: #000000;\" href=\"https:\/\/bisbalpenedes.com\/web\/2019\/04\/29\/aquest-dilluns-29-dabril-han-tingut-lloc-dos-plens-extraordinaris-a-lajuntament-de-la-bisbal-del-penedes\/\">Comisi\u00f3n de precios<\/a> aprobaron el incremento de tarifas que propon\u00eda la empresa.<\/span><\/p>\n<p style=\"text-align: justify;\"><span style=\"color: #000000;\">La alcaldesa de la Bisbal del Pened\u00e8s, Agn\u00e8s Ferr\u00e9, ha declarado que \u201clamentamos que la empresa concesionaria del servicio de abastecimiento de agua haya presentado este contencioso. Desde el equipo de gobierno lo que queremos es que la empresa ofrezca el servicio que se merecen los vecinos de la Bisbal\u201d.<\/span><\/p>\n","protected":false},"excerpt":{"rendered":"<p>La Junta de Govern Local, celebrada el dilluns 9 de novembre, ha aprovat la contractaci\u00f3 del servei de defensa jur\u00eddica de l\u2019Ajuntament de la Bisbal del Pened\u00e8s en el recurs &hellip; <a href=\"https:\/\/bisbalpenedes.com\/web\/2020\/11\/12\/la-junta-de-govern-local-ha-aprovat-la-contractacio-dels-serveis-de-defensa-en-el-recurs-contencios-administratiu-interposat-per-ffc-aqualia-sa\/\" class=\"more-link\">Read More<\/a><\/p>\n","protected":false},"author":4,"featured_media":10830,"comment_status":"closed","ping_status":"closed","sticky":false,"template":"","format":"standard","meta":[],"categories":[8,3352],"tags":[649,3279,762,1867,766],"_links":{"self":[{"href":"https:\/\/bisbalpenedes.com\/web\/wp-json\/wp\/v2\/posts\/15353"}],"collection":[{"href":"https:\/\/bisbalpenedes.com\/web\/wp-json\/wp\/v2\/posts"}],"about":[{"href":"https:\/\/bisbalpenedes.com\/web\/wp-json\/wp\/v2\/types\/post"}],"author":[{"embeddable":true,"href":"https:\/\/bisbalpenedes.com\/web\/wp-json\/wp\/v2\/users\/4"}],"replies":[{"embeddable":true,"href":"https:\/\/bisbalpenedes.com\/web\/wp-json\/wp\/v2\/comments?post=15353"}],"version-history":[{"count":1,"href":"https:\/\/bisbalpenedes.com\/web\/wp-json\/wp\/v2\/posts\/15353\/revisions"}],"predecessor-version":[{"id":15354,"href":"https:\/\/bisbalpenedes.com\/web\/wp-json\/wp\/v2\/posts\/15353\/revisions\/15354"}],"wp:featuredmedia":[{"embeddable":true,"href":"https:\/\/bisbalpenedes.com\/web\/wp-json\/wp\/v2\/media\/10830"}],"wp:attachment":[{"href":"https:\/\/bisbalpenedes.com\/web\/wp-json\/wp\/v2\/media?parent=15353"}],"wp:term":[{"taxonomy":"category","embeddable":true,"href":"https:\/\/bisbalpenedes.com\/web\/wp-json\/wp\/v2\/categories?post=15353"},{"taxonomy":"post_tag","embeddable":true,"href":"https:\/\/bisbalpenedes.com\/web\/wp-json\/wp\/v2\/tags?post=15353"}],"curies":[{"name":"wp","href":"https:\/\/api.w.org\/{rel}","templated":true}]}}