{"id":15323,"date":"2020-11-10T21:55:03","date_gmt":"2020-11-10T19:55:03","guid":{"rendered":"http:\/\/bisbalpenedes.com\/web\/?p=15323"},"modified":"2020-11-10T21:59:26","modified_gmt":"2020-11-10T19:59:26","slug":"dema-dimecres-de-9h-a-13h-podreu-tornar-a-gaudir-dun-mercat-diferent-format-per-parades-amb-gent-de-la-bisbal","status":"publish","type":"post","link":"https:\/\/bisbalpenedes.com\/web\/2020\/11\/10\/dema-dimecres-de-9h-a-13h-podreu-tornar-a-gaudir-dun-mercat-diferent-format-per-parades-amb-gent-de-la-bisbal\/","title":{"rendered":"Dem\u00e0 dimecres podreu tornar a gaudir d\u2019un mercat format per parades amb gent de La Bisbal"},"content":{"rendered":"<p><a href=\"http:\/\/bisbalpenedes.com\/web\/wp-content\/uploads\/2020\/11\/BC80ECDC-6659-4A23-A6A5-CECB4027BD0D.jpeg\"><img loading=\"lazy\" class=\"aligncenter size-full wp-image-15324\" src=\"http:\/\/bisbalpenedes.com\/web\/wp-content\/uploads\/2020\/11\/BC80ECDC-6659-4A23-A6A5-CECB4027BD0D.jpeg\" alt=\"BC80ECDC-6659-4A23-A6A5-CECB4027BD0D\" width=\"1600\" height=\"1200\" srcset=\"https:\/\/bisbalpenedes.com\/web\/wp-content\/uploads\/2020\/11\/BC80ECDC-6659-4A23-A6A5-CECB4027BD0D.jpeg 1600w, https:\/\/bisbalpenedes.com\/web\/wp-content\/uploads\/2020\/11\/BC80ECDC-6659-4A23-A6A5-CECB4027BD0D-600x450.jpeg 600w, https:\/\/bisbalpenedes.com\/web\/wp-content\/uploads\/2020\/11\/BC80ECDC-6659-4A23-A6A5-CECB4027BD0D-300x225.jpeg 300w, https:\/\/bisbalpenedes.com\/web\/wp-content\/uploads\/2020\/11\/BC80ECDC-6659-4A23-A6A5-CECB4027BD0D-768x576.jpeg 768w, https:\/\/bisbalpenedes.com\/web\/wp-content\/uploads\/2020\/11\/BC80ECDC-6659-4A23-A6A5-CECB4027BD0D-1024x768.jpeg 1024w\" sizes=\"(max-width: 1600px) 100vw, 1600px\" \/><\/a><a href=\"http:\/\/bisbalpenedes.com\/web\/wp-content\/uploads\/2020\/11\/3D69991C-AED0-4857-8E3B-55FF78F5D91A.jpeg\"><img loading=\"lazy\" class=\"aligncenter size-full wp-image-15325\" src=\"http:\/\/bisbalpenedes.com\/web\/wp-content\/uploads\/2020\/11\/3D69991C-AED0-4857-8E3B-55FF78F5D91A.jpeg\" alt=\"3D69991C-AED0-4857-8E3B-55FF78F5D91A\" width=\"1600\" height=\"1200\" srcset=\"https:\/\/bisbalpenedes.com\/web\/wp-content\/uploads\/2020\/11\/3D69991C-AED0-4857-8E3B-55FF78F5D91A.jpeg 1600w, https:\/\/bisbalpenedes.com\/web\/wp-content\/uploads\/2020\/11\/3D69991C-AED0-4857-8E3B-55FF78F5D91A-600x450.jpeg 600w, https:\/\/bisbalpenedes.com\/web\/wp-content\/uploads\/2020\/11\/3D69991C-AED0-4857-8E3B-55FF78F5D91A-300x225.jpeg 300w, https:\/\/bisbalpenedes.com\/web\/wp-content\/uploads\/2020\/11\/3D69991C-AED0-4857-8E3B-55FF78F5D91A-768x576.jpeg 768w, https:\/\/bisbalpenedes.com\/web\/wp-content\/uploads\/2020\/11\/3D69991C-AED0-4857-8E3B-55FF78F5D91A-1024x768.jpeg 1024w\" sizes=\"(max-width: 1600px) 100vw, 1600px\" \/><\/a><br \/>\n<span style=\"color: #000000;\">Dem\u00e0 dimecres, de 9h a 13h, podreu tornar a gaudir d\u2019un mercat \u2018diferent\u2019, format per parades amb gent de La Bisbal.<\/span><br \/>\n<span style=\"color: #000000;\"> Hi muntaran parada:<\/span><\/p>\n<p><span style=\"color: #000000;\">&#8211;<strong>Restaurant Ull de llebre<\/strong><\/span><br \/>\n<span style=\"color: #000000;\"> Pollastres al forn amb patates per emportar + macarrons per 12\u20ac \u2013 Enc\u00e0rrecs al 686 688 842<\/span><br \/>\n<span style=\"color: #000000;\"> Caf\u00e8 i coca del Forn de Les Escales per 2\u20ac<\/span><\/p>\n<p><span style=\"color: #000000;\">&#8211;<strong>Tris-Tras Creacions<\/strong><\/span><br \/>\n<span style=\"color: #000000;\"> Roba (interior, per a la llar&#8230;)<\/span><br \/>\n<span style=\"color: #000000;\"> Artesania t\u00e8xtil (mascaretes, bosses per a l\u2019entrep\u00e0&#8230;)<\/span><\/p>\n<p><span style=\"color: #000000;\">&#8211;<strong>Maria \u00c0ngela Saumoy<\/strong><\/span><br \/>\n<span style=\"color: #000000;\"> Artesania en vidre<\/span><br \/>\n<span style=\"color: #000000;\"> Objectes de decoraci\u00f3 i per regalar<\/span><br \/>\n<span style=\"color: #000000;\"> Recordeu seguir totes les mesures de prevenci\u00f3 per la Covid-19.<\/span><\/p>\n<p><span style=\"color: #000000;\">Seguiu la f\u00f3rmula:<\/span><br \/>\n<span style=\"color: #000000;\"> DIST\u00c0NCIA +MANS+MASCARETA<\/span><\/p>\n<hr \/>\n<p><span style=\"color: #000000;\"><strong>CASTELLANO<\/strong> | Ma\u00f1ana mi\u00e9rcoles, de 9h a 13h, podr\u00e9is volver a disfrutar de un mercado \u2018distinto\u2019, formado por paradas con gente de La Bisbal.<\/span><br \/>\n<span style=\"color: #000000;\"> Montar\u00e1n parada:<\/span><\/p>\n<p><span style=\"color: #000000;\">&#8211;<strong>Restaurant Ull de Llebre<\/strong><\/span><br \/>\n<span style=\"color: #000000;\"> Pollos al horno con patatas para llevar + macarrones por 12\u20ac \u2013 Encargos al 686 688 842<\/span><br \/>\n<span style=\"color: #000000;\"> Caf\u00e9 y coca del Forn de Les Escales por 2\u20ac<\/span><\/p>\n<p><span style=\"color: #000000;\">&#8211;<strong>Tris-Tras Creacions<\/strong><\/span><br \/>\n<span style=\"color: #000000;\"> Ropa (interior, para el hogar&#8230;)<\/span><br \/>\n<span style=\"color: #000000;\"> Artesan\u00eda textil (mascarillas, bolsas para el bocadillo&#8230;)<\/span><\/p>\n<p><span style=\"color: #000000;\">&#8211;<strong>Maria \u00c0ngela Saumoy<\/strong><\/span><br \/>\n<span style=\"color: #000000;\"> Artesan\u00eda en vidrio<\/span><br \/>\n<span style=\"color: #000000;\"> Objetos de decoraci\u00f3n y para regalar<\/span><\/p>\n<p><span style=\"color: #000000;\">Seguid la f\u00f3rmula:<\/span><br \/>\n<span style=\"color: #000000;\"> DISTANCIA+MANOS+MASCARILLA<\/span><\/p>\n<p>&nbsp;<\/p>\n","protected":false},"excerpt":{"rendered":"<p>Dem\u00e0 dimecres, de 9h a 13h, podreu tornar a gaudir d\u2019un mercat \u2018diferent\u2019, format per parades amb gent de La Bisbal. Hi muntaran parada: &#8211;Restaurant Ull de llebre Pollastres al &hellip; <a href=\"https:\/\/bisbalpenedes.com\/web\/2020\/11\/10\/dema-dimecres-de-9h-a-13h-podreu-tornar-a-gaudir-dun-mercat-diferent-format-per-parades-amb-gent-de-la-bisbal\/\" class=\"more-link\">Read More<\/a><\/p>\n","protected":false},"author":4,"featured_media":15324,"comment_status":"closed","ping_status":"closed","sticky":false,"template":"","format":"standard","meta":[],"categories":[3860,8],"tags":[329,3861],"_links":{"self":[{"href":"https:\/\/bisbalpenedes.com\/web\/wp-json\/wp\/v2\/posts\/15323"}],"collection":[{"href":"https:\/\/bisbalpenedes.com\/web\/wp-json\/wp\/v2\/posts"}],"about":[{"href":"https:\/\/bisbalpenedes.com\/web\/wp-json\/wp\/v2\/types\/post"}],"author":[{"embeddable":true,"href":"https:\/\/bisbalpenedes.com\/web\/wp-json\/wp\/v2\/users\/4"}],"replies":[{"embeddable":true,"href":"https:\/\/bisbalpenedes.com\/web\/wp-json\/wp\/v2\/comments?post=15323"}],"version-history":[{"count":4,"href":"https:\/\/bisbalpenedes.com\/web\/wp-json\/wp\/v2\/posts\/15323\/revisions"}],"predecessor-version":[{"id":15329,"href":"https:\/\/bisbalpenedes.com\/web\/wp-json\/wp\/v2\/posts\/15323\/revisions\/15329"}],"wp:featuredmedia":[{"embeddable":true,"href":"https:\/\/bisbalpenedes.com\/web\/wp-json\/wp\/v2\/media\/15324"}],"wp:attachment":[{"href":"https:\/\/bisbalpenedes.com\/web\/wp-json\/wp\/v2\/media?parent=15323"}],"wp:term":[{"taxonomy":"category","embeddable":true,"href":"https:\/\/bisbalpenedes.com\/web\/wp-json\/wp\/v2\/categories?post=15323"},{"taxonomy":"post_tag","embeddable":true,"href":"https:\/\/bisbalpenedes.com\/web\/wp-json\/wp\/v2\/tags?post=15323"}],"curies":[{"name":"wp","href":"https:\/\/api.w.org\/{rel}","templated":true}]}}