{"id":15310,"date":"2020-11-09T15:01:44","date_gmt":"2020-11-09T13:01:44","guid":{"rendered":"http:\/\/bisbalpenedes.com\/web\/?p=15310"},"modified":"2020-11-09T15:52:10","modified_gmt":"2020-11-09T13:52:10","slug":"actualitzacio-de-les-mesures-i-excepcions-del-confinament-nocturn-publicada-al-dogc-del-9-de-novembre-de-2020","status":"publish","type":"post","link":"https:\/\/bisbalpenedes.com\/web\/2020\/11\/09\/actualitzacio-de-les-mesures-i-excepcions-del-confinament-nocturn-publicada-al-dogc-del-9-de-novembre-de-2020\/","title":{"rendered":"Actualitzaci\u00f3 de les mesures i excepcions del confinament nocturn publicada al DOGC del 9 de novembre de 2020"},"content":{"rendered":"<div class=\"\" data-block=\"true\" data-editor=\"cnnh0\" data-offset-key=\"f2rq7-0-0\">\n<div class=\"_1mf _1mj\" data-offset-key=\"f2rq7-0-0\"><span style=\"color: #000000;\" data-offset-key=\"f2rq7-0-0\"><span data-text=\"true\">Protecci\u00f3 Civil ha informat de l&#8217;actualitzaci\u00f3 de les mesures i excepcions del confinament nocturn:<\/span><\/span><\/div>\n<\/div>\n<div class=\"\" data-block=\"true\" data-editor=\"cnnh0\" data-offset-key=\"aorrk-0-0\">\n<ul>\n<li class=\"_1mf _1mj\" data-offset-key=\"aorrk-0-0\"><span style=\"color: #000000;\" data-offset-key=\"aorrk-0-0\"><span data-text=\"true\">Recollida de menjar per emportar fins a les 22 h<\/span><\/span><\/li>\n<\/ul>\n<\/div>\n<div class=\"\" data-block=\"true\" data-editor=\"cnnh0\" data-offset-key=\"56k45-0-0\">\n<ul>\n<li class=\"_1mf _1mj\" data-offset-key=\"56k45-0-0\"><span style=\"color: #000000;\" data-offset-key=\"56k45-0-0\"><span data-text=\"true\">Despla\u00e7aments per a cura de menors d\u2019edat en cas de progenitors separats, divorciats o amb resid\u00e8ncia en llocs diferents.<\/span><\/span><\/li>\n<\/ul>\n<div class=\"_1mf _1mj\" data-offset-key=\"56k45-0-0\"><\/div>\n<\/div>\n<div class=\"\" data-block=\"true\" data-editor=\"cnnh0\" data-offset-key=\"21r3l-0-0\">\n<div class=\"_1mf _1mj\" data-offset-key=\"21r3l-0-0\"><span style=\"color: #000000;\" data-offset-key=\"31vsh-0-0\"><span data-text=\"true\"><span style=\"color: #000000;\">Resoluci\u00f3 publicada al DOGC:<\/span> <\/span><\/span><a href=\"http:\/\/m.gencat.cat\/mobi_dogc\/AppJava\/pages\/Content.htm?numDOGC=8266&amp;versionId=1820921&amp;dateDOGC=9.11.2020&amp;contentId=885890&amp;viewportWidth=1440&amp;viewportHeight=1440\" target=\"_blank\"><span class=\"py34i1dx\"><span data-offset-key=\"31vsh-1-0\"><span data-text=\"true\">http:\/\/m.gencat.cat\/mobi_dogc\/AppJava\/pages\/Content.htm?numDOGC=8266&amp;versionId=1820921&amp;dateDOGC=9.11.2020&amp;contentId=885890&amp;viewportWidth=1440&amp;viewportHeight=1440<\/span><\/span><\/span><\/a><\/div>\n<\/div>\n<div class=\"\" data-block=\"true\" data-editor=\"cnnh0\" data-offset-key=\"966lq-0-0\">\n<div class=\"_1mf _1mj\" data-offset-key=\"966lq-0-0\"><span data-offset-key=\"966lq-0-0\">\u00a0<\/span><\/div>\n<\/div>\n<div class=\"\" data-block=\"true\" data-editor=\"cnnh0\" data-offset-key=\"a357c-0-0\">\n<div class=\"_1mf _1mj\" data-offset-key=\"a357c-0-0\">\n<hr \/>\n<p><span style=\"color: #000000;\" data-offset-key=\"a357c-0-0\"><span data-text=\"true\"><br \/>\n<\/span><\/span><\/p>\n<\/div>\n<\/div>\n<div class=\"\" data-block=\"true\" data-editor=\"cnnh0\" data-offset-key=\"bv8dv-0-0\">\n<div class=\"_1mf _1mj\" data-offset-key=\"bv8dv-0-0\"><span style=\"color: #000000;\"><strong>CASTELLANO |<\/strong> Protecci\u00f3n Civil ha informado de la actualizaci\u00f3n de las medidas y excepciones del confinamiento nocturo:<\/span><\/div>\n<\/div>\n<div class=\"\" data-block=\"true\" data-editor=\"cnnh0\" data-offset-key=\"cihc-0-0\">\n<ul>\n<li class=\"_1mf _1mj\" data-offset-key=\"cihc-0-0\"><span style=\"color: #000000;\" data-offset-key=\"cihc-0-0\"><span data-text=\"true\">Recogida de comida para llevar hasta las 22h.<\/span><\/span><\/li>\n<\/ul>\n<\/div>\n<div class=\"\" data-block=\"true\" data-editor=\"cnnh0\" data-offset-key=\"c9cbs-0-0\">\n<ul>\n<li class=\"_1mf _1mj\" data-offset-key=\"c9cbs-0-0\"><span style=\"color: #000000;\" data-offset-key=\"c9cbs-0-0\"><span data-text=\"true\">Desplazamientos para el cuidado de menores de edad en caso de progenitores separados, divorciados o con residencia en lugares distintos.<\/span><\/span><\/li>\n<\/ul>\n<\/div>\n<div class=\"\" data-block=\"true\" data-editor=\"cnnh0\" data-offset-key=\"38th2-0-0\">\n<div class=\"_1mf _1mj\" data-offset-key=\"38th2-0-0\"><span style=\"color: #000000;\" data-offset-key=\"38th2-0-0\">\u00a0<\/span><\/div>\n<\/div>\n<div class=\"\" data-block=\"true\" data-editor=\"cnnh0\" data-offset-key=\"tndf-0-0\">\n<div class=\"_1mf _1mj\" data-offset-key=\"tndf-0-0\"><span style=\"color: #000000;\" data-offset-key=\"tndf-0-0\"><span data-text=\"true\">Resoluci\u00f3n publicada en el DOGC:<\/span><\/span><\/div>\n<\/div>\n<div class=\"\" data-block=\"true\" data-editor=\"cnnh0\" data-offset-key=\"cmjg3-0-0\">\n<div class=\"_1mf _1mj\" data-offset-key=\"cmjg3-0-0\"><a href=\"http:\/\/m.gencat.cat\/mobi_dogc\/AppJava\/pages\/Content.htm?numDOGC=8266&amp;versionId=1820921&amp;dateDOGC=9.11.2020&amp;contentId=885890&amp;viewportWidth=1440&amp;viewportHeight=1440\" target=\"_blank\"><span class=\"py34i1dx\"><span data-offset-key=\"cmjg3-0-0\"><span data-text=\"true\">http:\/\/m.gencat.cat\/mobi_dogc\/AppJava\/pages\/Content.htm?numDOGC=8266&amp;versionId=1820921&amp;dateDOGC=9.11.2020&amp;contentId=885890&amp;viewportWidth=1440&amp;viewportHeight=1440<\/span><\/span><\/span><\/a><\/div>\n<\/div>\n<div class=\"\" data-block=\"true\" data-editor=\"cnnh0\" data-offset-key=\"aedpe-0-0\">\n<div class=\"_1mf _1mj\" data-offset-key=\"aedpe-0-0\"><span data-offset-key=\"aedpe-0-0\">\u00a0<\/span><\/div>\n<\/div>\n<div class=\"\" data-block=\"true\" data-editor=\"cnnh0\" data-offset-key=\"4c03e-0-0\">\n<div class=\"_1mf _1mj\" data-offset-key=\"4c03e-0-0\"><a href=\"http:\/\/bisbalpenedes.com\/web\/wp-content\/uploads\/2020\/11\/201109-mesures-covid-gencat.jpeg\"><img loading=\"lazy\" class=\"aligncenter size-full wp-image-15311\" src=\"http:\/\/bisbalpenedes.com\/web\/wp-content\/uploads\/2020\/11\/201109-mesures-covid-gencat.jpeg\" alt=\"201109 mesures covid gencat\" width=\"1414\" height=\"2000\" srcset=\"https:\/\/bisbalpenedes.com\/web\/wp-content\/uploads\/2020\/11\/201109-mesures-covid-gencat.jpeg 1414w, https:\/\/bisbalpenedes.com\/web\/wp-content\/uploads\/2020\/11\/201109-mesures-covid-gencat-600x849.jpeg 600w, https:\/\/bisbalpenedes.com\/web\/wp-content\/uploads\/2020\/11\/201109-mesures-covid-gencat-212x300.jpeg 212w, https:\/\/bisbalpenedes.com\/web\/wp-content\/uploads\/2020\/11\/201109-mesures-covid-gencat-768x1086.jpeg 768w, https:\/\/bisbalpenedes.com\/web\/wp-content\/uploads\/2020\/11\/201109-mesures-covid-gencat-724x1024.jpeg 724w\" sizes=\"(max-width: 1414px) 100vw, 1414px\" \/><\/a><\/div>\n<\/div>\n","protected":false},"excerpt":{"rendered":"<p>Protecci\u00f3 Civil ha informat de l&#8217;actualitzaci\u00f3 de les mesures i excepcions del confinament nocturn: Recollida de menjar per emportar fins a les 22 h Despla\u00e7aments per a cura de menors &hellip; <a href=\"https:\/\/bisbalpenedes.com\/web\/2020\/11\/09\/actualitzacio-de-les-mesures-i-excepcions-del-confinament-nocturn-publicada-al-dogc-del-9-de-novembre-de-2020\/\" class=\"more-link\">Read More<\/a><\/p>\n","protected":false},"author":4,"featured_media":15311,"comment_status":"closed","ping_status":"closed","sticky":false,"template":"","format":"standard","meta":[],"categories":[4095,8,14],"tags":[4132,3559,4190,865,82,1190],"_links":{"self":[{"href":"https:\/\/bisbalpenedes.com\/web\/wp-json\/wp\/v2\/posts\/15310"}],"collection":[{"href":"https:\/\/bisbalpenedes.com\/web\/wp-json\/wp\/v2\/posts"}],"about":[{"href":"https:\/\/bisbalpenedes.com\/web\/wp-json\/wp\/v2\/types\/post"}],"author":[{"embeddable":true,"href":"https:\/\/bisbalpenedes.com\/web\/wp-json\/wp\/v2\/users\/4"}],"replies":[{"embeddable":true,"href":"https:\/\/bisbalpenedes.com\/web\/wp-json\/wp\/v2\/comments?post=15310"}],"version-history":[{"count":2,"href":"https:\/\/bisbalpenedes.com\/web\/wp-json\/wp\/v2\/posts\/15310\/revisions"}],"predecessor-version":[{"id":15314,"href":"https:\/\/bisbalpenedes.com\/web\/wp-json\/wp\/v2\/posts\/15310\/revisions\/15314"}],"wp:featuredmedia":[{"embeddable":true,"href":"https:\/\/bisbalpenedes.com\/web\/wp-json\/wp\/v2\/media\/15311"}],"wp:attachment":[{"href":"https:\/\/bisbalpenedes.com\/web\/wp-json\/wp\/v2\/media?parent=15310"}],"wp:term":[{"taxonomy":"category","embeddable":true,"href":"https:\/\/bisbalpenedes.com\/web\/wp-json\/wp\/v2\/categories?post=15310"},{"taxonomy":"post_tag","embeddable":true,"href":"https:\/\/bisbalpenedes.com\/web\/wp-json\/wp\/v2\/tags?post=15310"}],"curies":[{"name":"wp","href":"https:\/\/api.w.org\/{rel}","templated":true}]}}