{"id":15291,"date":"2020-11-06T18:24:41","date_gmt":"2020-11-06T16:24:41","guid":{"rendered":"http:\/\/bisbalpenedes.com\/web\/?p=15291"},"modified":"2020-11-06T18:24:41","modified_gmt":"2020-11-06T16:24:41","slug":"les-regidories-de-gestio-de-residus-i-barris-i-lassociacio-de-veins-i-amics-del-priorat-fan-una-crida-al-respecte-i-al-civisme","status":"publish","type":"post","link":"https:\/\/bisbalpenedes.com\/web\/2020\/11\/06\/les-regidories-de-gestio-de-residus-i-barris-i-lassociacio-de-veins-i-amics-del-priorat-fan-una-crida-al-respecte-i-al-civisme\/","title":{"rendered":"Les regidories de Gesti\u00f3 de Residus i Barris i l\u2019Associaci\u00f3 de Ve\u00efns i Amics del Priorat fan una crida al respecte i al civisme"},"content":{"rendered":"<div class=\"kvgmc6g5 cxmmr5t8 oygrvhab hcukyx3x c1et5uql ii04i59q\">\n<div dir=\"auto\"><span style=\"color: #000000;\">Les regidories de Gesti\u00f3 de Residus i Barris i l\u2019Associaci\u00f3 de Ve\u00efns i Amics del Priorat fan una crida al respecte i al civisme despr\u00e9s que el local social hagi aparegut ple de pintades durant les darreres setmanes.<\/span><\/div>\n<\/div>\n<div class=\"o9v6fnle cxmmr5t8 oygrvhab hcukyx3x c1et5uql ii04i59q\">\n<div dir=\"auto\">\n<hr \/>\n<\/div>\n<\/div>\n<div class=\"o9v6fnle cxmmr5t8 oygrvhab hcukyx3x c1et5uql ii04i59q\">\n<div dir=\"auto\"><span style=\"color: #000000;\">Las concejal\u00edas de Gesti\u00f3n de Residuos y Barrios y la Asociaci\u00f3n de Vecinos y Amigos del Priorat hacen un llamamiento al respeto y al civismo despu\u00e9s que el local social haya aparecido lleno de pintadas durante las \u00faltimas semanas.<\/span><\/div>\n<\/div>\n<div dir=\"auto\"><\/div>\n<p style=\"text-align: center;\"><iframe loading=\"lazy\" style=\"border: none; overflow: hidden;\" src=\"https:\/\/www.facebook.com\/plugins\/video.php?height=317&amp;href=https%3A%2F%2Fwww.facebook.com%2FBisbalPenedes%2Fvideos%2F362452521694692%2F&amp;show_text=false&amp;width=560\" width=\"560\" height=\"317\" frameborder=\"0\" scrolling=\"no\" allowfullscreen=\"allowfullscreen\"><\/iframe><\/p>\n","protected":false},"excerpt":{"rendered":"<p>Les regidories de Gesti\u00f3 de Residus i Barris i l\u2019Associaci\u00f3 de Ve\u00efns i Amics del Priorat fan una crida al respecte i al civisme despr\u00e9s que el local social hagi &hellip; <a href=\"https:\/\/bisbalpenedes.com\/web\/2020\/11\/06\/les-regidories-de-gestio-de-residus-i-barris-i-lassociacio-de-veins-i-amics-del-priorat-fan-una-crida-al-respecte-i-al-civisme\/\" class=\"more-link\">Read More<\/a><\/p>\n","protected":false},"author":4,"featured_media":15293,"comment_status":"closed","ping_status":"closed","sticky":false,"template":"","format":"standard","meta":[],"categories":[1047,8,4149],"tags":[2150,626,393,247,4185,424,520,4184,1652],"_links":{"self":[{"href":"https:\/\/bisbalpenedes.com\/web\/wp-json\/wp\/v2\/posts\/15291"}],"collection":[{"href":"https:\/\/bisbalpenedes.com\/web\/wp-json\/wp\/v2\/posts"}],"about":[{"href":"https:\/\/bisbalpenedes.com\/web\/wp-json\/wp\/v2\/types\/post"}],"author":[{"embeddable":true,"href":"https:\/\/bisbalpenedes.com\/web\/wp-json\/wp\/v2\/users\/4"}],"replies":[{"embeddable":true,"href":"https:\/\/bisbalpenedes.com\/web\/wp-json\/wp\/v2\/comments?post=15291"}],"version-history":[{"count":1,"href":"https:\/\/bisbalpenedes.com\/web\/wp-json\/wp\/v2\/posts\/15291\/revisions"}],"predecessor-version":[{"id":15294,"href":"https:\/\/bisbalpenedes.com\/web\/wp-json\/wp\/v2\/posts\/15291\/revisions\/15294"}],"wp:featuredmedia":[{"embeddable":true,"href":"https:\/\/bisbalpenedes.com\/web\/wp-json\/wp\/v2\/media\/15293"}],"wp:attachment":[{"href":"https:\/\/bisbalpenedes.com\/web\/wp-json\/wp\/v2\/media?parent=15291"}],"wp:term":[{"taxonomy":"category","embeddable":true,"href":"https:\/\/bisbalpenedes.com\/web\/wp-json\/wp\/v2\/categories?post=15291"},{"taxonomy":"post_tag","embeddable":true,"href":"https:\/\/bisbalpenedes.com\/web\/wp-json\/wp\/v2\/tags?post=15291"}],"curies":[{"name":"wp","href":"https:\/\/api.w.org\/{rel}","templated":true}]}}