{"id":15285,"date":"2020-11-06T13:45:49","date_gmt":"2020-11-06T11:45:49","guid":{"rendered":"http:\/\/bisbalpenedes.com\/web\/?p=15285"},"modified":"2020-11-06T13:54:46","modified_gmt":"2020-11-06T11:54:46","slug":"la-taxa-descombraries-dels-veins-de-la-pineda-de-santa-cristina-que-pertanyen-a-la-bisbal-sera-inferior-lany-2021","status":"publish","type":"post","link":"https:\/\/bisbalpenedes.com\/web\/2020\/11\/06\/la-taxa-descombraries-dels-veins-de-la-pineda-de-santa-cristina-que-pertanyen-a-la-bisbal-sera-inferior-lany-2021\/","title":{"rendered":"La taxa d\u2019escombraries dels ve\u00efns de la Pineda de Santa Cristina que pertanyen a la Bisbal ser\u00e0 inferior l\u2019any 2021"},"content":{"rendered":"<h2 style=\"text-align: center;\"><a href=\"http:\/\/bisbalpenedes.com\/web\/wp-content\/uploads\/2020\/11\/UN-CARRER-DE-SANTA-CRISTINA.jpg\"><img loading=\"lazy\" class=\"alignnone size-medium wp-image-15286\" src=\"http:\/\/bisbalpenedes.com\/web\/wp-content\/uploads\/2020\/11\/UN-CARRER-DE-SANTA-CRISTINA-300x225.jpg\" alt=\"UN CARRER DE SANTA CRISTINA\" width=\"300\" height=\"225\" srcset=\"https:\/\/bisbalpenedes.com\/web\/wp-content\/uploads\/2020\/11\/UN-CARRER-DE-SANTA-CRISTINA-300x225.jpg 300w, https:\/\/bisbalpenedes.com\/web\/wp-content\/uploads\/2020\/11\/UN-CARRER-DE-SANTA-CRISTINA-600x450.jpg 600w, https:\/\/bisbalpenedes.com\/web\/wp-content\/uploads\/2020\/11\/UN-CARRER-DE-SANTA-CRISTINA-768x576.jpg 768w, https:\/\/bisbalpenedes.com\/web\/wp-content\/uploads\/2020\/11\/UN-CARRER-DE-SANTA-CRISTINA-1024x768.jpg 1024w\" sizes=\"(max-width: 300px) 100vw, 300px\" \/><\/a><\/h2>\n<h2 style=\"text-align: justify;\"><span style=\"color: #000000;\"><strong>La taxa d\u2019escombraries dels ve\u00efns de la Pineda de Santa Cristina que pertanyen a la Bisbal ser\u00e0 inferior l\u2019any 2021<\/strong><\/span><\/h2>\n<h2 style=\"text-align: justify;\"><span style=\"color: #000000;\"><strong>Els ve\u00efns pagaran la taxa de recollida aprovada pel municipi de Rodony\u00e0, que \u00e9s qui gestiona el servei de la recollida en aquesta urbanitzaci\u00f3<\/strong><\/span><\/h2>\n<p><span style=\"color: #000000;\">L\u2019Ordenan\u00e7a Fiscal reguladora de la taxa de recollida de residus s\u00f2lids urbans que s\u2019aplica en l\u2019actualitat a la urbanitzaci\u00f3 de la Pineda de Santa Cristina \u00e9s la mateixa que s\u2019aplica a tots els altres nuclis de La Bisbal del Pened\u00e8s (fixada en 140\u20ac l\u2019any en l\u2019exercici actual). L\u2019Ajuntament de la Bisbal del Pened\u00e8s ha aprovat aplicar la taxa de l\u2019Ajuntament de Rodony\u00e0 (fixada en 110\u20ac l\u2019any en l\u2019exercici actual) perqu\u00e8 el servei de recollida d\u2019escombraries que es du a terme en aquesta urbanitzaci\u00f3 va a c\u00e0rrec d\u2019aquest municipi, ja que una part de la urbanitzaci\u00f3 pertany a Rodony\u00e0.<\/span><\/p>\n<p><span style=\"color: #000000;\">L\u2019alcaldessa de la Bisbal del Pened\u00e8s, Agn\u00e8s Ferr\u00e9, ha explicat que abans \u201cl\u2019ordenan\u00e7a distingia entre la taxa de recollida d\u2019escombraries a tot el municipi de La Bisbal del Pened\u00e8s i la taxa aplicada a la urbanitzaci\u00f3 de La Pineda de Santa Cristina. Aquesta ordenan\u00e7a es va modificar al Ple de l\u2019Ajuntament de la Bisbal del Pened\u00e8s el juliol de 2012, on es va retirar aquesta distinci\u00f3 i es va aplicar la mateixa taxa a tot el municipi. La proposta que hem aprovat \u00e9s distingir novament la taxa de recollida d\u2019escombraries de la urbanitzaci\u00f3 de la Pineda de Santa Cristina de la resta del municipi, aplicant en aquesta urbanitzaci\u00f3 la taxa que estableixi l\u2019Ajuntament de Rodony\u00e0, ja que \u00e9s qui hi fa el servei de recollida d\u2019escombraries\u201d.<\/span><\/p>\n<p><span style=\"color: #000000;\">L\u2019alcaldessa ha explicat que \u201chi ha previstos diversos canvis en la recollida d\u2019escombraries al municipi\u201d i ha aclarit que el servei que es far\u00e0 als altres barris \u201cno t\u00e9 res a veure amb el servei que l\u2019Ajuntament de Rodony\u00e0 ofereix a La Pineda de Santa Cristina, pel que cal aplicar-hi la taxa aprovada per l\u2019Ajuntament de Rodony\u00e0\u201d. L\u2019any 2021 ven\u00e7 la concessi\u00f3 del servei de recollida de residus de l\u2019Ajuntament de la Bisbal del Pened\u00e8s i, amb els objectius de millorar el servei i, alhora, complir els objectius que marca el Pla de Residus de Catalunya (PRECAT20), l\u2019Ajuntament ha realitzat un estudi per millorar la gesti\u00f3 dels residus al municipi, per\u00f2 aquests canvis no afectaran La Pineda de Santa Cristina i per aix\u00f2 l\u2019equip de govern considera que aquesta urbanitzaci\u00f3 ha de pagar la taxa de l\u2019Ajuntament de Rodony\u00e0, que \u00e9s qui hi fa el servei de recollida.<\/span><\/p>\n<p><span style=\"color: #000000;\">Aquesta proposta es va aprovar en el <a style=\"color: #000000;\" href=\"https:\/\/bisbalpenedes.com\/web\/2020\/10\/27\/aquest-dilluns-26-doctubre-de-2020-sha-celebrat-un-ple-extraordinari-a-lajuntament-de-la-bisbal-del-penedes\/\">Ple extraordinari del 26 d\u2019octubre de 2020<\/a>.<\/span><\/p>\n<hr \/>\n<p style=\"text-align: justify;\"><span style=\"color: #000000;\"><strong>CASTELLANO<\/strong><\/span><\/p>\n<h2 style=\"text-align: justify;\"><span style=\"color: #000000;\"><strong>La tasa de basuras de los vecinos de la Pineda de Santa Cristina que pertenecen a la Bisbal ser\u00e1 inferior en el 2021<\/strong><\/span><\/h2>\n<h2 style=\"text-align: justify;\"><span style=\"color: #000000;\"><strong>Los vecinos pagar\u00e1n la tasa de recogida aprobada por el municipio de Rodony\u00e0, que es quien gestiona el servicio de recogida en esta urbanizaci\u00f3n<\/strong><\/span><\/h2>\n<p style=\"text-align: justify;\"><span style=\"color: #000000;\">La Ordenanza Fiscal reguladora de la tasa de recogida de residuos s\u00f3lidos urbanos que se aplica en la actualidad en la urbanizaci\u00f3n de la Pineda de Santa Cristina es la misma que se aplica en los otros n\u00facleos de La Bisbal del Pened\u00e8s (fijada en 140\u20ac al a\u00f1o en el ejercicio actual). El Ayuntamiento de la Bisbal del Pened\u00e8s ha aprobado aplicar la tasa del Ayuntamiento de Rodony\u00e0 (fijada en 110\u20ac al a\u00f1o en el ejercicio actual) porque el servicio de recogida de basuras que se lleva a cabo en esta urbanizaci\u00f3n va a cargo de este municipio, ya que una parte de la urbanizaci\u00f3n pertenece a Rodony\u00e0.<\/span><\/p>\n<p style=\"text-align: justify;\"><span style=\"color: #000000;\">La alcaldesa de la Bisbal del Pened\u00e8s, Agn\u00e8s Ferr\u00e9, ha explicado que antes \u201cla ordenanza distingu\u00eda entre la tasa de recogida de basuras en todo el municipio de La Bisbal del Pened\u00e8s y la tasa aplicada en la urbanizaci\u00f3n de La Pineda de Santa Cristina. Esta ordenanza se modific\u00f3 en el Pleno del Ayuntamiento de la Bisbal del Pened\u00e8s en julio del 2012, donde se le retir\u00f3 esta distinci\u00f3n y se aplic\u00f3 la misma tasa a todo el municipio. La propuesta que he mos aprobado es distinguir de nuevo la tasa de recogida de basuras de la urbanizaci\u00f3n de la Pineda de Santa Cristina del resto del municipio, aplicando en esta urbanizaci\u00f3n la tasa que establezca el Ayuntamiento de Rodony\u00e0, ya que es quien hace el servicio de recogida de basuras\u201d.<\/span><\/p>\n<p style=\"text-align: justify;\"><span style=\"color: #000000;\">La alcaldesa ha explicado que \u201chay previstos varios cambios en la recogida de basuras en el municipio\u201d y ha aclarado que el servicio que se llevar\u00e1 a cabo en los otros barrios \u201cno tiene nada que ver con el servicio que el Ayuntamiento de Rodony\u00e0 ofrece a La Pineda de Santa Cristina, por lo que hay que aplicar la tasa aprobada por el Ayuntamiento de Rodony\u00e0\u201d. <\/span><br \/>\n<span style=\"color: #000000;\"> El a\u00f1o 2021 vence la concesi\u00f3n del servicio de recogida de residuos del Ayuntamiento de la Bisbal del Pened\u00e8s y, con los objetivos de mejorar el servicio y, a la vez, cumplir los objetivos que marca el Plan de Residuos de Catalunya (PRECAT20), el Ayuntamiento ha realizado un estudio para mejorar la gesti\u00f3n de los residuos en el municipio, pero estos cambios no afectar\u00e1n a La Pineda de Santa Cristina y por eso el equipo de gobierno considera que esta urbanizaci\u00f3n tiene que pagar la tasa del Ayuntamiento de Rodony\u00e0, que es qui\u00e9n lleva a cabo all\u00ed la recogida.<\/span><\/p>\n<p style=\"text-align: justify;\"><span style=\"color: #000000;\">Esta propuesta se aprob\u00f3 en el <a style=\"color: #000000;\" href=\"https:\/\/bisbalpenedes.com\/web\/2020\/10\/27\/aquest-dilluns-26-doctubre-de-2020-sha-celebrat-un-ple-extraordinari-a-lajuntament-de-la-bisbal-del-penedes\/\">Pleno extraordinario del 26 de octubre de 2020.<\/a><\/span><\/p>\n","protected":false},"excerpt":{"rendered":"<p>La taxa d\u2019escombraries dels ve\u00efns de la Pineda de Santa Cristina que pertanyen a la Bisbal ser\u00e0 inferior l\u2019any 2021 Els ve\u00efns pagaran la taxa de recollida aprovada pel municipi &hellip; <a href=\"https:\/\/bisbalpenedes.com\/web\/2020\/11\/06\/la-taxa-descombraries-dels-veins-de-la-pineda-de-santa-cristina-que-pertanyen-a-la-bisbal-sera-inferior-lany-2021\/\" class=\"more-link\">Read More<\/a><\/p>\n","protected":false},"author":4,"featured_media":15286,"comment_status":"closed","ping_status":"closed","sticky":false,"template":"","format":"standard","meta":[],"categories":[3215,3835,8,2250],"tags":[1479,4148,1286,623,4183],"_links":{"self":[{"href":"https:\/\/bisbalpenedes.com\/web\/wp-json\/wp\/v2\/posts\/15285"}],"collection":[{"href":"https:\/\/bisbalpenedes.com\/web\/wp-json\/wp\/v2\/posts"}],"about":[{"href":"https:\/\/bisbalpenedes.com\/web\/wp-json\/wp\/v2\/types\/post"}],"author":[{"embeddable":true,"href":"https:\/\/bisbalpenedes.com\/web\/wp-json\/wp\/v2\/users\/4"}],"replies":[{"embeddable":true,"href":"https:\/\/bisbalpenedes.com\/web\/wp-json\/wp\/v2\/comments?post=15285"}],"version-history":[{"count":3,"href":"https:\/\/bisbalpenedes.com\/web\/wp-json\/wp\/v2\/posts\/15285\/revisions"}],"predecessor-version":[{"id":15289,"href":"https:\/\/bisbalpenedes.com\/web\/wp-json\/wp\/v2\/posts\/15285\/revisions\/15289"}],"wp:featuredmedia":[{"embeddable":true,"href":"https:\/\/bisbalpenedes.com\/web\/wp-json\/wp\/v2\/media\/15286"}],"wp:attachment":[{"href":"https:\/\/bisbalpenedes.com\/web\/wp-json\/wp\/v2\/media?parent=15285"}],"wp:term":[{"taxonomy":"category","embeddable":true,"href":"https:\/\/bisbalpenedes.com\/web\/wp-json\/wp\/v2\/categories?post=15285"},{"taxonomy":"post_tag","embeddable":true,"href":"https:\/\/bisbalpenedes.com\/web\/wp-json\/wp\/v2\/tags?post=15285"}],"curies":[{"name":"wp","href":"https:\/\/api.w.org\/{rel}","templated":true}]}}