{"id":15281,"date":"2020-11-06T13:21:58","date_gmt":"2020-11-06T11:21:58","guid":{"rendered":"http:\/\/bisbalpenedes.com\/web\/?p=15281"},"modified":"2020-11-06T13:21:58","modified_gmt":"2020-11-06T11:21:58","slug":"lajuntament-de-la-bisbal-congela-les-taxes-i-impostos-per-al-2021-i-aprova-bonificacions-per-incentivar-la-installacio-dequipaments-daprofitament-denergia-solar","status":"publish","type":"post","link":"https:\/\/bisbalpenedes.com\/web\/2020\/11\/06\/lajuntament-de-la-bisbal-congela-les-taxes-i-impostos-per-al-2021-i-aprova-bonificacions-per-incentivar-la-installacio-dequipaments-daprofitament-denergia-solar\/","title":{"rendered":"L\u2019Ajuntament de la Bisbal congela les taxes i impostos per al 2021 i aprova bonificacions per incentivar la instal\u00b7laci\u00f3 d&#8217;equipaments d&#8217;aprofitament d&#8217;energia solar"},"content":{"rendered":"<h1 style=\"text-align: justify;\"><span style=\"color: #000000;\"><strong>L\u2019Ajuntament de la Bisbal del Pened\u00e8s congela les taxes i impostos per al 2021 <\/strong><\/span><\/h1>\n<h1 style=\"text-align: justify;\"><span style=\"color: #000000;\"><strong>Tamb\u00e9 ha aprovat bonificacions de l\u2019IBI i l\u2019ICIO per incentivar la instal\u00b7laci\u00f3 d\u2019equipaments d\u2019aprofitament d\u2019energia solar i ha aprovat i modificat l\u2019Ordenan\u00e7a Fiscal Reguladora de l\u2019IAE<\/strong><\/span><\/h1>\n<p style=\"text-align: justify;\"><span style=\"color: #000000;\">L\u2019Ajuntament de la Bisbal del Pened\u00e8s ha congelat les taxes i impostos per al 2021 i ha aprovat bonificacions de l\u2019Impost sobre B\u00e9ns immobles (IBI) i l\u2019Impost de Construccions, Instal\u00b7lacions i Obres (ICIO) <a href=\"https:\/\/bisbalpenedes.com\/web\/2020\/10\/27\/aquest-dilluns-26-doctubre-de-2020-sha-celebrat-un-ple-extraordinari-a-lajuntament-de-la-bisbal-del-penedes\/\" target=\"_blank\">en el Ple extraordinari celebrat el 26 d\u2019octubre.<\/a><\/span><\/p>\n<h3 style=\"text-align: justify;\"><span style=\"color: #000000;\"><strong>Aprovaci\u00f3 i modificaci\u00f3 de l\u2019ordenan\u00e7a de l\u2019IBI<\/strong><\/span><\/h3>\n<p style=\"text-align: justify;\"><span style=\"color: #000000;\">L\u2019ordenan\u00e7a actual es va aprovar el setembre de 2007 per Ple i va entrar en vigor el gener de 2008. Ara l\u2019Ajuntament ha cregut oport\u00fa actualitzar-la adherint-se <a href=\"https:\/\/www.diputaciodetarragona.cat\/ebop\/index.php?op=dwn&amp;tipus=i&amp;data=20200805&amp;anyp=2020&amp;num=05412&amp;v=i\" target=\"_blank\">al text \u00edntegre que ha aprovat Base-Gesti\u00f3 d\u2019Ingressos de la Diputaci\u00f3 de Tarragona<\/a>, atenent criteris d\u2019efici\u00e8ncia i economia en la gesti\u00f3, i aprovar una bonificaci\u00f3 per a la instal\u00b7laci\u00f3 de sistemes per a l\u2019aprofitament t\u00e8rmic o el\u00e8ctric de l\u2019energia solar. El tipus que s\u2019aplicava fins ara no varia i, per tant, <strong>no s\u2019apuja l\u2019IBI.<\/strong> L\u2019Ajuntament afegir\u00e0 ara les seg\u00fcents bonificacions:<\/span><\/p>\n<p style=\"padding-left: 30px; text-align: justify;\"><span style=\"color: #000000;\">-Del 50% de la quota \u00edntegra de l\u2019IBI, de naturalesa urbana o r\u00fastica, en els quals s\u2019hagin instal\u00b7lat sistemes per a l\u2019aprofitament t\u00e8rmic o el\u00e8ctric de l\u2019energia procedent del sol, destinats a habitatge, tant unifamiliar com plurifamiliar.<\/span><\/p>\n<p style=\"padding-left: 30px; text-align: justify;\"><span style=\"color: #000000;\">-Del 30% de la quota \u00edntegra de l\u2019IBI, de naturalesa urbana o r\u00fastica, en els quals s\u2019hagin instal\u00b7lat sistemes per a l\u2019aprofitament t\u00e8rmic o el\u00e8ctric de l\u2019energia procedent del sol, destinats a altres usos.<\/span><\/p>\n<p style=\"text-align: justify;\"><span style=\"color: #000000;\">Aquestes bonificacions se sumen a les ja existents per a l\u2019habitatge habitual de fam\u00edlies nombroses, per a b\u00e9ns r\u00fastics de les cooperatives agr\u00e0ries i d\u2019explotaci\u00f3 comunit\u00e0ria de la terra, per als habitatges en r\u00e8gim de protecci\u00f3 oficial i per als immobles que constitueixin l\u2019objecte de l\u2019activitat de les empreses d\u2019urbanitzaci\u00f3, construcci\u00f3 i promoci\u00f3 immobili\u00e0ria, tant d\u2019obra nova com de rehabilitaci\u00f3 equiparable a aquesta, i no figurin entre els b\u00e9ns del seu immobilitzat.<\/span><\/p>\n<h3 style=\"text-align: justify;\"><span style=\"color: #000000;\"><strong>Aprovaci\u00f3 i modificaci\u00f3 de l\u2019ordenan\u00e7a de l\u2019ICIO<\/strong><\/span><\/h3>\n<p style=\"text-align: justify;\"><span style=\"color: #000000;\">El Ple del 16 de mar\u00e7 de 2020 va aprovar derogar l\u2019Ordenan\u00e7a Fiscal n\u00fam. 23 Reguladora de la taxa per a l\u2019atorgament de llic\u00e8ncies urban\u00edstiques i ara s\u2019ha aprovat l\u2019adhesi\u00f3 al text \u00edntegre que ha aprovat i publicat \u2013al BOPT del 5 d\u2019agost de 2020- BASE \u2013 Gesti\u00f3 d\u2019Ingressos de la Diputaci\u00f3 de Tarragona, aix\u00ed com el seu annex, amb les determinacions espec\u00edfiques per al municipi de la Bisbal, tenint en compte criteris d\u2019efici\u00e8ncia econ\u00f2mica i de la gesti\u00f3. Tamb\u00e9 s\u2019ha aprovat una bonificaci\u00f3 per a la instal\u00b7laci\u00f3 de sistemes per a l\u2019aprofitament t\u00e8rmic o el\u00e8ctric de l\u2019energia solar d\u2019un 50% de la quota \u00edntegra de l\u2019ICIO per a llic\u00e8ncies que incorporin sistemes per a l\u2019aprofitament t\u00e8rmic o el\u00e8ctric de l\u2019energia solar. Les instal\u00b7lacions per a la producci\u00f3 de calor hauran d\u2019incloure col\u00b7lectors que disposin de la corresponent homologaci\u00f3 de l\u2019Administraci\u00f3 pertinent. No s\u2019aplicar\u00e0 la bonificaci\u00f3 quan la instal\u00b7laci\u00f3 dels sistemes per a l\u2019aprofitament t\u00e8rmic o el\u00e8ctric de l\u2019energia procedent del sol sigui obligat\u00f2ria d\u2019acord amb la normativa espec\u00edfica.<\/span><\/p>\n<h3 style=\"text-align: justify;\"><span style=\"color: #000000;\"><strong>Aprovar i modificar l\u2019Ordenan\u00e7a Fiscal Reguladora de l\u2019IAE<\/strong><\/span><\/h3>\n<p style=\"text-align: justify;\"><span style=\"color: #000000;\">El Ple extraordinari del 26 d\u2019octubre tamb\u00e9 va aprovar l\u2019Ordenan\u00e7a Fiscal Reguladora de l\u2019Impost sobre Activitats Econ\u00f2miques (IAE) amb l\u2019adhesi\u00f3 al text \u00edntegre aprovat per BASE \u2013 Gesti\u00f3 d\u2019Ingressos de la Diputaci\u00f3 de Tarragona l\u2019agost de 2020, establint els mateixos criteris de ponderaci\u00f3 i una escala de coeficients de situaci\u00f3.<\/span><\/p>\n<p style=\"text-align: justify;\"><span style=\"color: #000000;\">Els criteris de ponderaci\u00f3 que es mantenen s\u00f3n els seg\u00fcents:<\/span><\/p>\n<table>\n<tbody>\n<tr>\n<td width=\"366\"><span style=\"color: #000000;\"><strong>Import net xifra de negocis (euros)<\/strong><\/span><\/td>\n<td width=\"61\"><span style=\"color: #000000;\"><strong>Coeficient<\/strong><\/span><\/td>\n<\/tr>\n<tr>\n<td width=\"366\"><span style=\"color: #000000;\">De 1.000.000,00 fins a 5.000.000,00 \u20ac<\/span><\/td>\n<td width=\"61\"><span style=\"color: #000000;\">1,29<\/span><\/td>\n<\/tr>\n<tr>\n<td width=\"366\"><span style=\"color: #000000;\">De 5.000.000,00 fins a 10.000.000,00\u20ac<\/span><\/td>\n<td width=\"61\"><span style=\"color: #000000;\">1,30<\/span><\/td>\n<\/tr>\n<tr>\n<td width=\"366\"><span style=\"color: #000000;\">De 10.000.000 fins a 50.000.000,00\u20ac<\/span><\/td>\n<td width=\"61\"><span style=\"color: #000000;\">1,32<\/span><\/td>\n<\/tr>\n<tr>\n<td width=\"366\"><span style=\"color: #000000;\">De 50.000.000 fins a 100.000.000,00\u20ac<\/span><\/td>\n<td width=\"61\"><span style=\"color: #000000;\">1,33<\/span><\/td>\n<\/tr>\n<tr>\n<td width=\"366\"><span style=\"color: #000000;\">M\u00e9s de 100.000.000,00\u20ac<\/span><\/td>\n<td width=\"61\"><span style=\"color: #000000;\">1,35<\/span><\/td>\n<\/tr>\n<tr>\n<td width=\"366\"><span style=\"color: #000000;\">Sense xifra neta de negoci o activitat iniciada el 2020<\/span><\/td>\n<td width=\"61\"><span style=\"color: #000000;\">1,31<\/span><\/td>\n<\/tr>\n<\/tbody>\n<\/table>\n<p style=\"text-align: justify;\"><span style=\"color: #000000;\">I el coeficient de situaci\u00f3, que fins ara era d\u2019un 2,8 aplicable a tot el municipi, s\u2019ha modificat per un coeficient de situaci\u00f3 per categories:<\/span><\/p>\n<p style=\"padding-left: 30px; text-align: justify;\"><span style=\"color: #000000;\"><strong>1a categoria:<\/strong> l\u2019\u00edndex actual de 2,8, que correspon a les activitats que es desenvolupen a la zona industrial, als dos pol\u00edgons industrials del municipi: les Planes i les Planes baixes. Per tant, en aquest cas no hi ha canvis.<\/span><\/p>\n<p style=\"padding-left: 30px; text-align: justify;\"><span style=\"color: #000000;\"><strong>2a categoria:<\/strong> amb un \u00edndex de 2,7, que correspon a les activitats que es desenvolupen en zones agr\u00edcoles i industrials a\u00efllades de la trama urbana.<\/span><\/p>\n<p style=\"padding-left: 30px; text-align: justify;\"><span style=\"color: #000000;\"><strong>3a categoria:<\/strong> amb un \u00edndex de 2,6, que correspon a les activitats que es desenvolupen al nucli urb\u00e0, a l\u2019Ortig\u00f3s o a una de les urbanitzacions del municipi.<\/span><\/p>\n<p style=\"text-align: justify;\"><span style=\"color: #000000;\">Ara les modificacions aprovades inicialment han de passar un termini d\u2019exposici\u00f3 p\u00fablica i, en cas de no presentar-se reclamacions dins del termini establert, els acords del Ple esdevindran definitius.<\/span><\/p>\n<hr \/>\n<p style=\"text-align: justify;\"><span style=\"color: #000000;\"><strong>CASTELLANO<\/strong><\/span><\/p>\n<h2 style=\"text-align: justify;\"><span style=\"color: #000000;\"><strong>El Ayuntamiento de la Bisbal del Pened\u00e8s congela las tasas e impuestos para el 2021<\/strong><\/span><\/h2>\n<h2 style=\"text-align: justify;\"><span style=\"color: #000000;\"><strong>Tambi\u00e9n ha aprobado bonificaciones del IBI y el ICIO para incentivar la instalaci\u00f3n de equipamientos de aprovechamiento de energ\u00eda solar y ha aprobado y modificado la Ordenanza Fiscal Reguladora del IAE<\/strong><\/span><\/h2>\n<p style=\"text-align: justify;\"><span style=\"color: #000000;\">El Ayuntamiento de la Bisbal del Pened\u00e8s ha congelado las tasas e impuestos para el 2021 y ha aprobado bonificaciones del Impuesto sobre Bienes Inmuebles (IBI) y el Impuesto de Construcciones, Instalaciones y Obras (ICIO) <a href=\"https:\/\/bisbalpenedes.com\/web\/2020\/10\/27\/aquest-dilluns-26-doctubre-de-2020-sha-celebrat-un-ple-extraordinari-a-lajuntament-de-la-bisbal-del-penedes\/\" target=\"_blank\">en el Pleno extraordinario celebrado el 26 de octubre.<\/a><\/span><\/p>\n<h3 style=\"text-align: justify;\"><span style=\"color: #000000;\"><strong>Aprobaci\u00f3n y modificaci\u00f3n de la ordenanza del IBI<\/strong><\/span><\/h3>\n<p style=\"text-align: justify;\"><span style=\"color: #000000;\">La ordenanza actual se aprob\u00f3 en septiembre de 2007 por Pleno y entr\u00f3 en vigor en enero de 2008. Ahora el Ayuntamiento ha cre\u00eddo oportuno actualizarla adhiri\u00e9ndose <a href=\"https:\/\/www.diputaciodetarragona.cat\/ebop\/index.php?op=dwn&amp;tipus=i&amp;data=20200805&amp;anyp=2020&amp;num=05412&amp;v=i\" target=\"_blank\">al texto \u00edntegro que ha aprobado Base-Gesti\u00f3n de Ingresos de la Diputaci\u00f3n de Tarragona<\/a>, atendiendo a criterios de eficiencia y econom\u00eda en la gesti\u00f3n, y aprobar una bonificaci\u00f3n para la instalaci\u00f3n de sistemas para el aprovechamiento t\u00e9rmico o el\u00e9ctrico de la energ\u00eda solar. El tipo que se aplicaba hasta ahora no var\u00eda y, por lo tanto, no se sube el IBI. El Ayuntamiento a\u00f1adir\u00e1 las siguientes bonificaciones:<\/span><\/p>\n<p style=\"padding-left: 30px; text-align: justify;\"><span style=\"color: #000000;\">-Del 50% de la cuota \u00edntegra del IBI, de naturaleza urbana o r\u00fastica, en los que se hayan instalado sistemas para el aprovechamiento t\u00e9rmico o el\u00e9ctrico de la energ\u00eda procedente del sol, destinados a vivienda, tanto unifamiliar como plurifamiliar.<\/span><\/p>\n<p style=\"padding-left: 30px; text-align: justify;\"><span style=\"color: #000000;\">-Del 30% de la cuota \u00edntegra del IBI, de naturaleza urbana o r\u00fastica, en los que se hayan instalado sistemas para el aprovechamiento t\u00e9rmico o el\u00e9ctrico de la energ\u00eda procedente del sol, el aprovechamiento t\u00e9rmico o el\u00e9ctrico de la energ\u00eda procedente del sol, destinados a otros usos.<\/span><\/p>\n<p style=\"text-align: justify;\"><span style=\"color: #000000;\">Estas bonificaciones se suman a las ya existentes para la vivienda habitual de familias numerosas, para bienes r\u00fasticos de las cooperativas agrarias y de explotaci\u00f3n comunitaria de la tierra, para las viviendas en r\u00e9gimen de protecci\u00f3n oficial y para los inmuebles que constituyen el objeto de la actividad de las empresas de urbanizaci\u00f3n, construcci\u00f3n y promoci\u00f3n inmobiliaria, tanto de obra nueva como de rehabilitaci\u00f3n equiparable a esta, y no figuren entre los bienes de su inmobilizado.<\/span><\/p>\n<h3 style=\"text-align: justify;\"><span style=\"color: #000000;\"><strong>Aprobaci\u00f3n y modificaci\u00f3n de la ordenanza del ICIO<\/strong><\/span><\/h3>\n<p style=\"text-align: justify;\"><span style=\"color: #000000;\">El Pleno del 16 de marzo de 2020 aprob\u00f3 derogar la Ordenanza Fiscal n\u00fam. 23 Reguladora de la tasa para el otorgamiento de licencias urban\u00edsticas y ahora se ha aprobado la adhesi\u00f3n al texto \u00edntegro que ha aprobado y publicado \u2013en el BOPT del 5 de agosto de 2020- BASE \u2013 Gesti\u00f3 d\u2019Ingressos de la Diputaci\u00f3 de Tarragona, as\u00ed como su anexo, con las determinaciones espec\u00edficas para el municipio de la Bisbal, teniendo en cuenta criterios de eficiencia econ\u00f3mica y de la gesti\u00f3n. Tambi\u00e9n se ha aprobado una bonificaci\u00f3n por la instalaci\u00f3n de sistemas para el aprovechamiento t\u00e9rmico o el\u00e9ctrico de la energ\u00eda solar de un 50% de la cuota \u00edntegra del ICIO para licencias que incorporen sistemas para el aprovechamiento t\u00e9rmico o el\u00e9ctrico de la energ\u00eda solar. Las instalaciones para la producci\u00f3n de calor deber\u00e1n incluir colectores que dispongan de la correspondiente homologaci\u00f3n de la Administraci\u00f3n pertinente. No se aplicar\u00e1 la bonificaci\u00f3n cuando la instalaci\u00f3n de los sistemas para el aprovechamiento t\u00e9rmico o el\u00e9ctrico de la energ\u00eda procedente del sol sea obligatoria de acuerdo con la normativa especifica.<\/span><\/p>\n<h3 style=\"text-align: justify;\"><span style=\"color: #000000;\"><strong>Aprobar y modificar la Ordenanza Fiscal Reguladora del IAE<\/strong><\/span><\/h3>\n<p style=\"text-align: justify;\"><span style=\"color: #000000;\">El Pleno extraordinario del 26 de octubre tambi\u00e9n aprob\u00f3 la Ordenanza Fiscal Reguladora del Impuesto sobre Actividades Econ\u00f3micas (IAE) con la adhesi\u00f3n al texto \u00edntegro aprobado por BASE \u2013 Gesti\u00f3n de Ingresos de la Diputaci\u00f3n de Tarragona en agosto de 2020, estableciendo los mismos criterios de ponderaci\u00f3n y una escala de coeficientes de situaci\u00f3n.<\/span><\/p>\n<p style=\"text-align: justify;\"><span style=\"color: #000000;\">Los criterios de ponderaci\u00f3n que se mantienen son los siguientes:<\/span><\/p>\n<table>\n<tbody>\n<tr>\n<td width=\"366\"><span style=\"color: #000000;\"><strong>Importe neto cifra de negocios (euros)<\/strong><\/span><\/td>\n<td width=\"61\"><span style=\"color: #000000;\"><strong>Coeficiente<\/strong><\/span><\/td>\n<\/tr>\n<tr>\n<td width=\"366\"><span style=\"color: #000000;\">De 1.000.000,00 hasta 5.000.000,00 \u20ac<\/span><\/td>\n<td width=\"61\"><span style=\"color: #000000;\">1,29<\/span><\/td>\n<\/tr>\n<tr>\n<td width=\"366\"><span style=\"color: #000000;\">De 5.000.000,00 hasta 10.000.000,00\u20ac<\/span><\/td>\n<td width=\"61\"><span style=\"color: #000000;\">1,30<\/span><\/td>\n<\/tr>\n<tr>\n<td width=\"366\"><span style=\"color: #000000;\">De 10.000.000 hasta 50.000.000,00\u20ac<\/span><\/td>\n<td width=\"61\"><span style=\"color: #000000;\">1,32<\/span><\/td>\n<\/tr>\n<tr>\n<td width=\"366\"><span style=\"color: #000000;\">De 50.000.000 hasta 100.000.000,00\u20ac<\/span><\/td>\n<td width=\"61\"><span style=\"color: #000000;\">1,33<\/span><\/td>\n<\/tr>\n<tr>\n<td width=\"366\"><span style=\"color: #000000;\">M\u00e1s de 100.000.000,00\u20ac<\/span><\/td>\n<td width=\"61\"><span style=\"color: #000000;\">1,35<\/span><\/td>\n<\/tr>\n<tr>\n<td width=\"366\"><span style=\"color: #000000;\">Sin cifra neta de negocio o actividad iniciada en 2020<\/span><\/td>\n<td width=\"61\"><span style=\"color: #000000;\">1,31<\/span><\/td>\n<\/tr>\n<\/tbody>\n<\/table>\n<p style=\"text-align: justify;\"><span style=\"color: #000000;\">Y el coeficiente de situaci\u00f3n, que hasta ahora era de un 2,8 aplicable a todo el municipio, se ha modificado por un coeficiente de situaci\u00f3n por categor\u00edas:<\/span><\/p>\n<p style=\"padding-left: 30px; text-align: justify;\"><span style=\"color: #000000;\"><strong>1a categor\u00eda:<\/strong> el \u00edndice actual de 2,8, que corresponde a las actividades que se desarrollan en la zona industrial, a los dos pol\u00edgonos industriales del municipio: Les Planes y Les Planes Baixes. Por lo tanto, en este caso no hay cambios.<\/span><\/p>\n<p style=\"padding-left: 30px; text-align: justify;\"><span style=\"color: #000000;\"><strong>2a categor\u00eda:<\/strong> con un \u00edndice de 2,7 que corresponde a las actividades que se desarrollan en zonas agr\u00edcolas e industriales aisladas de la trama urbana.<\/span><\/p>\n<p style=\"padding-left: 30px; text-align: justify;\"><span style=\"color: #000000;\"><strong>3a categor\u00eda:<\/strong> con un \u00edndice de 2,6, que corresponde a las actividades que se desarrollan en el n\u00facleo urbano, en l\u2019Ortig\u00f3s o en una de las urbanizaciones del municipio.<\/span><\/p>\n<p style=\"text-align: justify;\"><span style=\"color: #000000;\">Ahora as modificaciones aprobadas inicialmente deben pasar un per\u00edodo de exposici\u00f3n p\u00fablica y, en caso de no presentarse reclamaciones dentro del plazo establecido, los acuerdos del Pleno ser\u00e1n definitivos.<\/span><\/p>\n","protected":false},"excerpt":{"rendered":"<p>L\u2019Ajuntament de la Bisbal del Pened\u00e8s congela les taxes i impostos per al 2021 Tamb\u00e9 ha aprovat bonificacions de l\u2019IBI i l\u2019ICIO per incentivar la instal\u00b7laci\u00f3 d\u2019equipaments d\u2019aprofitament d\u2019energia solar &hellip; <a href=\"https:\/\/bisbalpenedes.com\/web\/2020\/11\/06\/lajuntament-de-la-bisbal-congela-les-taxes-i-impostos-per-al-2021-i-aprova-bonificacions-per-incentivar-la-installacio-dequipaments-daprofitament-denergia-solar\/\" class=\"more-link\">Read More<\/a><\/p>\n","protected":false},"author":4,"featured_media":13964,"comment_status":"closed","ping_status":"closed","sticky":false,"template":"","format":"standard","meta":[],"categories":[8],"tags":[4179,4181,4182,2430,978,4110,4178,4180,139],"_links":{"self":[{"href":"https:\/\/bisbalpenedes.com\/web\/wp-json\/wp\/v2\/posts\/15281"}],"collection":[{"href":"https:\/\/bisbalpenedes.com\/web\/wp-json\/wp\/v2\/posts"}],"about":[{"href":"https:\/\/bisbalpenedes.com\/web\/wp-json\/wp\/v2\/types\/post"}],"author":[{"embeddable":true,"href":"https:\/\/bisbalpenedes.com\/web\/wp-json\/wp\/v2\/users\/4"}],"replies":[{"embeddable":true,"href":"https:\/\/bisbalpenedes.com\/web\/wp-json\/wp\/v2\/comments?post=15281"}],"version-history":[{"count":1,"href":"https:\/\/bisbalpenedes.com\/web\/wp-json\/wp\/v2\/posts\/15281\/revisions"}],"predecessor-version":[{"id":15283,"href":"https:\/\/bisbalpenedes.com\/web\/wp-json\/wp\/v2\/posts\/15281\/revisions\/15283"}],"wp:featuredmedia":[{"embeddable":true,"href":"https:\/\/bisbalpenedes.com\/web\/wp-json\/wp\/v2\/media\/13964"}],"wp:attachment":[{"href":"https:\/\/bisbalpenedes.com\/web\/wp-json\/wp\/v2\/media?parent=15281"}],"wp:term":[{"taxonomy":"category","embeddable":true,"href":"https:\/\/bisbalpenedes.com\/web\/wp-json\/wp\/v2\/categories?post=15281"},{"taxonomy":"post_tag","embeddable":true,"href":"https:\/\/bisbalpenedes.com\/web\/wp-json\/wp\/v2\/tags?post=15281"}],"curies":[{"name":"wp","href":"https:\/\/api.w.org\/{rel}","templated":true}]}}