{"id":15276,"date":"2020-11-06T12:45:02","date_gmt":"2020-11-06T10:45:02","guid":{"rendered":"http:\/\/bisbalpenedes.com\/web\/?p=15276"},"modified":"2020-11-06T12:45:26","modified_gmt":"2020-11-06T10:45:26","slug":"avis-per-intensitat-de-pluja-tempestes-i-possibles-fenomens-de-temps-violent-per-dema-dissabte","status":"publish","type":"post","link":"https:\/\/bisbalpenedes.com\/web\/2020\/11\/06\/avis-per-intensitat-de-pluja-tempestes-i-possibles-fenomens-de-temps-violent-per-dema-dissabte\/","title":{"rendered":"Av\u00eds per intensitat de pluja, tempestes i possibles fen\u00f2mens de temps violent per al dissabte 7 de novembre de 2020"},"content":{"rendered":"<div class=\"kvgmc6g5 cxmmr5t8 oygrvhab hcukyx3x c1et5uql ii04i59q\">\n<div dir=\"auto\"><span style=\"color: #000000;\">El Servei Meteorol\u00f2gic de Catalunya ha publicat un av\u00eds per intensitat de pluja, tempestes i possibles fen\u00f2mens de temps violent per dem\u00e0 dissabte. Extremeu les precaucions.<\/span><\/div>\n<\/div>\n<div class=\"o9v6fnle cxmmr5t8 oygrvhab hcukyx3x c1et5uql ii04i59q\">\n<div dir=\"auto\">\n<hr \/>\n<\/div>\n<div dir=\"auto\"><span style=\"color: #000000;\">El Servei Meteorol\u00f2gic de Catalunya ha publicado un aviso por intensidad de lluvia, tormentas y posibles fen\u00f3menos de tiempo violento para ma\u00f1ana s\u00e1bado. Extremad las precauciones.<\/span><\/div>\n<div dir=\"auto\"><\/div>\n<div dir=\"auto\"><a href=\"http:\/\/bisbalpenedes.com\/web\/wp-content\/uploads\/2020\/11\/201107-AVIS-INTENSITAT-PLUJA.jpg\"><img loading=\"lazy\" class=\"aligncenter wp-image-15278\" src=\"http:\/\/bisbalpenedes.com\/web\/wp-content\/uploads\/2020\/11\/201107-AVIS-INTENSITAT-PLUJA.jpg\" alt=\"201107 AVIS INTENSITAT PLUJA\" width=\"811\" height=\"1081\" srcset=\"https:\/\/bisbalpenedes.com\/web\/wp-content\/uploads\/2020\/11\/201107-AVIS-INTENSITAT-PLUJA.jpg 1536w, https:\/\/bisbalpenedes.com\/web\/wp-content\/uploads\/2020\/11\/201107-AVIS-INTENSITAT-PLUJA-600x800.jpg 600w, https:\/\/bisbalpenedes.com\/web\/wp-content\/uploads\/2020\/11\/201107-AVIS-INTENSITAT-PLUJA-225x300.jpg 225w, https:\/\/bisbalpenedes.com\/web\/wp-content\/uploads\/2020\/11\/201107-AVIS-INTENSITAT-PLUJA-768x1024.jpg 768w\" sizes=\"(max-width: 811px) 100vw, 811px\" \/><\/a><\/div>\n<div dir=\"auto\"><a href=\"http:\/\/bisbalpenedes.com\/web\/wp-content\/uploads\/2020\/08\/FORTES-PLUGES-I-INUNDACIONS.jpg\"><img loading=\"lazy\" class=\"aligncenter size-full wp-image-14430\" src=\"http:\/\/bisbalpenedes.com\/web\/wp-content\/uploads\/2020\/08\/FORTES-PLUGES-I-INUNDACIONS.jpg\" alt=\"FORTES PLUGES I INUNDACIONS\" width=\"713\" height=\"949\" srcset=\"https:\/\/bisbalpenedes.com\/web\/wp-content\/uploads\/2020\/08\/FORTES-PLUGES-I-INUNDACIONS.jpg 713w, https:\/\/bisbalpenedes.com\/web\/wp-content\/uploads\/2020\/08\/FORTES-PLUGES-I-INUNDACIONS-600x799.jpg 600w, https:\/\/bisbalpenedes.com\/web\/wp-content\/uploads\/2020\/08\/FORTES-PLUGES-I-INUNDACIONS-225x300.jpg 225w\" sizes=\"(max-width: 713px) 100vw, 713px\" \/><\/a><\/div>\n<\/div>\n<div class=\"o9v6fnle cxmmr5t8 oygrvhab hcukyx3x c1et5uql ii04i59q\"><\/div>\n","protected":false},"excerpt":{"rendered":"<p>El Servei Meteorol\u00f2gic de Catalunya ha publicat un av\u00eds per intensitat de pluja, tempestes i possibles fen\u00f2mens de temps violent per dem\u00e0 dissabte. Extremeu les precaucions. El Servei Meteorol\u00f2gic de &hellip; <a href=\"https:\/\/bisbalpenedes.com\/web\/2020\/11\/06\/avis-per-intensitat-de-pluja-tempestes-i-possibles-fenomens-de-temps-violent-per-dema-dissabte\/\" class=\"more-link\">Read More<\/a><\/p>\n","protected":false},"author":4,"featured_media":15278,"comment_status":"closed","ping_status":"closed","sticky":false,"template":"","format":"standard","meta":[],"categories":[1628,2543,8],"tags":[],"_links":{"self":[{"href":"https:\/\/bisbalpenedes.com\/web\/wp-json\/wp\/v2\/posts\/15276"}],"collection":[{"href":"https:\/\/bisbalpenedes.com\/web\/wp-json\/wp\/v2\/posts"}],"about":[{"href":"https:\/\/bisbalpenedes.com\/web\/wp-json\/wp\/v2\/types\/post"}],"author":[{"embeddable":true,"href":"https:\/\/bisbalpenedes.com\/web\/wp-json\/wp\/v2\/users\/4"}],"replies":[{"embeddable":true,"href":"https:\/\/bisbalpenedes.com\/web\/wp-json\/wp\/v2\/comments?post=15276"}],"version-history":[{"count":2,"href":"https:\/\/bisbalpenedes.com\/web\/wp-json\/wp\/v2\/posts\/15276\/revisions"}],"predecessor-version":[{"id":15280,"href":"https:\/\/bisbalpenedes.com\/web\/wp-json\/wp\/v2\/posts\/15276\/revisions\/15280"}],"wp:featuredmedia":[{"embeddable":true,"href":"https:\/\/bisbalpenedes.com\/web\/wp-json\/wp\/v2\/media\/15278"}],"wp:attachment":[{"href":"https:\/\/bisbalpenedes.com\/web\/wp-json\/wp\/v2\/media?parent=15276"}],"wp:term":[{"taxonomy":"category","embeddable":true,"href":"https:\/\/bisbalpenedes.com\/web\/wp-json\/wp\/v2\/categories?post=15276"},{"taxonomy":"post_tag","embeddable":true,"href":"https:\/\/bisbalpenedes.com\/web\/wp-json\/wp\/v2\/tags?post=15276"}],"curies":[{"name":"wp","href":"https:\/\/api.w.org\/{rel}","templated":true}]}}