{"id":15272,"date":"2020-11-06T11:02:54","date_gmt":"2020-11-06T09:02:54","guid":{"rendered":"http:\/\/bisbalpenedes.com\/web\/?p=15272"},"modified":"2020-11-06T11:10:37","modified_gmt":"2020-11-06T09:10:37","slug":"lordre-del-dia-de-la-propera-junta-de-govern-inclou-quatre-punts-amb-competencies-delegades-del-ple","status":"publish","type":"post","link":"https:\/\/bisbalpenedes.com\/web\/2020\/11\/06\/lordre-del-dia-de-la-propera-junta-de-govern-inclou-quatre-punts-amb-competencies-delegades-del-ple\/","title":{"rendered":"L\u2019ordre del dia de la propera Junta de Govern inclou quatre punts amb Compet\u00e8ncies Delegades del Ple"},"content":{"rendered":"<p style=\"text-align: justify;\"><a href=\"http:\/\/bisbalpenedes.com\/web\/wp-content\/uploads\/2020\/10\/201026-JDG.jpeg\"><img loading=\"lazy\" class=\"aligncenter size-large wp-image-15191\" src=\"http:\/\/bisbalpenedes.com\/web\/wp-content\/uploads\/2020\/10\/201026-JDG-1024x577.jpeg\" alt=\"201026 JDG\" width=\"630\" height=\"355\" srcset=\"https:\/\/bisbalpenedes.com\/web\/wp-content\/uploads\/2020\/10\/201026-JDG.jpeg 1024w, https:\/\/bisbalpenedes.com\/web\/wp-content\/uploads\/2020\/10\/201026-JDG-600x338.jpeg 600w, https:\/\/bisbalpenedes.com\/web\/wp-content\/uploads\/2020\/10\/201026-JDG-300x169.jpeg 300w, https:\/\/bisbalpenedes.com\/web\/wp-content\/uploads\/2020\/10\/201026-JDG-768x433.jpeg 768w\" sizes=\"(max-width: 630px) 100vw, 630px\" \/><\/a><\/p>\n<p>&nbsp;<\/p>\n<p style=\"text-align: justify;\"><span style=\"color: #000000;\">La Junta de Govern del dilluns 9 de novembre inclou quatre punts amb Compet\u00e8ncies Delegades del Ple:<\/span><\/p>\n<p style=\"padding-left: 30px; text-align: justify;\"><span style=\"color: #000000;\">-Tres propostes de contractaci\u00f3, mitjan\u00e7ant l\u2019Acord marc del Consell Comarcal del Baix Pened\u00e8s, de defensa en tres recursos contenciosos administratius interposats per FCC Aqualia SA, Club Siglo XX i un ciutad\u00e0<\/span><\/p>\n<p style=\"padding-left: 30px; text-align: justify;\"><span style=\"color: #000000;\">-Una proposta de revisi\u00f3 de preus del 2019, corresponent al servei de recollida de residus, contemplada en el contracte de 2011.<\/span><\/p>\n<p style=\"text-align: justify;\"><span style=\"color: #000000;\">Les contractacions dels serveis jur\u00eddics s\u00f3n atribu\u00efbles al Ple perqu\u00e8 la durada del servei \u00e9s indeterminada, ja que es contracten els serveis per a la defensa de l\u2019Ajuntament en recursos contenciosos que no tenen una durada definida i la revisi\u00f3 de preus del 2019, corresponent al servei de recollida de residus que es contempla en el contracte de 2011, tamb\u00e9 seria una compet\u00e8ncia del Ple.<\/span><\/p>\n<p style=\"text-align: justify;\"><span style=\"color: #000000;\">No obstant aix\u00f2, la Junta de Govern t\u00e9 compet\u00e8ncies delegades del Ple, segons l\u2019acord del Ple extraordinari del 4 de juliol de 2019 de Delegaci\u00f3 de determinades Compet\u00e8ncies del Ple a favor de la Junta de Govern i, per aquest motiu, els acords es votaran en la Junta de Govern local prevista per al dilluns 9 de novembre de 2020. Les sessions de la Junta de Govern Local no s\u00f3n p\u00fabliques per\u00f2 quan s\u2019actua amb compet\u00e8ncies delegades del Ple, la sessi\u00f3 se sotmet als mateixos requisits de publicitat que les sessions del Ple, que s\u00ed que s\u00f3n p\u00fabliques. Aix\u00ed ho va declarar la STS 161\/2013, de 26 de setembre.<\/span><\/p>\n<p style=\"text-align: justify;\"><span style=\"color: #000000;\">Tenint en compte les mesures preses per evitar la propagaci\u00f3 de la COVID-19, aquests punts de l\u2019ordre del dia de la Junta de Govern Local no es votaran amb p\u00fablic, sin\u00f3 que es gravaran i es publicar\u00e0 posteriorment el v\u00eddeo per poder garantir aix\u00ed la seva publicitat.<\/span><\/p>\n<p style=\"text-align: justify;\"><span style=\"color: #000000;\">Per tot plegat, els regidors i regidores de l\u2019oposici\u00f3 -que no formem part de la Junta de Govern local- han rebut la informaci\u00f3 sobre les quatre propostes a la seva b\u00fastia de correu electr\u00f2nic.<\/span><\/p>\n<hr \/>\n<p style=\"text-align: justify;\"><span style=\"color: #000000;\">\u00a0<strong>CASTELLANO |<\/strong> La Junta de Gobierno del lunes 9 de noviembre incluye cuatro puntos con Competencias Delegadas del Pleno:<\/span><\/p>\n<p style=\"padding-left: 30px; text-align: justify;\"><span style=\"color: #000000;\">-Tres propuestas de contrataci\u00f3n, mediante el Acuerdo marco del Consell Comarcal del Baix Pened\u00e8s, de defensa en tres recursos contenciosos administrativos interpuestos por FCC Aqualia SA, Club Siglo XX y un ciudadano.<\/span><\/p>\n<p style=\"padding-left: 30px; text-align: justify;\"><span style=\"color: #000000;\">-Una propuesta de revisi\u00f3n de precios del 2019, correspondiente al servicio de recogida de residuos, contemplada en el contrato del 2011.<\/span><\/p>\n<p style=\"text-align: justify;\"><span style=\"color: #000000;\">Las contrataciones de los servicios jur\u00eddicos son atribuibles al Pleno porque la duraci\u00f3n del servicio es indeterminada, ya que se contratan los servicios para la defensa del Ayuntamiento en recursos contenciosos que no tienen una duraci\u00f3n definida y la revisi\u00f3n de precios del 2019, correspondiente al servicio de recogida que se contempla en el contrato de 2011, tambi\u00e9n ser\u00eda una competencia del Pleno.<\/span><\/p>\n<p style=\"text-align: justify;\"><span style=\"color: #000000;\">No obstante, la Junta de Gobierno tiene competencias delegadas del Pleno, seg\u00fan el acuerdo del Pleno extraordinario del 4 de julio de 2019 de Delegaci\u00f3n de determinadas Competencias del Pleno a favor de la Junta de Gobierno y, por este motivo, los acuerdos se votar\u00e1n en la Junta de Gobierno local prevista para el lunes 9 de noviembre de 2020. Las sesiones de la Junta de Gobierno Local no son p\u00fablicas pero cuando se act\u00faa con competencias delegadas del Pleno, la sesi\u00f3n se somete a los mismos requisitos de publicidad que las sesiones del Pleno, que s\u00ed son p\u00fablicas. As\u00ed lo declar\u00f3 la STS 161\/2013, de 26 de septiembre.<\/span><\/p>\n<p style=\"text-align: justify;\"><span style=\"color: #000000;\">Teniendo en cuenta las medidas tomadas para evitar la propagaci\u00f3n de la COIVD-19, estos puntos del orden del d\u00eda de la Junta de Gobierno Local no se votar\u00e1n con p\u00fablico, sino que se grabar\u00e1n y se publicar\u00e1 posteriormente el v\u00eddeo para poder garantizar as\u00ed su publicidad.<\/span><\/p>\n<p style=\"text-align: justify;\"><span style=\"color: #000000;\">Por todo ello, los concejales y concejalas de la oposici\u00f3n -que no forman parte de la Junta de Gobierno Local- han recibido la informaci\u00f3n sobre las cuatro propuestas en su buz\u00f3n de correo electr\u00f3nico.<\/span><\/p>\n<p style=\"text-align: justify;\">\n","protected":false},"excerpt":{"rendered":"<p>&nbsp; La Junta de Govern del dilluns 9 de novembre inclou quatre punts amb Compet\u00e8ncies Delegades del Ple: -Tres propostes de contractaci\u00f3, mitjan\u00e7ant l\u2019Acord marc del Consell Comarcal del Baix &hellip; <a href=\"https:\/\/bisbalpenedes.com\/web\/2020\/11\/06\/lordre-del-dia-de-la-propera-junta-de-govern-inclou-quatre-punts-amb-competencies-delegades-del-ple\/\" class=\"more-link\">Read More<\/a><\/p>\n","protected":false},"author":4,"featured_media":15191,"comment_status":"closed","ping_status":"closed","sticky":false,"template":"","format":"standard","meta":[],"categories":[3085,8],"tags":[4175,686],"_links":{"self":[{"href":"https:\/\/bisbalpenedes.com\/web\/wp-json\/wp\/v2\/posts\/15272"}],"collection":[{"href":"https:\/\/bisbalpenedes.com\/web\/wp-json\/wp\/v2\/posts"}],"about":[{"href":"https:\/\/bisbalpenedes.com\/web\/wp-json\/wp\/v2\/types\/post"}],"author":[{"embeddable":true,"href":"https:\/\/bisbalpenedes.com\/web\/wp-json\/wp\/v2\/users\/4"}],"replies":[{"embeddable":true,"href":"https:\/\/bisbalpenedes.com\/web\/wp-json\/wp\/v2\/comments?post=15272"}],"version-history":[{"count":2,"href":"https:\/\/bisbalpenedes.com\/web\/wp-json\/wp\/v2\/posts\/15272\/revisions"}],"predecessor-version":[{"id":15275,"href":"https:\/\/bisbalpenedes.com\/web\/wp-json\/wp\/v2\/posts\/15272\/revisions\/15275"}],"wp:featuredmedia":[{"embeddable":true,"href":"https:\/\/bisbalpenedes.com\/web\/wp-json\/wp\/v2\/media\/15191"}],"wp:attachment":[{"href":"https:\/\/bisbalpenedes.com\/web\/wp-json\/wp\/v2\/media?parent=15272"}],"wp:term":[{"taxonomy":"category","embeddable":true,"href":"https:\/\/bisbalpenedes.com\/web\/wp-json\/wp\/v2\/categories?post=15272"},{"taxonomy":"post_tag","embeddable":true,"href":"https:\/\/bisbalpenedes.com\/web\/wp-json\/wp\/v2\/tags?post=15272"}],"curies":[{"name":"wp","href":"https:\/\/api.w.org\/{rel}","templated":true}]}}