{"id":15268,"date":"2020-11-04T13:46:05","date_gmt":"2020-11-04T11:46:05","guid":{"rendered":"http:\/\/bisbalpenedes.com\/web\/?p=15268"},"modified":"2020-11-04T13:46:37","modified_gmt":"2020-11-04T11:46:37","slug":"ja-han-comencat-les-obres-de-reparacio-de-la-canonada-del-priorat-de-la-bisbal-que-baixa-del-carrer-toledo-al-fons-del-torrent-del-manyer","status":"publish","type":"post","link":"https:\/\/bisbalpenedes.com\/web\/2020\/11\/04\/ja-han-comencat-les-obres-de-reparacio-de-la-canonada-del-priorat-de-la-bisbal-que-baixa-del-carrer-toledo-al-fons-del-torrent-del-manyer\/","title":{"rendered":"Ja han comen\u00e7at les obres de reparaci\u00f3 de la canonada del Priorat de la Bisbal que baixa del carrer Toledo al fons del torrent del Manyer"},"content":{"rendered":"<p style=\"text-align: justify;\"><a href=\"http:\/\/bisbalpenedes.com\/web\/wp-content\/uploads\/2020\/11\/IMG20201102130716.jpg\"><img loading=\"lazy\" class=\"aligncenter wp-image-15269\" src=\"http:\/\/bisbalpenedes.com\/web\/wp-content\/uploads\/2020\/11\/IMG20201102130716-768x1024.jpg\" alt=\"OBRES CARRER TOLEDO AIGUA\" width=\"436\" height=\"581\" srcset=\"https:\/\/bisbalpenedes.com\/web\/wp-content\/uploads\/2020\/11\/IMG20201102130716-768x1024.jpg 768w, https:\/\/bisbalpenedes.com\/web\/wp-content\/uploads\/2020\/11\/IMG20201102130716-600x800.jpg 600w, https:\/\/bisbalpenedes.com\/web\/wp-content\/uploads\/2020\/11\/IMG20201102130716-225x300.jpg 225w, https:\/\/bisbalpenedes.com\/web\/wp-content\/uploads\/2020\/11\/IMG20201102130716-scaled.jpg 1920w\" sizes=\"(max-width: 436px) 100vw, 436px\" \/><\/a><\/p>\n<p style=\"text-align: justify;\"><span style=\"color: #000000;\">Ja han comen\u00e7at les obres de reparaci\u00f3 de la canonada del Priorat de la Bisbal que baixa del carrer Toledo al fons del torrent del Manyer.<\/span><\/p>\n<p style=\"text-align: justify;\"><span style=\"color: #000000;\">Aquestes obres es duen a terme perqu\u00e8 s\u2019ha detectat que no baixa l\u2019efluent residual que hauria de baixar -en condicions normals- del tram de sanejament que descendeix del carrer Toledo fins al torrent del Manyer a causa d\u2019un trencament en la canonada de formig\u00f3, a l\u2019inici del carrer Toledo. Per aquest motiu, es duen a terme unes obres que consisteixen en l\u2019enderroc de la canonada de formig\u00f3 existent, l\u2019adequaci\u00f3 de la rasa i de les terres afectades pel tram a renovar i, per \u00faltim, la construcci\u00f3 del nou tram de sanejament i de dos pous de registre.<\/span><\/p>\n<p style=\"text-align: justify;\"><span style=\"color: #000000;\">De moment s\u2019han fet treballs de desbrossament del terreny i s\u2019ha comen\u00e7at a fer la rasa.<\/span><\/p>\n<hr \/>\n<p style=\"text-align: justify;\"><span style=\"color: #000000;\"><strong>CASTELLANO | <\/strong>Ya han empezado las obras de reparaci\u00f3n de la tuber\u00eda del Priorat de la Bisbal que baja de la calle Toledo hasta el fondo del torrente del Manyer.<\/span><\/p>\n<p style=\"text-align: justify;\"><span style=\"color: #000000;\">Estas obras se llevan a cabo porque se ha detectado que no baja el afluente residual que deber\u00eda bajar -en condiciones normales- del tramo de saneamiento que desciende de la calle Toledo hasta el torrente del Manyer a causa de una rotura en la ca\u00f1er\u00eda de hormig\u00f3n, en el principio de la calle Toledo. Por este motivo, se llevan a cabo unas obras que consisten en el derribo de la ca\u00f1er\u00eda de hormig\u00f3n existente, la adecuaci\u00f3n de la zanja y de las tierras afectadas por el tramo a renovar y, por \u00faltimo, la construcci\u00f3n del nuevo tramo de saneamiento y de dos pozos de registro.<\/span><\/p>\n<p style=\"text-align: justify;\"><span style=\"color: #000000;\">De momento se han realizado trabajos de desbrozado del terreno y se ha empezado a hacer la zanja.<\/span><\/p>\n","protected":false},"excerpt":{"rendered":"<p>Ja han comen\u00e7at les obres de reparaci\u00f3 de la canonada del Priorat de la Bisbal que baixa del carrer Toledo al fons del torrent del Manyer. Aquestes obres es duen &hellip; <a href=\"https:\/\/bisbalpenedes.com\/web\/2020\/11\/04\/ja-han-comencat-les-obres-de-reparacio-de-la-canonada-del-priorat-de-la-bisbal-que-baixa-del-carrer-toledo-al-fons-del-torrent-del-manyer\/\" class=\"more-link\">Read More<\/a><\/p>\n","protected":false},"author":4,"featured_media":15269,"comment_status":"closed","ping_status":"closed","sticky":false,"template":"","format":"standard","meta":[],"categories":[8,3208],"tags":[4174,3366],"_links":{"self":[{"href":"https:\/\/bisbalpenedes.com\/web\/wp-json\/wp\/v2\/posts\/15268"}],"collection":[{"href":"https:\/\/bisbalpenedes.com\/web\/wp-json\/wp\/v2\/posts"}],"about":[{"href":"https:\/\/bisbalpenedes.com\/web\/wp-json\/wp\/v2\/types\/post"}],"author":[{"embeddable":true,"href":"https:\/\/bisbalpenedes.com\/web\/wp-json\/wp\/v2\/users\/4"}],"replies":[{"embeddable":true,"href":"https:\/\/bisbalpenedes.com\/web\/wp-json\/wp\/v2\/comments?post=15268"}],"version-history":[{"count":2,"href":"https:\/\/bisbalpenedes.com\/web\/wp-json\/wp\/v2\/posts\/15268\/revisions"}],"predecessor-version":[{"id":15271,"href":"https:\/\/bisbalpenedes.com\/web\/wp-json\/wp\/v2\/posts\/15268\/revisions\/15271"}],"wp:featuredmedia":[{"embeddable":true,"href":"https:\/\/bisbalpenedes.com\/web\/wp-json\/wp\/v2\/media\/15269"}],"wp:attachment":[{"href":"https:\/\/bisbalpenedes.com\/web\/wp-json\/wp\/v2\/media?parent=15268"}],"wp:term":[{"taxonomy":"category","embeddable":true,"href":"https:\/\/bisbalpenedes.com\/web\/wp-json\/wp\/v2\/categories?post=15268"},{"taxonomy":"post_tag","embeddable":true,"href":"https:\/\/bisbalpenedes.com\/web\/wp-json\/wp\/v2\/tags?post=15268"}],"curies":[{"name":"wp","href":"https:\/\/api.w.org\/{rel}","templated":true}]}}