{"id":15263,"date":"2020-11-04T13:02:48","date_gmt":"2020-11-04T11:02:48","guid":{"rendered":"http:\/\/bisbalpenedes.com\/web\/?p=15263"},"modified":"2020-11-04T13:02:48","modified_gmt":"2020-11-04T11:02:48","slug":"el-numero-guanyador-de-la-rifa-de-tots-sants-organitzada-per-la-parroquia-es-el-124","status":"publish","type":"post","link":"https:\/\/bisbalpenedes.com\/web\/2020\/11\/04\/el-numero-guanyador-de-la-rifa-de-tots-sants-organitzada-per-la-parroquia-es-el-124\/","title":{"rendered":"El n\u00famero guanyador de la rifa de Tots Sants organitzada per la Parr\u00f2quia \u00e9s el 124"},"content":{"rendered":"<p><span style=\"color: #000000;\">La Parr\u00f2quia de Santa Maria de La Bisbal del Pened\u00e8s va organitzar una Rifa per Tots Sants per col\u00b7laborar amb el manteniment de l\u2019esgl\u00e9sia de Santa Maria, ja que enguany no es va poder celebrar la seva tradicional t\u00f3mbola durant La Fira per la situaci\u00f3 generada per la pand\u00e8mia de COVID-19.<\/span><\/p>\n<p><span style=\"color: #000000;\"><b>El n\u00famero guanyador de la rifa va ser el 124 i es va vendre al Forn de les Escales.<\/b><\/span><\/p>\n<p><span style=\"color: #000000;\">El guanyador es pot adre\u00e7ar al Forn de les Escales o a la Parr\u00f2quia de Santa Maria de la Bisbal del Pened\u00e8s.\u00a0<\/span><\/p>\n<p><span style=\"color: #000000;\">El guanyador o la guanyadora s&#8217;endur\u00e0 la cistella que s&#8217;especifica als cartells adjunts.<\/span><\/p>\n<hr \/>\n<p><span style=\"color: #000000;\"><strong>CASTELLANO |<\/strong>\u00a0La Parroquia de Santa Mar\u00eda de La Bisbal del Pened\u00e8s organiz\u00f3 una Rifa para Todos los Santos para colaborar con el mantenimiento de la iglesia de Santa Mar\u00eda, ya que este a\u00f1o no se pudo celebrar la tradicional t\u00f3mbola durante La Fira por la situaci\u00f3n generada por la pandemia de COVID-19.<\/span><\/p>\n<p><span style=\"color: #000000;\"><b>El n\u00famero ganador de la rifa fue el 124 y se vendi\u00f3 en el Forn de les Escales.<\/b><\/span><\/p>\n<p><span style=\"color: #000000;\">El ganador puede dirigirse al Forn de les Escales o a la Parroquia de Santa Maria de la Bisbal del Pened\u00e8s.<\/span><\/p>\n<p><span style=\"color: #000000;\">El ganador o la ganadora se llevar\u00e1 la cesta que se especifica en los carteles adjuntos.<\/span><\/p>\n<p>&nbsp;<\/p>\n<p><a href=\"http:\/\/bisbalpenedes.com\/web\/wp-content\/uploads\/2020\/10\/BONA-cistella_caritas_2020_B_cIS2DEF2.jpg\"><img loading=\"lazy\" class=\"aligncenter size-large wp-image-15012\" src=\"http:\/\/bisbalpenedes.com\/web\/wp-content\/uploads\/2020\/10\/BONA-cistella_caritas_2020_B_cIS2DEF2-730x1024.jpg\" alt=\"BONA cistella_caritas_2020_B_cIS2DEF2\" width=\"630\" height=\"884\" srcset=\"https:\/\/bisbalpenedes.com\/web\/wp-content\/uploads\/2020\/10\/BONA-cistella_caritas_2020_B_cIS2DEF2-730x1024.jpg 730w, https:\/\/bisbalpenedes.com\/web\/wp-content\/uploads\/2020\/10\/BONA-cistella_caritas_2020_B_cIS2DEF2-600x841.jpg 600w, https:\/\/bisbalpenedes.com\/web\/wp-content\/uploads\/2020\/10\/BONA-cistella_caritas_2020_B_cIS2DEF2-214x300.jpg 214w, https:\/\/bisbalpenedes.com\/web\/wp-content\/uploads\/2020\/10\/BONA-cistella_caritas_2020_B_cIS2DEF2-768x1077.jpg 768w, https:\/\/bisbalpenedes.com\/web\/wp-content\/uploads\/2020\/10\/BONA-cistella_caritas_2020_B_cIS2DEF2.jpg 1819w\" sizes=\"(max-width: 630px) 100vw, 630px\" \/><\/a><\/p>\n<p><a href=\"http:\/\/bisbalpenedes.com\/web\/wp-content\/uploads\/2020\/10\/BONA-cistella_caritas_2020_B_cIS2.jpg\"><img loading=\"lazy\" class=\"aligncenter size-large wp-image-15011\" src=\"http:\/\/bisbalpenedes.com\/web\/wp-content\/uploads\/2020\/10\/BONA-cistella_caritas_2020_B_cIS2-730x1024.jpg\" alt=\"BONA cistella_caritas_2020_B_cIS2\" width=\"630\" height=\"884\" srcset=\"https:\/\/bisbalpenedes.com\/web\/wp-content\/uploads\/2020\/10\/BONA-cistella_caritas_2020_B_cIS2-730x1024.jpg 730w, https:\/\/bisbalpenedes.com\/web\/wp-content\/uploads\/2020\/10\/BONA-cistella_caritas_2020_B_cIS2-600x841.jpg 600w, https:\/\/bisbalpenedes.com\/web\/wp-content\/uploads\/2020\/10\/BONA-cistella_caritas_2020_B_cIS2-214x300.jpg 214w, https:\/\/bisbalpenedes.com\/web\/wp-content\/uploads\/2020\/10\/BONA-cistella_caritas_2020_B_cIS2-768x1077.jpg 768w, https:\/\/bisbalpenedes.com\/web\/wp-content\/uploads\/2020\/10\/BONA-cistella_caritas_2020_B_cIS2.jpg 1819w\" sizes=\"(max-width: 630px) 100vw, 630px\" \/><\/a><\/p>\n","protected":false},"excerpt":{"rendered":"<p>La Parr\u00f2quia de Santa Maria de La Bisbal del Pened\u00e8s va organitzar una Rifa per Tots Sants per col\u00b7laborar amb el manteniment de l\u2019esgl\u00e9sia de Santa Maria, ja que enguany &hellip; <a href=\"https:\/\/bisbalpenedes.com\/web\/2020\/11\/04\/el-numero-guanyador-de-la-rifa-de-tots-sants-organitzada-per-la-parroquia-es-el-124\/\" class=\"more-link\">Read More<\/a><\/p>\n","protected":false},"author":4,"featured_media":15264,"comment_status":"closed","ping_status":"closed","sticky":false,"template":"","format":"standard","meta":[],"categories":[20,8],"tags":[4173,351,2382,2498],"_links":{"self":[{"href":"https:\/\/bisbalpenedes.com\/web\/wp-json\/wp\/v2\/posts\/15263"}],"collection":[{"href":"https:\/\/bisbalpenedes.com\/web\/wp-json\/wp\/v2\/posts"}],"about":[{"href":"https:\/\/bisbalpenedes.com\/web\/wp-json\/wp\/v2\/types\/post"}],"author":[{"embeddable":true,"href":"https:\/\/bisbalpenedes.com\/web\/wp-json\/wp\/v2\/users\/4"}],"replies":[{"embeddable":true,"href":"https:\/\/bisbalpenedes.com\/web\/wp-json\/wp\/v2\/comments?post=15263"}],"version-history":[{"count":1,"href":"https:\/\/bisbalpenedes.com\/web\/wp-json\/wp\/v2\/posts\/15263\/revisions"}],"predecessor-version":[{"id":15265,"href":"https:\/\/bisbalpenedes.com\/web\/wp-json\/wp\/v2\/posts\/15263\/revisions\/15265"}],"wp:featuredmedia":[{"embeddable":true,"href":"https:\/\/bisbalpenedes.com\/web\/wp-json\/wp\/v2\/media\/15264"}],"wp:attachment":[{"href":"https:\/\/bisbalpenedes.com\/web\/wp-json\/wp\/v2\/media?parent=15263"}],"wp:term":[{"taxonomy":"category","embeddable":true,"href":"https:\/\/bisbalpenedes.com\/web\/wp-json\/wp\/v2\/categories?post=15263"},{"taxonomy":"post_tag","embeddable":true,"href":"https:\/\/bisbalpenedes.com\/web\/wp-json\/wp\/v2\/tags?post=15263"}],"curies":[{"name":"wp","href":"https:\/\/api.w.org\/{rel}","templated":true}]}}