{"id":15258,"date":"2020-11-03T13:11:17","date_gmt":"2020-11-03T11:11:17","guid":{"rendered":"http:\/\/bisbalpenedes.com\/web\/?p=15258"},"modified":"2020-11-03T13:11:17","modified_gmt":"2020-11-03T11:11:17","slug":"llistat-actualitzat-de-bars-i-restaurants-bisbalencs-que-ofereixen-menjar-per-emportar","status":"publish","type":"post","link":"https:\/\/bisbalpenedes.com\/web\/2020\/11\/03\/llistat-actualitzat-de-bars-i-restaurants-bisbalencs-que-ofereixen-menjar-per-emportar\/","title":{"rendered":"Llistat actualitzat de bars i restaurants bisbalencs que ofereixen menjar per emportar"},"content":{"rendered":"<p style=\"text-align: justify;\"><a href=\"http:\/\/bisbalpenedes.com\/web\/wp-content\/uploads\/2020\/10\/ban_web_emportar.jpg\"><img loading=\"lazy\" class=\"aligncenter wp-image-15169 size-large\" src=\"http:\/\/bisbalpenedes.com\/web\/wp-content\/uploads\/2020\/10\/ban_web_emportar-1024x408.jpg\" alt=\"ban_web_emportar\" width=\"630\" height=\"251\" srcset=\"https:\/\/bisbalpenedes.com\/web\/wp-content\/uploads\/2020\/10\/ban_web_emportar-1024x408.jpg 1024w, https:\/\/bisbalpenedes.com\/web\/wp-content\/uploads\/2020\/10\/ban_web_emportar-600x239.jpg 600w, https:\/\/bisbalpenedes.com\/web\/wp-content\/uploads\/2020\/10\/ban_web_emportar-300x120.jpg 300w, https:\/\/bisbalpenedes.com\/web\/wp-content\/uploads\/2020\/10\/ban_web_emportar-768x306.jpg 768w, https:\/\/bisbalpenedes.com\/web\/wp-content\/uploads\/2020\/10\/ban_web_emportar.jpg 1251w\" sizes=\"(max-width: 630px) 100vw, 630px\" \/><\/a><\/p>\n<p style=\"text-align: justify;\"><span style=\"color: #000000;\">Ajudem els bars i restaurants de la Bisbal!<\/span><\/p>\n<p style=\"text-align: justify;\"><span style=\"color: #000000;\">S\u00f3n moments dif\u00edcils per a tots i hi ha col\u00b7lectius del nostre teixit econ\u00f2mic que ho estan passant especialment malament. Aquest \u00e9s el cas del sector de la restauraci\u00f3, que s\u2019est\u00e0 veient especialment afectat per les mesures per contenir la COVID-19.<\/span><\/p>\n<p style=\"text-align: justify;\"><span style=\"color: #000000;\">Ajudem els restauradors a tirar endavant fent les nostres comandes de menjar per emportar i men\u00fas!<\/span><\/p>\n<p style=\"text-align: justify;\"><span style=\"color: #000000;\"><span style=\"color: #3984c6;\"><b><span style=\"color: #3366ff;\">Hem actualitzat el llistat dels bars i restaurants bisbalencs que ofereixen servei per emportar, aix\u00ed com les seves cartes, a l\u2019enlla\u00e7:<\/span>\u00a0<a style=\"color: #000000;\" href=\"http:\/\/bisbalpenedes.com\/web\/emportar\/\">http:\/\/bisbalpenedes.com\/web\/emportar\/<\/a><\/b><\/span><\/span><\/p>\n<hr \/>\n<p style=\"text-align: justify;\"><span style=\"color: #000000;\"><strong>CASTELLANO |<\/strong>\u00a0\u00a1Ayudemos a los bares y restaurantes de la Bisbal!<\/span><\/p>\n<p style=\"text-align: justify;\"><span style=\"color: #000000;\">Son momentos dif\u00edciles para todos y hay colectivos de nuestro tejido econ\u00f3mico que lo est\u00e1n pasando especialmente mal. Este es el caso del sector de la restauraci\u00f3n, que se est\u00e1 viendo especialmente afectado por las medidas para contener la COVID-19.<\/span><\/p>\n<p style=\"text-align: justify;\"><span style=\"color: #000000;\">\u00a1Ayudemos a los restauradores a salir adelante haciendo nuestros pedidos de comida para llevar y men\u00fas!<\/span><\/p>\n<p style=\"text-align: justify;\"><b><span style=\"color: #3984c6;\"><span style=\"color: #3366ff;\">Hemos actualizado el listado de los bares y restaurantes bisbalenses que ofrecen comida para llevar, as\u00ed como sus cartas, en\u00a0<\/span><span style=\"color: #000000;\"><span style=\"color: #3366ff;\">el enlace:<\/span>\u00a0<a style=\"color: #000000;\" href=\"http:\/\/bisbalpenedes.com\/web\/emportar\/\">http:\/\/bisbalpenedes.com\/web\/emportar\/<\/a><\/span><\/span><\/b><\/p>\n","protected":false},"excerpt":{"rendered":"<p>Ajudem els bars i restaurants de la Bisbal! S\u00f3n moments dif\u00edcils per a tots i hi ha col\u00b7lectius del nostre teixit econ\u00f2mic que ho estan passant especialment malament. Aquest \u00e9s &hellip; <a href=\"https:\/\/bisbalpenedes.com\/web\/2020\/11\/03\/llistat-actualitzat-de-bars-i-restaurants-bisbalencs-que-ofereixen-menjar-per-emportar\/\" class=\"more-link\">Read More<\/a><\/p>\n","protected":false},"author":4,"featured_media":15169,"comment_status":"closed","ping_status":"closed","sticky":false,"template":"","format":"standard","meta":[],"categories":[3860,4095,8],"tags":[],"_links":{"self":[{"href":"https:\/\/bisbalpenedes.com\/web\/wp-json\/wp\/v2\/posts\/15258"}],"collection":[{"href":"https:\/\/bisbalpenedes.com\/web\/wp-json\/wp\/v2\/posts"}],"about":[{"href":"https:\/\/bisbalpenedes.com\/web\/wp-json\/wp\/v2\/types\/post"}],"author":[{"embeddable":true,"href":"https:\/\/bisbalpenedes.com\/web\/wp-json\/wp\/v2\/users\/4"}],"replies":[{"embeddable":true,"href":"https:\/\/bisbalpenedes.com\/web\/wp-json\/wp\/v2\/comments?post=15258"}],"version-history":[{"count":1,"href":"https:\/\/bisbalpenedes.com\/web\/wp-json\/wp\/v2\/posts\/15258\/revisions"}],"predecessor-version":[{"id":15259,"href":"https:\/\/bisbalpenedes.com\/web\/wp-json\/wp\/v2\/posts\/15258\/revisions\/15259"}],"wp:featuredmedia":[{"embeddable":true,"href":"https:\/\/bisbalpenedes.com\/web\/wp-json\/wp\/v2\/media\/15169"}],"wp:attachment":[{"href":"https:\/\/bisbalpenedes.com\/web\/wp-json\/wp\/v2\/media?parent=15258"}],"wp:term":[{"taxonomy":"category","embeddable":true,"href":"https:\/\/bisbalpenedes.com\/web\/wp-json\/wp\/v2\/categories?post=15258"},{"taxonomy":"post_tag","embeddable":true,"href":"https:\/\/bisbalpenedes.com\/web\/wp-json\/wp\/v2\/tags?post=15258"}],"curies":[{"name":"wp","href":"https:\/\/api.w.org\/{rel}","templated":true}]}}