{"id":15251,"date":"2020-11-02T09:17:56","date_gmt":"2020-11-02T07:17:56","guid":{"rendered":"http:\/\/bisbalpenedes.com\/web\/?p=15251"},"modified":"2020-11-02T09:17:56","modified_gmt":"2020-11-02T07:17:56","slug":"tall-daigua-previst-a-can-gordei-ii-el-dimecres-4-de-novembre-per-tasques-de-neteja-al-diposit","status":"publish","type":"post","link":"https:\/\/bisbalpenedes.com\/web\/2020\/11\/02\/tall-daigua-previst-a-can-gordei-ii-el-dimecres-4-de-novembre-per-tasques-de-neteja-al-diposit\/","title":{"rendered":"Tall d&#8217;aigua previst a Can Gordei II el dimecres 4 de novembre per tasques de neteja al dip\u00f2sit"},"content":{"rendered":"<p style=\"text-align: justify;\"><span style=\"color: #000000;\">Aqualia ha informat que, amb motiu de l\u2019execuci\u00f3 de tasques de neteja del dip\u00f2sit d\u2019aigua, haur\u00e0 de suspendre temporalment el subministrament d\u2019aigua a Can Gordei II el dimecres 4 de novembre.<\/span><\/p>\n<p style=\"text-align: justify;\"><span style=\"color: #000000;\">L\u2019horari previst per a la suspensi\u00f3 \u00e9s de 8h a 19h. Per a m\u00e9s informaci\u00f3 us podeu adre\u00e7ar a Aqualia:<\/span> <a href=\"https:\/\/www.aqualia.com\/ca\/web\/aqualia-la-bisbal-del-penedes\/coneix-nos\/on-estem\">https:\/\/www.aqualia.com\/ca\/web\/aqualia-la-bisbal-del-penedes\/coneix-nos\/on-estem<\/a><\/p>\n<hr \/>\n<p style=\"text-align: justify;\"><span style=\"color: #000000;\"><strong>CASTELLANO |<\/strong> Aqualia ha informado de que, con motivo de la ejecuci\u00f3n de trabajos de limpieza del dep\u00f3sito de agua, tendr\u00e1 que suspender temporalmente el suministro de agua en Can Gordei II el mi\u00e9rcoles 4 de noviembre.<\/span><br \/>\n<span style=\"color: #000000;\"> El horario previsto para la suspensi\u00f3n es de 8 a 19h. Para m\u00e1s informaci\u00f3n os pod\u00e9is dirigir a Aqualia:<\/span> <a href=\"https:\/\/www.aqualia.com\/ca\/web\/aqualia-la-bisbal-del-penedes\/coneix-nos\/on-estem\">https:\/\/www.aqualia.com\/ca\/web\/aqualia-la-bisbal-del-penedes\/coneix-nos\/on-estem<\/a><\/p>\n<p style=\"text-align: justify;\">\n","protected":false},"excerpt":{"rendered":"<p>Aqualia ha informat que, amb motiu de l\u2019execuci\u00f3 de tasques de neteja del dip\u00f2sit d\u2019aigua, haur\u00e0 de suspendre temporalment el subministrament d\u2019aigua a Can Gordei II el dimecres 4 de &hellip; <a href=\"https:\/\/bisbalpenedes.com\/web\/2020\/11\/02\/tall-daigua-previst-a-can-gordei-ii-el-dimecres-4-de-novembre-per-tasques-de-neteja-al-diposit\/\" class=\"more-link\">Read More<\/a><\/p>\n","protected":false},"author":4,"featured_media":6733,"comment_status":"closed","ping_status":"closed","sticky":false,"template":"","format":"standard","meta":[],"categories":[8,3352],"tags":[161,4167,4090],"_links":{"self":[{"href":"https:\/\/bisbalpenedes.com\/web\/wp-json\/wp\/v2\/posts\/15251"}],"collection":[{"href":"https:\/\/bisbalpenedes.com\/web\/wp-json\/wp\/v2\/posts"}],"about":[{"href":"https:\/\/bisbalpenedes.com\/web\/wp-json\/wp\/v2\/types\/post"}],"author":[{"embeddable":true,"href":"https:\/\/bisbalpenedes.com\/web\/wp-json\/wp\/v2\/users\/4"}],"replies":[{"embeddable":true,"href":"https:\/\/bisbalpenedes.com\/web\/wp-json\/wp\/v2\/comments?post=15251"}],"version-history":[{"count":1,"href":"https:\/\/bisbalpenedes.com\/web\/wp-json\/wp\/v2\/posts\/15251\/revisions"}],"predecessor-version":[{"id":15252,"href":"https:\/\/bisbalpenedes.com\/web\/wp-json\/wp\/v2\/posts\/15251\/revisions\/15252"}],"wp:featuredmedia":[{"embeddable":true,"href":"https:\/\/bisbalpenedes.com\/web\/wp-json\/wp\/v2\/media\/6733"}],"wp:attachment":[{"href":"https:\/\/bisbalpenedes.com\/web\/wp-json\/wp\/v2\/media?parent=15251"}],"wp:term":[{"taxonomy":"category","embeddable":true,"href":"https:\/\/bisbalpenedes.com\/web\/wp-json\/wp\/v2\/categories?post=15251"},{"taxonomy":"post_tag","embeddable":true,"href":"https:\/\/bisbalpenedes.com\/web\/wp-json\/wp\/v2\/tags?post=15251"}],"curies":[{"name":"wp","href":"https:\/\/api.w.org\/{rel}","templated":true}]}}