{"id":15235,"date":"2020-10-29T20:39:03","date_gmt":"2020-10-29T18:39:03","guid":{"rendered":"http:\/\/bisbalpenedes.com\/web\/?p=15235"},"modified":"2020-10-29T20:39:03","modified_gmt":"2020-10-29T18:39:03","slug":"modificacio-del-servei-de-la-biblioteca-amb-motiu-de-les-noves-mesures-de-contencio-de-la-pandemia","status":"publish","type":"post","link":"https:\/\/bisbalpenedes.com\/web\/2020\/10\/29\/modificacio-del-servei-de-la-biblioteca-amb-motiu-de-les-noves-mesures-de-contencio-de-la-pandemia\/","title":{"rendered":"Modificaci\u00f3 del servei de la Biblioteca amb motiu de les noves mesures de contenci\u00f3 de la pand\u00e8mia"},"content":{"rendered":"<p style=\"text-align: justify;\"><span style=\"color: #000000;\">A partir d&#8217;aquest divendres es modifica el servei de la\u00a0Biblioteca p\u00fablica de La Bisbal del Pened\u00e8s amb motiu de les mesures especials que cal adoptar per a la contenci\u00f3 del brot epid\u00e8mic de la pand\u00e8mia de la COVID-19.<\/span><\/p>\n<hr \/>\n<p style=\"text-align: justify;\"><span style=\"color: #000000;\">A partir de este viernes se modifica el servicio de la Biblioteca p\u00fablica de La Bisbal del Pened\u00e8s con motivo de las medidas especiales que hay que adoptar para la contenci\u00f3n del brote epid\u00e9mico de la pandemia de la COVID-19.<\/span><\/p>\n<p style=\"text-align: justify;\"><a href=\"http:\/\/bisbalpenedes.com\/web\/wp-content\/uploads\/2020\/10\/201029-modificacio-servei-BIBLIO.png\"><img loading=\"lazy\" class=\"aligncenter size-full wp-image-15236\" src=\"http:\/\/bisbalpenedes.com\/web\/wp-content\/uploads\/2020\/10\/201029-modificacio-servei-BIBLIO.png\" alt=\"201029 modificacio servei BIBLIO\" width=\"940\" height=\"788\" srcset=\"https:\/\/bisbalpenedes.com\/web\/wp-content\/uploads\/2020\/10\/201029-modificacio-servei-BIBLIO.png 940w, https:\/\/bisbalpenedes.com\/web\/wp-content\/uploads\/2020\/10\/201029-modificacio-servei-BIBLIO-600x503.png 600w, https:\/\/bisbalpenedes.com\/web\/wp-content\/uploads\/2020\/10\/201029-modificacio-servei-BIBLIO-300x251.png 300w, https:\/\/bisbalpenedes.com\/web\/wp-content\/uploads\/2020\/10\/201029-modificacio-servei-BIBLIO-768x644.png 768w\" sizes=\"(max-width: 940px) 100vw, 940px\" \/><\/a><\/p>\n","protected":false},"excerpt":{"rendered":"<p>A partir d&#8217;aquest divendres es modifica el servei de la\u00a0Biblioteca p\u00fablica de La Bisbal del Pened\u00e8s amb motiu de les mesures especials que cal adoptar per a la contenci\u00f3 del &hellip; <a href=\"https:\/\/bisbalpenedes.com\/web\/2020\/10\/29\/modificacio-del-servei-de-la-biblioteca-amb-motiu-de-les-noves-mesures-de-contencio-de-la-pandemia\/\" class=\"more-link\">Read More<\/a><\/p>\n","protected":false},"author":4,"featured_media":15236,"comment_status":"closed","ping_status":"closed","sticky":false,"template":"","format":"standard","meta":[],"categories":[13,8],"tags":[4164,180,3207,4163,414,148,2029],"_links":{"self":[{"href":"https:\/\/bisbalpenedes.com\/web\/wp-json\/wp\/v2\/posts\/15235"}],"collection":[{"href":"https:\/\/bisbalpenedes.com\/web\/wp-json\/wp\/v2\/posts"}],"about":[{"href":"https:\/\/bisbalpenedes.com\/web\/wp-json\/wp\/v2\/types\/post"}],"author":[{"embeddable":true,"href":"https:\/\/bisbalpenedes.com\/web\/wp-json\/wp\/v2\/users\/4"}],"replies":[{"embeddable":true,"href":"https:\/\/bisbalpenedes.com\/web\/wp-json\/wp\/v2\/comments?post=15235"}],"version-history":[{"count":1,"href":"https:\/\/bisbalpenedes.com\/web\/wp-json\/wp\/v2\/posts\/15235\/revisions"}],"predecessor-version":[{"id":15237,"href":"https:\/\/bisbalpenedes.com\/web\/wp-json\/wp\/v2\/posts\/15235\/revisions\/15237"}],"wp:featuredmedia":[{"embeddable":true,"href":"https:\/\/bisbalpenedes.com\/web\/wp-json\/wp\/v2\/media\/15236"}],"wp:attachment":[{"href":"https:\/\/bisbalpenedes.com\/web\/wp-json\/wp\/v2\/media?parent=15235"}],"wp:term":[{"taxonomy":"category","embeddable":true,"href":"https:\/\/bisbalpenedes.com\/web\/wp-json\/wp\/v2\/categories?post=15235"},{"taxonomy":"post_tag","embeddable":true,"href":"https:\/\/bisbalpenedes.com\/web\/wp-json\/wp\/v2\/tags?post=15235"}],"curies":[{"name":"wp","href":"https:\/\/api.w.org\/{rel}","templated":true}]}}