{"id":15232,"date":"2020-10-29T19:27:01","date_gmt":"2020-10-29T17:27:01","guid":{"rendered":"http:\/\/bisbalpenedes.com\/web\/?p=15232"},"modified":"2020-10-29T19:27:01","modified_gmt":"2020-10-29T17:27:01","slug":"es-cancella-la-projeccio-del-cicle-gaudi-prevista-per-aquest-dissabte","status":"publish","type":"post","link":"https:\/\/bisbalpenedes.com\/web\/2020\/10\/29\/es-cancella-la-projeccio-del-cicle-gaudi-prevista-per-aquest-dissabte\/","title":{"rendered":"Es cancel\u00b7la la projecci\u00f3 del Cicle Gaud\u00ed prevista per aquest dissabte"},"content":{"rendered":"<div class=\"\" data-block=\"true\" data-editor=\"4cjse\" data-offset-key=\"2skf6-0-0\">\n<div class=\"_1mf _1mj\" style=\"text-align: justify;\" data-offset-key=\"2skf6-0-0\"><span style=\"color: #000000;\"><span data-offset-key=\"2skf6-0-0\">Tenint en compte les noves restriccions -per la COVID-19- que previsiblement entraran en vigor aquest divendres, es cancel\u00b7la la projecci\u00f3 de la pel\u00b7l\u00edcula &#8220;El meu germ\u00e0 persegueix dinosaures&#8221; del <\/span><span class=\"diy96o5h\" spellcheck=\"false\" data-offset-key=\"2skf6-1-0\">Cicle Gaud\u00ed &#8211; Cinema Catal\u00e0<\/span><span data-offset-key=\"2skf6-2-0\"> prevista per aquest dissabte.<\/span><\/span><\/div>\n<\/div>\n<div class=\"\" style=\"text-align: justify;\" data-block=\"true\" data-editor=\"4cjse\" data-offset-key=\"2ri4t-0-0\">\n<div class=\"_1mf _1mj\" data-offset-key=\"2ri4t-0-0\">\n<hr \/>\n<p><span style=\"color: #000000;\" data-offset-key=\"2ri4t-0-0\"><br \/>\n<\/span><\/div>\n<\/div>\n<div class=\"\" data-block=\"true\" data-editor=\"4cjse\" data-offset-key=\"5mb9h-0-0\">\n<div class=\"_1mf _1mj\" style=\"text-align: justify;\" data-offset-key=\"5mb9h-0-0\"><span style=\"color: #000000;\">Teniendo en cuenta las nuevas restricciones -por la COVID-19- que previsiblemente entrar\u00e1n en vigor este viernes, se cancelala proyecci\u00f3n de la pel\u00edcula &#8220;El meu germ\u00e0 persegueix dinosaures&#8221; del Cicle Gaud\u00ed &#8211; Cinema Catal\u00e0 prevista para este s\u00e1bado.<\/span><\/div>\n<\/div>\n<div class=\"\" data-block=\"true\" data-editor=\"4cjse\" data-offset-key=\"4gdtk-0-0\"><\/div>\n<div class=\"\" data-block=\"true\" data-editor=\"4cjse\" data-offset-key=\"4gdtk-0-0\"><a href=\"http:\/\/bisbalpenedes.com\/web\/wp-content\/uploads\/2020\/10\/CICLE-GAUDI-31-OCT-20-CANCELLAT.jpeg\"><img loading=\"lazy\" class=\"aligncenter size-large wp-image-15233\" src=\"http:\/\/bisbalpenedes.com\/web\/wp-content\/uploads\/2020\/10\/CICLE-GAUDI-31-OCT-20-CANCELLAT-720x1024.jpeg\" alt=\"CICLE GAUDI 31 OCT 20 CANCELLAT\" width=\"630\" height=\"896\" srcset=\"https:\/\/bisbalpenedes.com\/web\/wp-content\/uploads\/2020\/10\/CICLE-GAUDI-31-OCT-20-CANCELLAT-720x1024.jpeg 720w, https:\/\/bisbalpenedes.com\/web\/wp-content\/uploads\/2020\/10\/CICLE-GAUDI-31-OCT-20-CANCELLAT-600x853.jpeg 600w, https:\/\/bisbalpenedes.com\/web\/wp-content\/uploads\/2020\/10\/CICLE-GAUDI-31-OCT-20-CANCELLAT-211x300.jpeg 211w, https:\/\/bisbalpenedes.com\/web\/wp-content\/uploads\/2020\/10\/CICLE-GAUDI-31-OCT-20-CANCELLAT-768x1092.jpeg 768w, https:\/\/bisbalpenedes.com\/web\/wp-content\/uploads\/2020\/10\/CICLE-GAUDI-31-OCT-20-CANCELLAT.jpeg 789w\" sizes=\"(max-width: 630px) 100vw, 630px\" \/><\/a><\/div>\n","protected":false},"excerpt":{"rendered":"<p>Tenint en compte les noves restriccions -per la COVID-19- que previsiblement entraran en vigor aquest divendres, es cancel\u00b7la la projecci\u00f3 de la pel\u00b7l\u00edcula &#8220;El meu germ\u00e0 persegueix dinosaures&#8221; del Cicle &hellip; <a href=\"https:\/\/bisbalpenedes.com\/web\/2020\/10\/29\/es-cancella-la-projeccio-del-cicle-gaudi-prevista-per-aquest-dissabte\/\" class=\"more-link\">Read More<\/a><\/p>\n","protected":false},"author":4,"featured_media":15233,"comment_status":"closed","ping_status":"closed","sticky":false,"template":"","format":"standard","meta":[],"categories":[4095,13,8],"tags":[4116,308,307,3559,771],"_links":{"self":[{"href":"https:\/\/bisbalpenedes.com\/web\/wp-json\/wp\/v2\/posts\/15232"}],"collection":[{"href":"https:\/\/bisbalpenedes.com\/web\/wp-json\/wp\/v2\/posts"}],"about":[{"href":"https:\/\/bisbalpenedes.com\/web\/wp-json\/wp\/v2\/types\/post"}],"author":[{"embeddable":true,"href":"https:\/\/bisbalpenedes.com\/web\/wp-json\/wp\/v2\/users\/4"}],"replies":[{"embeddable":true,"href":"https:\/\/bisbalpenedes.com\/web\/wp-json\/wp\/v2\/comments?post=15232"}],"version-history":[{"count":1,"href":"https:\/\/bisbalpenedes.com\/web\/wp-json\/wp\/v2\/posts\/15232\/revisions"}],"predecessor-version":[{"id":15234,"href":"https:\/\/bisbalpenedes.com\/web\/wp-json\/wp\/v2\/posts\/15232\/revisions\/15234"}],"wp:featuredmedia":[{"embeddable":true,"href":"https:\/\/bisbalpenedes.com\/web\/wp-json\/wp\/v2\/media\/15233"}],"wp:attachment":[{"href":"https:\/\/bisbalpenedes.com\/web\/wp-json\/wp\/v2\/media?parent=15232"}],"wp:term":[{"taxonomy":"category","embeddable":true,"href":"https:\/\/bisbalpenedes.com\/web\/wp-json\/wp\/v2\/categories?post=15232"},{"taxonomy":"post_tag","embeddable":true,"href":"https:\/\/bisbalpenedes.com\/web\/wp-json\/wp\/v2\/tags?post=15232"}],"curies":[{"name":"wp","href":"https:\/\/api.w.org\/{rel}","templated":true}]}}