{"id":15228,"date":"2020-10-29T12:00:55","date_gmt":"2020-10-29T10:00:55","guid":{"rendered":"http:\/\/bisbalpenedes.com\/web\/?p=15228"},"modified":"2020-10-29T19:06:54","modified_gmt":"2020-10-29T17:06:54","slug":"15228","status":"publish","type":"post","link":"https:\/\/bisbalpenedes.com\/web\/2020\/10\/29\/15228\/","title":{"rendered":"Aquest dijous ha comen\u00e7at el curs d&#8217;iniciaci\u00f3 inform\u00e0tica per a persones en situaci\u00f3 d&#8217;atur majors de 45 anys"},"content":{"rendered":"<div class=\"kvgmc6g5 cxmmr5t8 oygrvhab hcukyx3x c1et5uql ii04i59q\">\n<div dir=\"auto\" style=\"text-align: justify;\">\n<p><span style=\"color: #000000;\">Aquest dijous\u00a0ha comen\u00e7at el curs d&#8217;iniciaci\u00f3 inform\u00e0tica per a persones en situaci\u00f3 d&#8217;atur majors de 45 anys organitzat des de la Regidoria d&#8217;Ocupaci\u00f3 -i el\u00a0<\/span>SOM Bisbal i la Cambra de Comer\u00e7 de Tarragona.<\/p>\n<div class=\"nc684nl6\"><\/div>\n<\/div>\n<\/div>\n<div class=\"o9v6fnle cxmmr5t8 oygrvhab hcukyx3x c1et5uql ii04i59q\" style=\"text-align: justify;\"><\/div>\n<div class=\"o9v6fnle cxmmr5t8 oygrvhab hcukyx3x c1et5uql ii04i59q\">\n<div dir=\"auto\" style=\"text-align: justify;\">\n<hr \/>\n<\/div>\n<div dir=\"auto\" style=\"text-align: justify;\"><span style=\"color: #000000;\">Hoy ha empezado el curso de iniciaci\u00f3n inform\u00e1tica para personas en situaci\u00f3n de paro mayores de 45 a\u00f1os organizado desde la Concejal\u00eda de Ocupaci\u00f3n -y el SOM Bisbal- y la C\u00e1mara de Comercio de Tarragona.<\/span><\/div>\n<div dir=\"auto\" style=\"text-align: justify;\"><\/div>\n<div dir=\"auto\" style=\"text-align: justify;\"><a href=\"http:\/\/bisbalpenedes.com\/web\/wp-content\/uploads\/2020\/10\/201029-curs-iniciacio-informatica.jpg\"><img loading=\"lazy\" class=\"aligncenter size-large wp-image-15229\" src=\"http:\/\/bisbalpenedes.com\/web\/wp-content\/uploads\/2020\/10\/201029-curs-iniciacio-informatica-979x1024.jpg\" alt=\"201029 curs iniciacio informatica\" width=\"630\" height=\"659\" srcset=\"https:\/\/bisbalpenedes.com\/web\/wp-content\/uploads\/2020\/10\/201029-curs-iniciacio-informatica-979x1024.jpg 979w, https:\/\/bisbalpenedes.com\/web\/wp-content\/uploads\/2020\/10\/201029-curs-iniciacio-informatica-600x628.jpg 600w, https:\/\/bisbalpenedes.com\/web\/wp-content\/uploads\/2020\/10\/201029-curs-iniciacio-informatica-287x300.jpg 287w, https:\/\/bisbalpenedes.com\/web\/wp-content\/uploads\/2020\/10\/201029-curs-iniciacio-informatica-768x803.jpg 768w, https:\/\/bisbalpenedes.com\/web\/wp-content\/uploads\/2020\/10\/201029-curs-iniciacio-informatica.jpg 1200w\" sizes=\"(max-width: 630px) 100vw, 630px\" \/><\/a><\/div>\n<\/div>\n","protected":false},"excerpt":{"rendered":"<p>Aquest dijous\u00a0ha comen\u00e7at el curs d&#8217;iniciaci\u00f3 inform\u00e0tica per a persones en situaci\u00f3 d&#8217;atur majors de 45 anys organitzat des de la Regidoria d&#8217;Ocupaci\u00f3 -i el\u00a0SOM Bisbal i la Cambra de &hellip; <a href=\"https:\/\/bisbalpenedes.com\/web\/2020\/10\/29\/15228\/\" class=\"more-link\">Read More<\/a><\/p>\n","protected":false},"author":4,"featured_media":15229,"comment_status":"closed","ping_status":"closed","sticky":false,"template":"","format":"standard","meta":[],"categories":[8,9],"tags":[62,1532,10],"_links":{"self":[{"href":"https:\/\/bisbalpenedes.com\/web\/wp-json\/wp\/v2\/posts\/15228"}],"collection":[{"href":"https:\/\/bisbalpenedes.com\/web\/wp-json\/wp\/v2\/posts"}],"about":[{"href":"https:\/\/bisbalpenedes.com\/web\/wp-json\/wp\/v2\/types\/post"}],"author":[{"embeddable":true,"href":"https:\/\/bisbalpenedes.com\/web\/wp-json\/wp\/v2\/users\/4"}],"replies":[{"embeddable":true,"href":"https:\/\/bisbalpenedes.com\/web\/wp-json\/wp\/v2\/comments?post=15228"}],"version-history":[{"count":2,"href":"https:\/\/bisbalpenedes.com\/web\/wp-json\/wp\/v2\/posts\/15228\/revisions"}],"predecessor-version":[{"id":15231,"href":"https:\/\/bisbalpenedes.com\/web\/wp-json\/wp\/v2\/posts\/15228\/revisions\/15231"}],"wp:featuredmedia":[{"embeddable":true,"href":"https:\/\/bisbalpenedes.com\/web\/wp-json\/wp\/v2\/media\/15229"}],"wp:attachment":[{"href":"https:\/\/bisbalpenedes.com\/web\/wp-json\/wp\/v2\/media?parent=15228"}],"wp:term":[{"taxonomy":"category","embeddable":true,"href":"https:\/\/bisbalpenedes.com\/web\/wp-json\/wp\/v2\/categories?post=15228"},{"taxonomy":"post_tag","embeddable":true,"href":"https:\/\/bisbalpenedes.com\/web\/wp-json\/wp\/v2\/tags?post=15228"}],"curies":[{"name":"wp","href":"https:\/\/api.w.org\/{rel}","templated":true}]}}