{"id":15218,"date":"2020-10-29T17:40:26","date_gmt":"2020-10-29T15:40:26","guid":{"rendered":"http:\/\/bisbalpenedes.com\/web\/?p=15218"},"modified":"2020-10-29T17:40:26","modified_gmt":"2020-10-29T15:40:26","slug":"actualitzacio-291020-noves-mesures-de-contencio-per-frenar-la-transmissio-del-virus-de-la-covid-19","status":"publish","type":"post","link":"https:\/\/bisbalpenedes.com\/web\/2020\/10\/29\/actualitzacio-291020-noves-mesures-de-contencio-per-frenar-la-transmissio-del-virus-de-la-covid-19\/","title":{"rendered":"ACTUALITZACI\u00d3 29\/10\/20 | Noves mesures de contenci\u00f3 per frenar la transmissi\u00f3 del virus de la COVID-19"},"content":{"rendered":"<p><span style=\"color: #000000;\"><a href=\"http:\/\/bisbalpenedes.com\/web\/wp-content\/uploads\/2020\/10\/68283561-D504-41B3-8611-6CAC6B4C944E.jpeg\"><img loading=\"lazy\" class=\"aligncenter size-full wp-image-15219\" src=\"http:\/\/bisbalpenedes.com\/web\/wp-content\/uploads\/2020\/10\/68283561-D504-41B3-8611-6CAC6B4C944E.jpeg\" alt=\"Mesures anticovid 29-10-20\" width=\"1131\" height=\"1600\" srcset=\"https:\/\/bisbalpenedes.com\/web\/wp-content\/uploads\/2020\/10\/68283561-D504-41B3-8611-6CAC6B4C944E.jpeg 1131w, https:\/\/bisbalpenedes.com\/web\/wp-content\/uploads\/2020\/10\/68283561-D504-41B3-8611-6CAC6B4C944E-600x849.jpeg 600w, https:\/\/bisbalpenedes.com\/web\/wp-content\/uploads\/2020\/10\/68283561-D504-41B3-8611-6CAC6B4C944E-212x300.jpeg 212w, https:\/\/bisbalpenedes.com\/web\/wp-content\/uploads\/2020\/10\/68283561-D504-41B3-8611-6CAC6B4C944E-768x1086.jpeg 768w, https:\/\/bisbalpenedes.com\/web\/wp-content\/uploads\/2020\/10\/68283561-D504-41B3-8611-6CAC6B4C944E-724x1024.jpeg 724w\" sizes=\"(max-width: 1131px) 100vw, 1131px\" \/><\/a><br \/>\nAquestes s\u00f3n les noves mesures de contenci\u00f3 per frenar la transmissi\u00f3 del virus de la COVID-19 que ha anunciat avui la Generalitat de Catalunya.<\/span><\/p>\n<p><span style=\"color: #000000;\">Est\u00e0 previst que entrin en vigor dem\u00e0 divendres.<\/span><\/p>\n<p><span style=\"color: #000000;\">Trobareu m\u00e9s informaci\u00f3 en aquest enlla\u00e7:\u00a0<\/span><\/p>\n<p><a href=\"https:\/\/canalsalut.gencat.cat\/ca\/salut-a-z\/c\/coronavirus-2019-ncov\/ciutadania\/mesures-per-contenir-els-brots\/mesures-per-contenir-els-brots-aplicables-a-tot-catalunya\/?utm_source=twitter&amp;utm_medium=social&amp;utm_campaign=\" target=\"_blank\">https:\/\/canalsalut.gencat.cat\/ca\/salut-a-z\/c\/coronavirus-2019-ncov\/ciutadania\/mesures-per-contenir-els-brots\/mesures-per-contenir-els-brots-aplicables-a-tot-catalunya\/?utm_source=twitter&amp;utm_medium=social&amp;utm_campaign=<\/a><\/p>\n<hr \/>\n<p><span style=\"color: #000000;\"><strong>CASTELLANO<\/strong> | Estas son las nuevas medidas de contenci\u00f3n para frenar la transmisi\u00f3n del virus de la COVID-19 que ha anunciado hoy la Generalitat de Catalunya.<\/span><\/p>\n<p><span style=\"color: #000000;\">Est\u00e1 previsto que entren en vigor ma\u00f1ana viernes.\u00a0<\/span><\/p>\n<p><span style=\"color: #000000;\">Encontrar\u00e9is m\u00e1s informaci\u00f3n en este enlace:\u00a0<\/span><\/p>\n<p><a href=\"https:\/\/canalsalut.gencat.cat\/ca\/salut-a-z\/c\/coronavirus-2019-ncov\/ciutadania\/mesures-per-contenir-els-brots\/mesures-per-contenir-els-brots-aplicables-a-tot-catalunya\/?utm_source=twitter&amp;utm_medium=social&amp;utm_campaign=\" target=\"_blank\">https:\/\/canalsalut.gencat.cat\/ca\/salut-a-z\/c\/coronavirus-2019-ncov\/ciutadania\/mesures-per-contenir-els-brots\/mesures-per-contenir-els-brots-aplicables-a-tot-catalunya\/?utm_source=twitter&amp;utm_medium=social&amp;utm_campaign=<\/a><\/p>\n","protected":false},"excerpt":{"rendered":"<p>Aquestes s\u00f3n les noves mesures de contenci\u00f3 per frenar la transmissi\u00f3 del virus de la COVID-19 que ha anunciat avui la Generalitat de Catalunya. Est\u00e0 previst que entrin en vigor &hellip; <a href=\"https:\/\/bisbalpenedes.com\/web\/2020\/10\/29\/actualitzacio-291020-noves-mesures-de-contencio-per-frenar-la-transmissio-del-virus-de-la-covid-19\/\" class=\"more-link\">Read More<\/a><\/p>\n","protected":false},"author":4,"featured_media":15219,"comment_status":"closed","ping_status":"closed","sticky":false,"template":"","format":"standard","meta":[],"categories":[4095,8,14],"tags":[3586,4159,4160,4161,82,145],"_links":{"self":[{"href":"https:\/\/bisbalpenedes.com\/web\/wp-json\/wp\/v2\/posts\/15218"}],"collection":[{"href":"https:\/\/bisbalpenedes.com\/web\/wp-json\/wp\/v2\/posts"}],"about":[{"href":"https:\/\/bisbalpenedes.com\/web\/wp-json\/wp\/v2\/types\/post"}],"author":[{"embeddable":true,"href":"https:\/\/bisbalpenedes.com\/web\/wp-json\/wp\/v2\/users\/4"}],"replies":[{"embeddable":true,"href":"https:\/\/bisbalpenedes.com\/web\/wp-json\/wp\/v2\/comments?post=15218"}],"version-history":[{"count":1,"href":"https:\/\/bisbalpenedes.com\/web\/wp-json\/wp\/v2\/posts\/15218\/revisions"}],"predecessor-version":[{"id":15220,"href":"https:\/\/bisbalpenedes.com\/web\/wp-json\/wp\/v2\/posts\/15218\/revisions\/15220"}],"wp:featuredmedia":[{"embeddable":true,"href":"https:\/\/bisbalpenedes.com\/web\/wp-json\/wp\/v2\/media\/15219"}],"wp:attachment":[{"href":"https:\/\/bisbalpenedes.com\/web\/wp-json\/wp\/v2\/media?parent=15218"}],"wp:term":[{"taxonomy":"category","embeddable":true,"href":"https:\/\/bisbalpenedes.com\/web\/wp-json\/wp\/v2\/categories?post=15218"},{"taxonomy":"post_tag","embeddable":true,"href":"https:\/\/bisbalpenedes.com\/web\/wp-json\/wp\/v2\/tags?post=15218"}],"curies":[{"name":"wp","href":"https:\/\/api.w.org\/{rel}","templated":true}]}}