{"id":15215,"date":"2020-10-29T10:55:43","date_gmt":"2020-10-29T08:55:43","guid":{"rendered":"http:\/\/bisbalpenedes.com\/web\/?p=15215"},"modified":"2020-10-29T10:55:43","modified_gmt":"2020-10-29T08:55:43","slug":"informacio-sobre-la-tramitacio-i-comunicacio-telematica-de-les-activitats-de-crema-de-restes-vegetals","status":"publish","type":"post","link":"https:\/\/bisbalpenedes.com\/web\/2020\/10\/29\/informacio-sobre-la-tramitacio-i-comunicacio-telematica-de-les-activitats-de-crema-de-restes-vegetals\/","title":{"rendered":"Informaci\u00f3 sobre la tramitaci\u00f3 i comunicaci\u00f3 telem\u00e0tica de les activitats de crema de restes vegetals"},"content":{"rendered":"<p style=\"text-align: justify;\"><a href=\"http:\/\/bisbalpenedes.com\/web\/wp-content\/uploads\/2020\/10\/poble-vinyes-i-oliveres.jpg\"><img loading=\"lazy\" class=\"aligncenter size-large wp-image-15216\" src=\"http:\/\/bisbalpenedes.com\/web\/wp-content\/uploads\/2020\/10\/poble-vinyes-i-oliveres-1024x683.jpg\" alt=\"poble vinyes i oliveres\" width=\"630\" height=\"420\" srcset=\"https:\/\/bisbalpenedes.com\/web\/wp-content\/uploads\/2020\/10\/poble-vinyes-i-oliveres-1024x683.jpg 1024w, https:\/\/bisbalpenedes.com\/web\/wp-content\/uploads\/2020\/10\/poble-vinyes-i-oliveres-600x400.jpg 600w, https:\/\/bisbalpenedes.com\/web\/wp-content\/uploads\/2020\/10\/poble-vinyes-i-oliveres-300x200.jpg 300w, https:\/\/bisbalpenedes.com\/web\/wp-content\/uploads\/2020\/10\/poble-vinyes-i-oliveres-768x512.jpg 768w\" sizes=\"(max-width: 630px) 100vw, 630px\" \/><\/a><\/p>\n<p style=\"text-align: justify;\"><span style=\"color: #000000;\">L\u2019Ajuntament de la Bisbal del Pened\u00e8s us informa que el Departament d\u2019Agricultura, Pesca i Alimentaci\u00f3 de la Generalitat de Catalunya disposa d\u2019una via de tramitaci\u00f3 telem\u00e0tica d\u2019activitats de crema de restes vegetals. Des d\u2019ara, els ciutadans i les empreses podeu tramitar aut\u00f2nomament les vostres comunicacions de crema individuals de forma telem\u00e0tica, a trav\u00e9s de l\u2019enlla\u00e7: <a style=\"color: #000000;\" href=\"http:\/\/web.gencat.cat\/ca\/tramits\/tramits-temes\/8776_Autoritzacio-per-a-la-realitzacio-dactivitats-amb-risc-dincendi?category=767f53c4-a82c-11e3-a972-000c29052e2c\">http:\/\/web.gencat.cat\/ca\/tramits\/tramits-temes\/8776_Autoritzacio-per-a-la-realitzacio-dactivitats-amb-risc-dincendi?category=767f53c4-a82c-11e3-a972-000c29052e2c<\/a>. D\u2019aquesta manera podreu evitar despla\u00e7aments necessaris i podreu fer el tr\u00e0mit des de casa o des del m\u00f2bil, amb un certificat digital.<\/span><\/p>\n<p style=\"text-align: justify;\"><span style=\"color: #000000;\">En aquest enlla\u00e7 del web de l\u2019Ajuntament de la Bisbal del Pened\u00e8s us expliquem com podeu obtenir un certificat digital: <a style=\"color: #000000;\" href=\"https:\/\/bisbalpenedes.com\/web\/2020\/10\/16\/informacio-sobre-com-obtenir-el-certificat-digital-idcat-per-fer-tramits-i-gestions-en-linia\/\">https:\/\/bisbalpenedes.com\/web\/2020\/10\/16\/informacio-sobre-com-obtenir-el-certificat-digital-idcat-per-fer-tramits-i-gestions-en-linia\/<\/a><\/span><\/p>\n<p style=\"text-align: justify;\"><span style=\"color: #000000;\">No obstant aix\u00f2, les persones que ho desitgin podran seguir adre\u00e7ant-se a l\u2019Ajuntament de forma presencial per presentar les seves comunicacions, tal com ho havien fet fins ara.<\/span><\/p>\n<hr \/>\n<p style=\"text-align: justify;\"><span style=\"color: #000000;\"><strong>CASTELLANO |<\/strong> El Ayuntamiento de la Bisbal del Pened\u00e8s os informa de que el Departamento de Agricultura, Pesca y Alimentaci\u00f3n de la Generalitat de Catalunya dispone de una v\u00eda de tramitaci\u00f3n telem\u00e1tica de actividades de quema de restos vegetales. Desde ahora, los ciudadanos y las empresas pod\u00e9is tramitar aut\u00f3nomamente vuestras comunicaciones de quema individuales de forma telem\u00e1tica, a trav\u00e9s del enlace: <a style=\"color: #000000;\" href=\"http:\/\/web.gencat.cat\/ca\/tramits\/tramits-temes\/8776_Autoritzacio-per-a-la-realitzacio-dactivitats-amb-risc-dincendi?category=767f53c4-a82c-11e3-a972-000c29052e2c\">http:\/\/web.gencat.cat\/ca\/tramits\/tramits-temes\/8776_Autoritzacio-per-a-la-realitzacio-dactivitats-amb-risc-dincendi?category=767f53c4-a82c-11e3-a972-000c29052e2c<\/a>. De esta manera podr\u00e9is evitar desplazamientos necesarios y podr\u00e9is hacer el tr\u00e1mite desde casa o desde el m\u00f3vil, con un certificado digital.<\/span><\/p>\n<p style=\"text-align: justify;\"><span style=\"color: #000000;\">En este enlace de la web del Ayuntamiento de la Bisbal del Pened\u00e8s os explicamos c\u00f3mo pod\u00e9is obtener un certificado digital: <a style=\"color: #000000;\" href=\"https:\/\/bisbalpenedes.com\/web\/2020\/10\/16\/informacio-sobre-com-obtenir-el-certificat-digital-idcat-per-fer-tramits-i-gestions-en-linia\/\">https:\/\/bisbalpenedes.com\/web\/2020\/10\/16\/informacio-sobre-com-obtenir-el-certificat-digital-idcat-per-fer-tramits-i-gestions-en-linia\/<\/a><\/span><\/p>\n<p style=\"text-align: justify;\"><span style=\"color: #000000;\">No obstante, las personas que lo deseen podr\u00e1n seguir dirigi\u00e9ndose al Ayuntamiento de forma presencial para presentar sus comunicaciones, tal como lo hab\u00edan hecho hasta ahora.<\/span><\/p>\n","protected":false},"excerpt":{"rendered":"<p>L\u2019Ajuntament de la Bisbal del Pened\u00e8s us informa que el Departament d\u2019Agricultura, Pesca i Alimentaci\u00f3 de la Generalitat de Catalunya disposa d\u2019una via de tramitaci\u00f3 telem\u00e0tica d\u2019activitats de crema de &hellip; <a href=\"https:\/\/bisbalpenedes.com\/web\/2020\/10\/29\/informacio-sobre-la-tramitacio-i-comunicacio-telematica-de-les-activitats-de-crema-de-restes-vegetals\/\" class=\"more-link\">Read More<\/a><\/p>\n","protected":false},"author":4,"featured_media":15216,"comment_status":"closed","ping_status":"closed","sticky":false,"template":"","format":"standard","meta":[],"categories":[4155,32,8],"tags":[4158,3814,3619,887,2210,4157,4156,3842],"_links":{"self":[{"href":"https:\/\/bisbalpenedes.com\/web\/wp-json\/wp\/v2\/posts\/15215"}],"collection":[{"href":"https:\/\/bisbalpenedes.com\/web\/wp-json\/wp\/v2\/posts"}],"about":[{"href":"https:\/\/bisbalpenedes.com\/web\/wp-json\/wp\/v2\/types\/post"}],"author":[{"embeddable":true,"href":"https:\/\/bisbalpenedes.com\/web\/wp-json\/wp\/v2\/users\/4"}],"replies":[{"embeddable":true,"href":"https:\/\/bisbalpenedes.com\/web\/wp-json\/wp\/v2\/comments?post=15215"}],"version-history":[{"count":1,"href":"https:\/\/bisbalpenedes.com\/web\/wp-json\/wp\/v2\/posts\/15215\/revisions"}],"predecessor-version":[{"id":15217,"href":"https:\/\/bisbalpenedes.com\/web\/wp-json\/wp\/v2\/posts\/15215\/revisions\/15217"}],"wp:featuredmedia":[{"embeddable":true,"href":"https:\/\/bisbalpenedes.com\/web\/wp-json\/wp\/v2\/media\/15216"}],"wp:attachment":[{"href":"https:\/\/bisbalpenedes.com\/web\/wp-json\/wp\/v2\/media?parent=15215"}],"wp:term":[{"taxonomy":"category","embeddable":true,"href":"https:\/\/bisbalpenedes.com\/web\/wp-json\/wp\/v2\/categories?post=15215"},{"taxonomy":"post_tag","embeddable":true,"href":"https:\/\/bisbalpenedes.com\/web\/wp-json\/wp\/v2\/tags?post=15215"}],"curies":[{"name":"wp","href":"https:\/\/api.w.org\/{rel}","templated":true}]}}