{"id":15206,"date":"2020-10-28T20:20:19","date_gmt":"2020-10-28T18:20:19","guid":{"rendered":"http:\/\/bisbalpenedes.com\/web\/?p=15206"},"modified":"2020-10-28T20:30:20","modified_gmt":"2020-10-28T18:30:20","slug":"una-castanyada-segura-recomanacions-en-la-celebracio-de-la-castanyada","status":"publish","type":"post","link":"https:\/\/bisbalpenedes.com\/web\/2020\/10\/28\/una-castanyada-segura-recomanacions-en-la-celebracio-de-la-castanyada\/","title":{"rendered":"Una castanyada segura: Recomanacions per a la celebraci\u00f3 de la castanyada"},"content":{"rendered":"<div class=\"\" data-block=\"true\" data-editor=\"dtfav\" data-offset-key=\"5edlj-0-0\">\n<div class=\"_1mf _1mj\" data-offset-key=\"5edlj-0-0\">\n<div class=\"\" data-block=\"true\" data-editor=\"dtfav\" data-offset-key=\"5edlj-0-0\">\n<div class=\"_1mf _1mj\" style=\"text-align: justify;\" data-offset-key=\"5edlj-0-0\"><span style=\"color: #000000;\"><span data-offset-key=\"5edlj-0-0\"> La <\/span><span class=\"diy96o5h\" spellcheck=\"false\" data-offset-key=\"5edlj-1-0\">Generalitat de Catalunya<\/span><span data-offset-key=\"5edlj-2-0\"> ha establert diverses recomanacions per a la celebraci\u00f3 de la <\/span>Castanyada.<\/span><\/div>\n<\/div>\n<div class=\"\" style=\"text-align: justify;\" data-block=\"true\" data-editor=\"dtfav\" data-offset-key=\"4iojh-0-0\">\n<div class=\"_1mf _1mj\" data-offset-key=\"4iojh-0-0\"><span style=\"color: #000000;\" data-offset-key=\"4iojh-0-0\">Recordeu que no es poden fer despla\u00e7aments ni circular per la via p\u00fablica entre les 22h i les 06h.<\/span><\/div>\n<div class=\"_1mf _1mj\" data-offset-key=\"4iojh-0-0\"><\/div>\n<div class=\"_1mf _1mj\" data-offset-key=\"4iojh-0-0\"><span style=\"color: #000000;\"><span data-offset-key=\"4iojh-0-0\">Per a m\u00e9s informaci\u00f3 accediu a l&#8217;enlla\u00e7: <\/span><a style=\"color: #000000;\" href=\"https:\/\/interior.gencat.cat\/ca\/arees_dactuacio\/proteccio_civil\/consells_autoproteccio_emergencia\/mes_consells_dautoproteccio\/Pautes-COVID-19-Tots-Sants\/index.html\" target=\"_blank\">https:\/\/interior.gencat.cat\/ca\/arees_dactuacio\/proteccio_civil\/consells_autoproteccio_emergencia\/mes_consells_dautoproteccio\/Pautes-COVID-19-Tots-Sants\/index.html<\/a><\/span><\/div>\n<\/div>\n<div class=\"\" style=\"text-align: justify;\" data-block=\"true\" data-editor=\"dtfav\" data-offset-key=\"5h2sh-0-0\">\n<div class=\"_1mf _1mj\" data-offset-key=\"5h2sh-0-0\"><span style=\"color: #000000;\" data-offset-key=\"5h2sh-0-0\">\u00a0<\/span><\/div>\n<\/div>\n<div class=\"\" style=\"text-align: justify;\" data-block=\"true\" data-editor=\"dtfav\" data-offset-key=\"npdn-0-0\">\n<div class=\"_1mf _1mj\" data-offset-key=\"npdn-0-0\">\n<hr \/>\n<p><span style=\"color: #000000;\" data-offset-key=\"npdn-0-0\"><br \/>\n<\/span><\/p>\n<\/div>\n<\/div>\n<div class=\"\" style=\"text-align: justify;\" data-block=\"true\" data-editor=\"dtfav\" data-offset-key=\"1v8n9-0-0\">\n<div class=\"_1mf _1mj\" data-offset-key=\"1v8n9-0-0\"><span style=\"color: #000000;\">La Generalitat de Catalunya ha establecido varias recomendaciones para la celebraci\u00f3n de la Casta\u00f1ada.<\/span><\/div>\n<\/div>\n<div class=\"\" style=\"text-align: justify;\" data-block=\"true\" data-editor=\"dtfav\" data-offset-key=\"93dpc-0-0\">\n<div class=\"_1mf _1mj\" data-offset-key=\"93dpc-0-0\"><span style=\"color: #000000;\" data-offset-key=\"93dpc-0-0\">Recordad que no se pueden hacer desplazamientos ni circular por la v\u00eda p\u00fablica entre las 22h y las 06h.<\/span><\/div>\n<div class=\"_1mf _1mj\" data-offset-key=\"93dpc-0-0\"><\/div>\n<div class=\"_1mf _1mj\" data-offset-key=\"93dpc-0-0\"><span style=\"color: #000000;\">Para m\u00e1s informaci\u00f3n, acceded al enlace: <a style=\"color: #000000;\" href=\"https:\/\/interior.gencat.cat\/ca\/arees_dactuacio\/proteccio_civil\/consells_autoproteccio_emergencia\/mes_consells_dautoproteccio\/Pautes-COVID-19-Tots-Sants\/index.html\" target=\"_blank\">https:\/\/interior.gencat.cat\/ca\/arees_dactuacio\/proteccio_civil\/consells_autoproteccio_emergencia\/mes_consells_dautoproteccio\/Pautes-COVID-19-Tots-Sants\/index.html<\/a><\/span><\/div>\n<div class=\"_1mf _1mj\" data-offset-key=\"93dpc-0-0\"><\/div>\n<\/div>\n<div class=\"_1mf _1mj\" data-offset-key=\"93dpc-0-0\"><a href=\"http:\/\/bisbalpenedes.com\/web\/wp-content\/uploads\/2020\/10\/RECOMANACIONS-CASTANYADA-1.jpeg\"><img loading=\"lazy\" class=\"aligncenter size-large wp-image-15207\" src=\"http:\/\/bisbalpenedes.com\/web\/wp-content\/uploads\/2020\/10\/RECOMANACIONS-CASTANYADA-1-1024x1024.jpeg\" alt=\"RECOMANACIONS CASTANYADA\" width=\"630\" height=\"630\" srcset=\"https:\/\/bisbalpenedes.com\/web\/wp-content\/uploads\/2020\/10\/RECOMANACIONS-CASTANYADA-1-1024x1024.jpeg 1024w, https:\/\/bisbalpenedes.com\/web\/wp-content\/uploads\/2020\/10\/RECOMANACIONS-CASTANYADA-1-300x300.jpeg 300w, https:\/\/bisbalpenedes.com\/web\/wp-content\/uploads\/2020\/10\/RECOMANACIONS-CASTANYADA-1-100x100.jpeg 100w, https:\/\/bisbalpenedes.com\/web\/wp-content\/uploads\/2020\/10\/RECOMANACIONS-CASTANYADA-1-600x600.jpeg 600w, https:\/\/bisbalpenedes.com\/web\/wp-content\/uploads\/2020\/10\/RECOMANACIONS-CASTANYADA-1-150x150.jpeg 150w, https:\/\/bisbalpenedes.com\/web\/wp-content\/uploads\/2020\/10\/RECOMANACIONS-CASTANYADA-1-768x768.jpeg 768w, https:\/\/bisbalpenedes.com\/web\/wp-content\/uploads\/2020\/10\/RECOMANACIONS-CASTANYADA-1.jpeg 1080w\" sizes=\"(max-width: 630px) 100vw, 630px\" \/><\/a><\/div>\n<div class=\"_1mf _1mj\" data-offset-key=\"93dpc-0-0\"><a href=\"http:\/\/bisbalpenedes.com\/web\/wp-content\/uploads\/2020\/10\/ELABORACIO-PANELLETS.jpeg\"><img loading=\"lazy\" class=\"aligncenter size-large wp-image-15035\" src=\"http:\/\/bisbalpenedes.com\/web\/wp-content\/uploads\/2020\/10\/ELABORACIO-PANELLETS-1024x1024.jpeg\" alt=\"ELABORACIO PANELLETS\" width=\"630\" height=\"630\" srcset=\"https:\/\/bisbalpenedes.com\/web\/wp-content\/uploads\/2020\/10\/ELABORACIO-PANELLETS-1024x1024.jpeg 1024w, https:\/\/bisbalpenedes.com\/web\/wp-content\/uploads\/2020\/10\/ELABORACIO-PANELLETS-300x300.jpeg 300w, https:\/\/bisbalpenedes.com\/web\/wp-content\/uploads\/2020\/10\/ELABORACIO-PANELLETS-100x100.jpeg 100w, https:\/\/bisbalpenedes.com\/web\/wp-content\/uploads\/2020\/10\/ELABORACIO-PANELLETS-600x600.jpeg 600w, https:\/\/bisbalpenedes.com\/web\/wp-content\/uploads\/2020\/10\/ELABORACIO-PANELLETS-150x150.jpeg 150w, https:\/\/bisbalpenedes.com\/web\/wp-content\/uploads\/2020\/10\/ELABORACIO-PANELLETS-768x768.jpeg 768w, https:\/\/bisbalpenedes.com\/web\/wp-content\/uploads\/2020\/10\/ELABORACIO-PANELLETS.jpeg 1080w\" sizes=\"(max-width: 630px) 100vw, 630px\" \/><\/a><\/div>\n<div class=\"_1mf _1mj\" data-offset-key=\"93dpc-0-0\"><a href=\"http:\/\/bisbalpenedes.com\/web\/wp-content\/uploads\/2020\/10\/CONFINAMENT-NOCTURN-CAT.jpeg\"><img loading=\"lazy\" class=\"aligncenter size-large wp-image-15208\" src=\"http:\/\/bisbalpenedes.com\/web\/wp-content\/uploads\/2020\/10\/CONFINAMENT-NOCTURN-CAT-724x1024.jpeg\" alt=\"CONFINAMENT NOCTURN CAT\" width=\"630\" height=\"891\" srcset=\"https:\/\/bisbalpenedes.com\/web\/wp-content\/uploads\/2020\/10\/CONFINAMENT-NOCTURN-CAT-724x1024.jpeg 724w, https:\/\/bisbalpenedes.com\/web\/wp-content\/uploads\/2020\/10\/CONFINAMENT-NOCTURN-CAT-600x849.jpeg 600w, https:\/\/bisbalpenedes.com\/web\/wp-content\/uploads\/2020\/10\/CONFINAMENT-NOCTURN-CAT-212x300.jpeg 212w, https:\/\/bisbalpenedes.com\/web\/wp-content\/uploads\/2020\/10\/CONFINAMENT-NOCTURN-CAT-768x1086.jpeg 768w, https:\/\/bisbalpenedes.com\/web\/wp-content\/uploads\/2020\/10\/CONFINAMENT-NOCTURN-CAT.jpeg 1414w\" sizes=\"(max-width: 630px) 100vw, 630px\" \/><\/a> <a href=\"http:\/\/bisbalpenedes.com\/web\/wp-content\/uploads\/2020\/10\/CONFINAMIENTO-NOCTURO-CAST.jpeg\"><img loading=\"lazy\" class=\"aligncenter size-large wp-image-15209\" src=\"http:\/\/bisbalpenedes.com\/web\/wp-content\/uploads\/2020\/10\/CONFINAMIENTO-NOCTURO-CAST-724x1024.jpeg\" alt=\"CONFINAMIENTO NOCTURO CAST\" width=\"630\" height=\"891\" srcset=\"https:\/\/bisbalpenedes.com\/web\/wp-content\/uploads\/2020\/10\/CONFINAMIENTO-NOCTURO-CAST-724x1024.jpeg 724w, https:\/\/bisbalpenedes.com\/web\/wp-content\/uploads\/2020\/10\/CONFINAMIENTO-NOCTURO-CAST-600x849.jpeg 600w, https:\/\/bisbalpenedes.com\/web\/wp-content\/uploads\/2020\/10\/CONFINAMIENTO-NOCTURO-CAST-212x300.jpeg 212w, https:\/\/bisbalpenedes.com\/web\/wp-content\/uploads\/2020\/10\/CONFINAMIENTO-NOCTURO-CAST-768x1086.jpeg 768w, https:\/\/bisbalpenedes.com\/web\/wp-content\/uploads\/2020\/10\/CONFINAMIENTO-NOCTURO-CAST.jpeg 1414w\" sizes=\"(max-width: 630px) 100vw, 630px\" \/><\/a><\/div>\n<\/div>\n<\/div>\n","protected":false},"excerpt":{"rendered":"<p>La Generalitat de Catalunya ha establert diverses recomanacions per a la celebraci\u00f3 de la Castanyada. Recordeu que no es poden fer despla\u00e7aments ni circular per la via p\u00fablica entre les &hellip; <a href=\"https:\/\/bisbalpenedes.com\/web\/2020\/10\/28\/una-castanyada-segura-recomanacions-en-la-celebracio-de-la-castanyada\/\" class=\"more-link\">Read More<\/a><\/p>\n","protected":false},"author":4,"featured_media":15207,"comment_status":"closed","ping_status":"closed","sticky":false,"template":"","format":"standard","meta":[],"categories":[4095,8,14],"tags":[4125,4126,2489],"_links":{"self":[{"href":"https:\/\/bisbalpenedes.com\/web\/wp-json\/wp\/v2\/posts\/15206"}],"collection":[{"href":"https:\/\/bisbalpenedes.com\/web\/wp-json\/wp\/v2\/posts"}],"about":[{"href":"https:\/\/bisbalpenedes.com\/web\/wp-json\/wp\/v2\/types\/post"}],"author":[{"embeddable":true,"href":"https:\/\/bisbalpenedes.com\/web\/wp-json\/wp\/v2\/users\/4"}],"replies":[{"embeddable":true,"href":"https:\/\/bisbalpenedes.com\/web\/wp-json\/wp\/v2\/comments?post=15206"}],"version-history":[{"count":4,"href":"https:\/\/bisbalpenedes.com\/web\/wp-json\/wp\/v2\/posts\/15206\/revisions"}],"predecessor-version":[{"id":15213,"href":"https:\/\/bisbalpenedes.com\/web\/wp-json\/wp\/v2\/posts\/15206\/revisions\/15213"}],"wp:featuredmedia":[{"embeddable":true,"href":"https:\/\/bisbalpenedes.com\/web\/wp-json\/wp\/v2\/media\/15207"}],"wp:attachment":[{"href":"https:\/\/bisbalpenedes.com\/web\/wp-json\/wp\/v2\/media?parent=15206"}],"wp:term":[{"taxonomy":"category","embeddable":true,"href":"https:\/\/bisbalpenedes.com\/web\/wp-json\/wp\/v2\/categories?post=15206"},{"taxonomy":"post_tag","embeddable":true,"href":"https:\/\/bisbalpenedes.com\/web\/wp-json\/wp\/v2\/tags?post=15206"}],"curies":[{"name":"wp","href":"https:\/\/api.w.org\/{rel}","templated":true}]}}